{"id":7414,"date":"2023-10-23T16:46:00","date_gmt":"2023-10-23T15:46:00","guid":{"rendered":"https:\/\/nakanarach.pl\/?p=7414"},"modified":"2023-11-03T09:14:58","modified_gmt":"2023-11-03T09:14:58","slug":"lot-z-problemami","status":"publish","type":"post","link":"https:\/\/nakanarach.pl\/index.php\/2023\/10\/23\/lot-z-problemami\/","title":{"rendered":"LOT Z PROBLEMAMI"},"content":{"rendered":"\n<p><strong>Jesieni\u0105 sprawdzili\u015bmy bezpo\u015brednie loty z Polski na Gran Canari\u0119. Wyb\u00f3r jest mniejszy ni\u017c latem, ale zostaje nam wylot z Warszawy, Katowic i Krakowa.<\/strong><\/p>\n\n\n\n<p>Na podr\u00f3\u017c wybrali\u015bmy najta\u0144sz\u0105 opcj\u0119. Z Gran Canarii do stolicy Ma\u0142opolski bilet na samolot tanimi liniami Ryanair\/Buzz kosztowa\u0142 na 21 pa\u017adzierniku 2023 roku zaledwie 37 Euro (ok. 170 z\u0142) w jedn\u0105 stron\u0119.<\/p>\n\n\n\n<p>Jednak lot &#8211; nie z winy przewo\u017anika &#8211; mia\u0142 przebieg z kilkoma problemami.<\/p>\n\n\n\n<p>Najpierw na tablicy pojawi\u0142a si\u0119 informacja, \u017ce samolot jest op\u00f3\u017aniony o kwadrans. W sumie nic wielkiego. Nast\u0119pnie pasa\u017cerowie musieli uda\u0107 si\u0119 do innego Gate\u2019u, ni\u017c wcze\u015bniej podawano, bo w kolejce stali jeszcze pasa\u017cerowie do Brukseli.<\/p>\n\n\n\n<p>Spore zamieszanie zrobi\u0142o si\u0119 przy wej\u015bciu do r\u0119kawa prowadz\u0105cego do samolotu. Najpierw wpuszczano ludzi jednym gatem, a po chwili &#8211; s\u0105siednim. Jednak ostatecznie wszyscy i tak t\u0142oczyli si\u0119 w jednym r\u0119kawie, bo wej\u015bcie do wskazanych miejsc na pok\u0142adzie si\u0119 wyd\u0142u\u017ca\u0142o. Pilot t\u0142umaczy\u0142, \u017ce linia lotnicza przekaza\u0142a informacj\u0119 do portu na Gran Canarii, \u017ce pojawi si\u0119 wi\u0119kszy samolot, ale przy hiszpa\u0144skiej biurokracji informacja jakby nie dotar\u0142a do celu.<\/p>\n\n\n\n<figure class=\"wp-block-image size-large\"><img fetchpriority=\"high\" decoding=\"async\" width=\"1024\" height=\"576\" src=\"https:\/\/nakanarach.pl\/wp-content\/uploads\/2023\/10\/Gran-Canaria-Rekaw-1024x576.jpg\" alt=\"\" class=\"wp-image-7415\" srcset=\"https:\/\/nakanarach.pl\/wp-content\/uploads\/2023\/10\/Gran-Canaria-Rekaw-1024x576.jpg 1024w, https:\/\/nakanarach.pl\/wp-content\/uploads\/2023\/10\/Gran-Canaria-Rekaw-300x169.jpg 300w, https:\/\/nakanarach.pl\/wp-content\/uploads\/2023\/10\/Gran-Canaria-Rekaw-768x432.jpg 768w, https:\/\/nakanarach.pl\/wp-content\/uploads\/2023\/10\/Gran-Canaria-Rekaw-1536x864.jpg 1536w, https:\/\/nakanarach.pl\/wp-content\/uploads\/2023\/10\/Gran-Canaria-Rekaw-2048x1152.jpg 2048w\" sizes=\"(max-width: 1024px) 100vw, 1024px\" \/><\/figure>\n\n\n\n<p>W ko\u0144cu uda\u0142o si\u0119 wej\u015b\u0107. Samolot by\u0142 praktycznie pe\u0142en ludzi, ale nie oby\u0142o si\u0119 bez kolejnych &nbsp;problem\u00f3w. Okaza\u0142o si\u0119, \u017ce niekt\u00f3rzy nie mog\u0105 siedzie\u0107 na miejscach wskazanych na bilecie. Niekt\u00f3rzy mieli pretensje do za\u0142ogi samolotu, a ci t\u0142umaczyli, \u017ce w zast\u0119pstwie przylecia\u0142 tu inny, wi\u0119kszy samolot z inn\u0105 konfiguracj\u0105 miejsc, co spowodowa\u0142o ma\u0142e zamieszanie.<\/p>\n\n\n\n<p>W trakcie lotu pilot t\u0142umaczy\u0142, \u017ce op\u00f3\u017anienie samolotu by\u0142o spowodowane z\u0142ymi warunkami pogodowymi po drodze i niespotykanym du\u017cym ruchem w powietrzu. Co\u015b w tym jest, bo przed i za naszym samolotem sta\u0142y w kolejce samoloty czekaj\u0105ce na odlot.<\/p>\n\n\n\n<p>W trakcie lotu dosz\u0142o do incydentu medycznego na pok\u0142adzie samolotu z Gran Canarii do Krakowa.<\/p>\n\n\n\n<p>Jeden ze starszych m\u0119\u017cczyzn \u017ale si\u0119 poczu\u0142 i dwukrotnie trzeba by\u0142o podawa\u0107 mu tlen. Pomocy udzielali te\u017c lekarze, kt\u00f3rzy akurat byli w samolocie.<\/p>\n\n\n\n<p>Po wyl\u0105dowaniu z oko\u0142o 20-minutowym op\u00f3\u017anieniem Krak\u00f3w przywita\u0142 nas deszczem. Na lotnisku czeka\u0142a ju\u017c karetka pogotowia, kt\u00f3ra zaopiekowa\u0142a si\u0119 natychmiast wymagaj\u0105cym pomocy pasa\u017cerem. &nbsp;&nbsp;&nbsp;&nbsp;&nbsp;<\/p>\n\n\n\n<figure class=\"wp-block-image size-large\"><img decoding=\"async\" width=\"1024\" height=\"576\" src=\"https:\/\/nakanarach.pl\/wp-content\/uploads\/2023\/10\/Lotnisko-Krakow-Karetka-2-1024x576.jpg\" alt=\"\" class=\"wp-image-7416\" srcset=\"https:\/\/nakanarach.pl\/wp-content\/uploads\/2023\/10\/Lotnisko-Krakow-Karetka-2-1024x576.jpg 1024w, https:\/\/nakanarach.pl\/wp-content\/uploads\/2023\/10\/Lotnisko-Krakow-Karetka-2-300x169.jpg 300w, https:\/\/nakanarach.pl\/wp-content\/uploads\/2023\/10\/Lotnisko-Krakow-Karetka-2-768x432.jpg 768w, https:\/\/nakanarach.pl\/wp-content\/uploads\/2023\/10\/Lotnisko-Krakow-Karetka-2-1536x864.jpg 1536w, https:\/\/nakanarach.pl\/wp-content\/uploads\/2023\/10\/Lotnisko-Krakow-Karetka-2-2048x1152.jpg 2048w\" sizes=\"(max-width: 1024px) 100vw, 1024px\" \/><\/figure>\n\n\n\n<p>Wra\u017cenia og\u00f3lne i tak pozostaj\u0105 dobre. Przede wszystkim ze wzgl\u0119du na profesjonalne podej\u015bcie steward\u00f3w i pilot\u00f3w linii Buzz, kt\u00f3rzy doskonale poradzili si\u0119 w tych kilku trudnych sytuacjach. &nbsp;&nbsp;<\/p>\n\n\n\n<figure class=\"wp-block-image size-large\"><img decoding=\"async\" width=\"1024\" height=\"576\" src=\"https:\/\/nakanarach.pl\/wp-content\/uploads\/2023\/10\/Lotnisko-Krakow-1024x576.jpg\" alt=\"\" class=\"wp-image-7417\" srcset=\"https:\/\/nakanarach.pl\/wp-content\/uploads\/2023\/10\/Lotnisko-Krakow-1024x576.jpg 1024w, https:\/\/nakanarach.pl\/wp-content\/uploads\/2023\/10\/Lotnisko-Krakow-300x169.jpg 300w, https:\/\/nakanarach.pl\/wp-content\/uploads\/2023\/10\/Lotnisko-Krakow-768x432.jpg 768w, https:\/\/nakanarach.pl\/wp-content\/uploads\/2023\/10\/Lotnisko-Krakow-1536x864.jpg 1536w, https:\/\/nakanarach.pl\/wp-content\/uploads\/2023\/10\/Lotnisko-Krakow-2048x1152.jpg 2048w\" sizes=\"(max-width: 1024px) 100vw, 1024px\" \/><\/figure>\n\n\n\n<p class=\"has-small-font-size\">Foto: NaKanarach.pl<\/p>\n","protected":false},"excerpt":{"rendered":"<p>Jesieni\u0105 sprawdzili\u015bmy bezpo\u015brednie loty z Polski na Gran Canari\u0119. Wyb\u00f3r jest mniejszy ni\u017c latem, ale zostaje nam wylot z Warszawy, Katowic i Krakowa. Na podr\u00f3\u017c wybrali\u015bmy najta\u0144sz\u0105 opcj\u0119. Z Gran Canarii do stolicy Ma\u0142opolski bilet na samolot tanimi liniami Ryanair\/Buzz kosztowa\u0142 na 21 pa\u017adzierniku 2023 roku zaledwie 37 Euro (ok. 170 z\u0142) w jedn\u0105 stron\u0119. [&hellip;]<\/p>\n","protected":false},"author":4,"featured_media":7418,"comment_status":"closed","ping_status":"open","sticky":false,"template":"","format":"standard","meta":{"om_disable_all_campaigns":false,"_monsterinsights_skip_tracking":false,"_monsterinsights_sitenote_active":false,"_monsterinsights_sitenote_note":"","_monsterinsights_sitenote_category":0,"footnotes":""},"categories":[75,17],"tags":[],"class_list":["post-7414","post","type-post","status-publish","format-standard","has-post-thumbnail","hentry","category-ciekawostki","category-turystyka"],"aioseo_notices":[],"blog_post_layout_featured_media_urls":{"thumbnail":["https:\/\/nakanarach.pl\/wp-content\/uploads\/2023\/10\/Lotnisko-Krakow-Karetka-1-150x150.jpg",150,150,true],"full":["https:\/\/nakanarach.pl\/wp-content\/uploads\/2023\/10\/Lotnisko-Krakow-Karetka-1-scaled.jpg",2560,1440,false]},"categories_names":{"75":{"name":"Ciekawostki","link":"https:\/\/nakanarach.pl\/index.php\/category\/ciekawostki\/"},"17":{"name":"Turystyka","link":"https:\/\/nakanarach.pl\/index.php\/category\/turystyka\/"}},"tags_names":[],"comments_number":"0","wpmagazine_modules_lite_featured_media_urls":{"thumbnail":["https:\/\/nakanarach.pl\/wp-content\/uploads\/2023\/10\/Lotnisko-Krakow-Karetka-1-150x150.jpg",150,150,true],"cvmm-medium":["https:\/\/nakanarach.pl\/wp-content\/uploads\/2023\/10\/Lotnisko-Krakow-Karetka-1-300x300.jpg",300,300,true],"cvmm-medium-plus":["https:\/\/nakanarach.pl\/wp-content\/uploads\/2023\/10\/Lotnisko-Krakow-Karetka-1-305x207.jpg",305,207,true],"cvmm-portrait":["https:\/\/nakanarach.pl\/wp-content\/uploads\/2023\/10\/Lotnisko-Krakow-Karetka-1-400x600.jpg",400,600,true],"cvmm-medium-square":["https:\/\/nakanarach.pl\/wp-content\/uploads\/2023\/10\/Lotnisko-Krakow-Karetka-1-600x600.jpg",600,600,true],"cvmm-large":["https:\/\/nakanarach.pl\/wp-content\/uploads\/2023\/10\/Lotnisko-Krakow-Karetka-1-1024x1024.jpg",1024,1024,true],"cvmm-small":["https:\/\/nakanarach.pl\/wp-content\/uploads\/2023\/10\/Lotnisko-Krakow-Karetka-1-130x95.jpg",130,95,true],"full":["https:\/\/nakanarach.pl\/wp-content\/uploads\/2023\/10\/Lotnisko-Krakow-Karetka-1-scaled.jpg",2560,1440,false]},"_links":{"self":[{"href":"https:\/\/nakanarach.pl\/index.php\/wp-json\/wp\/v2\/posts\/7414","targetHints":{"allow":["GET"]}}],"collection":[{"href":"https:\/\/nakanarach.pl\/index.php\/wp-json\/wp\/v2\/posts"}],"about":[{"href":"https:\/\/nakanarach.pl\/index.php\/wp-json\/wp\/v2\/types\/post"}],"author":[{"embeddable":true,"href":"https:\/\/nakanarach.pl\/index.php\/wp-json\/wp\/v2\/users\/4"}],"replies":[{"embeddable":true,"href":"https:\/\/nakanarach.pl\/index.php\/wp-json\/wp\/v2\/comments?post=7414"}],"version-history":[{"count":2,"href":"https:\/\/nakanarach.pl\/index.php\/wp-json\/wp\/v2\/posts\/7414\/revisions"}],"predecessor-version":[{"id":7453,"href":"https:\/\/nakanarach.pl\/index.php\/wp-json\/wp\/v2\/posts\/7414\/revisions\/7453"}],"wp:featuredmedia":[{"embeddable":true,"href":"https:\/\/nakanarach.pl\/index.php\/wp-json\/wp\/v2\/media\/7418"}],"wp:attachment":[{"href":"https:\/\/nakanarach.pl\/index.php\/wp-json\/wp\/v2\/media?parent=7414"}],"wp:term":[{"taxonomy":"category","embeddable":true,"href":"https:\/\/nakanarach.pl\/index.php\/wp-json\/wp\/v2\/categories?post=7414"},{"taxonomy":"post_tag","embeddable":true,"href":"https:\/\/nakanarach.pl\/index.php\/wp-json\/wp\/v2\/tags?post=7414"}],"curies":[{"name":"wp","href":"https:\/\/api.w.org\/{rel}","templated":true}]}}