{"id":752,"date":"2021-07-01T08:57:00","date_gmt":"2021-07-01T07:57:00","guid":{"rendered":"http:\/\/nakanarach.pl\/?p=752"},"modified":"2021-10-01T10:46:01","modified_gmt":"2021-10-01T09:46:01","slug":"czy-wulkany-zagrazaja-kanarom","status":"publish","type":"post","link":"https:\/\/nakanarach.pl\/index.php\/2021\/07\/01\/czy-wulkany-zagrazaja-kanarom\/","title":{"rendered":"CZY WULKANY ZAGRA\u017bAJ\u0104 KANAROM?"},"content":{"rendered":"\n<p><strong>Hiszpa\u0144ski Narodowy Instytut Geograficzny (IGN) informuje, \u017ce od kilku lat wzrasta aktywno\u015b\u0107 sejsmiczna na popularnych, tak\u017ce w\u015br\u00f3d polskich turyst\u00f3w, Wyspach Kanaryjskich. Dane zebrane przez sejsmolog\u00f3w s\u0105 niepokoj\u0105ce.<\/strong><\/p>\n\n\n\n<p>Instytut poinformowa\u0142, \u017ce tylko w marcu&nbsp;2021 r. na obszarze Wysp Kanaryjskich&nbsp;wyst\u0105pi\u0142o \u0142\u0105cznie&nbsp;138 trz\u0119sie\u0144 ziemi&nbsp;o maksymalnej sile 3,3 mbLg, kt\u00f3re pojawi\u0142o si\u0119 na g\u0142\u0119boko\u015bci 26 km z epicentrum w oceanie, 200 km na p\u00f3\u0142noc od Teneryfy.  Dla por\u00f3wnania w 2016 rok odnotowano na wyspach 388 trz\u0119sie\u0144 ziemi o r\u00f3\u017cnej intensywno\u015bci. W 2017 roku by\u0142o ich ju\u017c 1100. Najgorzej by\u0142o w 2018 roku, kiedy to pojawi\u0142o si\u0119 1527 wstrz\u0105s\u00f3w. Najwi\u0119cej z nich pojawia si\u0119 na La Palmie i El Hierro. Najbezpieczniej pod tym wzgl\u0119dem jest na wyspach: Gran Canaria, La Gomera,&nbsp;Fuerteventura i Lanzarote. Nie lepiej by\u0142o te\u017c rok wcze\u015bniej, co pokazuje grafika opublikowana na kanale YouTube.<\/p>\n\n\n\n<figure class=\"wp-block-embed is-type-video is-provider-youtube wp-block-embed-youtube wp-embed-aspect-16-9 wp-has-aspect-ratio\"><div class=\"wp-block-embed__wrapper\">\n<iframe title=\"Sismicidad en Canarias 2020 - Instituto Geogr\u00e1fico Nacional\" width=\"640\" height=\"360\" src=\"https:\/\/www.youtube.com\/embed\/2XTDiIk8Qr8?feature=oembed\" frameborder=\"0\" allow=\"accelerometer; autoplay; clipboard-write; encrypted-media; gyroscope; picture-in-picture; web-share\" referrerpolicy=\"strict-origin-when-cross-origin\" allowfullscreen><\/iframe>\n<\/div><\/figure>\n\n\n\n<p class=\"has-luminous-vivid-orange-color has-text-color has-medium-font-size\"><strong>TENERYFA <\/strong><\/p>\n\n\n\n<p class=\"has-normal-font-size\"><strong>Pico del Teide<\/strong>&nbsp;\u2013 to najwy\u017cszy szczyt wulkaniczny na Wyspach Kanaryjskich oraz w ca\u0142ej Hiszpanii. Si\u0119ga do wysoko\u015bci 3718 m n.p.m. i 7500 metr\u00f3w od dna oceanu. G\u00f3ra ma kszta\u0142t sto\u017cka i powsta\u0142a w miejscu wybuchu wulkanu z produkt\u00f3w jego erupcji. Jest to wulkan czynny, ale ostatnia erupcja wyst\u0105pi\u0142a w 1909 roku. <strong>Teide<\/strong>&nbsp;(<em>Echeyde<\/em>) pierwsi mieszka\u0144cy Teneryfy Guanczowie uznawali za \u015bwi\u0119t\u0105 g\u00f3r\u0119 z siedzib\u0105 bog\u00f3w, podobnie jak Olimp by\u0142 wa\u017cny dla staro\u017cytnych Grek\u00f3w. <\/p>\n\n\n\n<p class=\"has-luminous-vivid-orange-color has-text-color has-medium-font-size\"><strong>GRAN CANARIA<\/strong><\/p>\n\n\n\n<p>Na wyspie najbardziej wysuni\u0119tej na po\u0142udnie archipelagu nie ma czynnych ani u\u015bpionych wulkan\u00f3w. Ostatnia aktywno\u015b\u0107 sejsmiczna wyst\u0105pi\u0142a tu ponad 11 tysi\u0119cy lat temu. Wtedy dosz\u0142o do erupcji wulkanu Bandama i&nbsp;powsta\u0142a rozleg\u0142a tzw. kaldera, czyli wielka dziura na&nbsp;szczycie wulkanu, maj\u0105ca ok. 1 km \u015brednicy i&nbsp;oko\u0142o 200 m g\u0142\u0119boko\u015bci.&nbsp;Wulkany na Gran Canarii znajduj\u0105 si\u0119 w g\u00f3rskich partiach regionu Moya: El Monta\u00f1\u00f3n Negro i Caldera de Los Pinos. <\/p>\n\n\n\n<p class=\"has-luminous-vivid-orange-color has-text-color has-medium-font-size\"><strong>LA PALMA<\/strong><\/p>\n\n\n\n<p><strong>Cumbre Vieja<\/strong>\u00a0to wci\u0105\u017c aktywny, ale do wrze\u015bnia 2021 roku by\u0142 to u\u015bpiony wulkaniczny grzbiet, kt\u00f3ry\u00a0rozci\u0105ga si\u0119 przez ca\u0142\u0105 wysp\u0119 La Palma. G\u00f3ra dzieli  j\u0105 na dwie cz\u0119\u015bci, w ka\u017cdej jest inna strefa klimatyczna. Od kilku lat badacze notowali tu cz\u0119ste wstrz\u0105sy, nazywane tak\u017ce rojami. G\u0142\u0119boko\u015b\u0107 ognisk systematycznie zmniejsza\u0142a si\u0119 w trakcie serii wstrz\u0105s\u00f3w, co oznacza, \u017ce magma przemieszcza\u0142a si\u0119 w stron\u0119 powierzchni. Naukowcy uwa\u017caj\u0105,\u00a0\u017ce seria trz\u0119sie\u0144 ziemi s\u0105 raczej czym\u015b normalnym dla aktywnych wulkan\u00f3w i nie oznacza to, \u017ce b\u0142yskawicznie dojdzie do erupcji. O aktywno\u015bci wulkanu \u015bwiadczy te\u017c powi\u0119kszaj\u0105ca si\u0119 szczelina w sto\u017cku wulkanicznym, kt\u00f3ra ma \u015brednic\u0119 2 metr\u00f3w. Zdaniem ameryka\u0144skich naukowc\u00f3w erupcja\u00a0Cumbre Vieja mo\u017ce doprowadzi\u0107 do osuni\u0119cia si\u0119 skalnego zbocza wulkanu do Atlantyku. To z kolei mo\u017ce spowodowa\u0107 wysokie fale tsunami dochodz\u0105ce do 1 km i\u00a0podtopienie znacznych teren\u00f3w wschodnich wybrze\u017cy\u00a0Ameryki P\u00f3\u0142nocnej\u00a0i\u00a0Po\u0142udniowej. Wulkan Cumbre Vieja wybucha\u0142 w 1949 roku, a nast\u0119pnie w 1971 roku, niszcz\u0105c spore obszary wyspy. Podobnie sta\u0142o si\u0119 w 2021 roku. <\/p>\n\n\n\n<p class=\"has-luminous-vivid-orange-color has-text-color has-medium-font-size\"><strong>EL HIERRO <\/strong><\/p>\n\n\n\n<p>W 2011 r. zanotowano wi\u0119ksz\u0105 aktywno\u015b\u0107 sejsmiczn\u0105 <strong>Volcan de Lomo Negro <\/strong>na El Hierro. Ostatnio wybuch nast\u0105pi\u0142 w 1973 r. W ostatnim dziesi\u0119cioleciu pojawi\u0142o si\u0119 9 tys. wstrz\u0105s\u00f3w, z czego ponad 50 by\u0142o odczuwalne dla mieszka\u0144c\u00f3w. Z tego powodu zamkni\u0119to wszystkie instytucje publiczne i tunel \u0142\u0105cz\u0105cy dwa miasta na wyspie. W ostatnich latach uaktywnia\u0142 si\u0119 podmorski wulkan, produkuj\u0105c spore ilo\u015bci lawy. Ewakuowano 10 tys. mieszka\u0144c\u00f3w La Restinga, ze wzgl\u0119du na zagro\u017cenie powstania tsunami. Wulkan jednak uspokoi\u0142 si\u0119. Naukowcy nie wykluczaj\u0105 jednak, \u017ce w najbli\u017cszym czasie mo\u017ce doj\u015b\u0107 do&nbsp;erupcji wulkanu. Najwi\u0119kszy wybuch wulkanu Hierro by\u0142 50 tysi\u0119cy lat temu i spowodowa\u0142o to olbrzymie tsunami, kt\u00f3re dotar\u0142o a\u017c do wybrze\u017cy Ameryki. <\/p>\n\n\n\n<p class=\"has-luminous-vivid-orange-color has-text-color has-medium-font-size\"><strong>LANZAROTE<\/strong><\/p>\n\n\n\n<p>Wyspa Lanzarote uczyni\u0142a z wulkan\u00f3w jedn\u0105 z najwi\u0119kszych atrakcji turystycznych. W restauracji&nbsp;<strong>El Diablo<\/strong>, czyli s\u0142ynnej restauracji wulkanicznej, posi\u0142ki s\u0105 przygotowywane bez pr\u0105du i gazu, korzystaj\u0105c jedynie z ciep\u0142a wulkanu.&nbsp;Restauracj\u0119 zbudowano wok\u00f3\u0142 uj\u015bcia wulkanu. Nie mo\u017cna by\u0142o po\u0142o\u017cy\u0107 fundament\u00f3w pod budynek, dlatego zbudowano go na p\u0142ytach bazaltowej ska\u0142y. Zaledwie sze\u015b\u0107 st\u00f3p pod restauracj\u0105 znajduje si\u0119 basen lawy o temperaturze dochodz\u0105cej do 400 stopni Celsjusza.<\/p>\n\n\n\n<p>Kolejn\u0105 atrakcj\u0105 Lanzarote jest <strong>Jameos del Aqua<\/strong>, czyli jaskinia, kt\u00f3r\u0105 rozgrzana lawa przedostawa\u0142a si\u0119 do oceanu. Zaprojektowa\u0142 j\u0105 znany architekt Manriquez. Pokonuj\u0105c schody trafiamy 10 metr\u00f3w pod ziemi\u0119 do wej\u015bcia do wulkanicznego tunelu. Na pocz\u0105tku i ko\u0144cu powsta\u0142y bary. Id\u0105c tunelem dotrzemy do wulkanicznej groty, w kt\u00f3rej znajduje si\u0119 basen (z zakazem k\u0105pieli) oraz ogr\u00f3d z egzotycznymi ro\u015blinami. Kawa\u0142ek dalej, w jednej z grot, powsta\u0142o te\u017c audytorium, czyli 600-osobowa sala koncertowa z doskona\u0142\u0105 akustyk\u0105 i jest miejscem do imprez. W pobli\u017cu znajduj\u0105 si\u0119 te\u017c tarasy widokowe, sk\u0105d wida\u0107 jaskinie Jameos del Aqua oraz pobliski ocean. Przy okazji warto te\u017c odwiedzi\u0107 interaktywne muzeum wulkan\u00f3w.<\/p>\n\n\n\n<figure class=\"wp-block-image size-large\"><img fetchpriority=\"high\" decoding=\"async\" width=\"1024\" height=\"576\" src=\"http:\/\/nakanarach.pl\/wp-content\/uploads\/2021\/04\/175327570_478812069835841_8811852873057237209_n-1024x576.jpg\" alt=\"\" class=\"wp-image-963\" srcset=\"https:\/\/nakanarach.pl\/wp-content\/uploads\/2021\/04\/175327570_478812069835841_8811852873057237209_n-1024x576.jpg 1024w, https:\/\/nakanarach.pl\/wp-content\/uploads\/2021\/04\/175327570_478812069835841_8811852873057237209_n-300x169.jpg 300w, https:\/\/nakanarach.pl\/wp-content\/uploads\/2021\/04\/175327570_478812069835841_8811852873057237209_n-768x432.jpg 768w, https:\/\/nakanarach.pl\/wp-content\/uploads\/2021\/04\/175327570_478812069835841_8811852873057237209_n-1536x864.jpg 1536w, https:\/\/nakanarach.pl\/wp-content\/uploads\/2021\/04\/175327570_478812069835841_8811852873057237209_n.jpg 1728w\" sizes=\"(max-width: 1024px) 100vw, 1024px\" \/><figcaption>Wschodnie Wyspy Kanaryjskie widziane z samolotu<\/figcaption><\/figure>\n\n\n\n<p><br><\/p>\n","protected":false},"excerpt":{"rendered":"<p>Hiszpa\u0144ski Narodowy Instytut Geograficzny (IGN) informuje, \u017ce od kilku lat wzrasta aktywno\u015b\u0107 sejsmiczna na popularnych, tak\u017ce w\u015br\u00f3d polskich turyst\u00f3w, Wyspach Kanaryjskich. Dane zebrane przez sejsmolog\u00f3w s\u0105 niepokoj\u0105ce. Instytut poinformowa\u0142, \u017ce tylko w marcu&nbsp;2021 r. na obszarze Wysp Kanaryjskich&nbsp;wyst\u0105pi\u0142o \u0142\u0105cznie&nbsp;138 trz\u0119sie\u0144 ziemi&nbsp;o maksymalnej sile 3,3 mbLg, kt\u00f3re pojawi\u0142o si\u0119 na g\u0142\u0119boko\u015bci 26 km z epicentrum w [&hellip;]<\/p>\n","protected":false},"author":2,"featured_media":880,"comment_status":"closed","ping_status":"closed","sticky":false,"template":"","format":"standard","meta":{"om_disable_all_campaigns":false,"_monsterinsights_skip_tracking":false,"_monsterinsights_sitenote_active":false,"_monsterinsights_sitenote_note":"","_monsterinsights_sitenote_category":0,"footnotes":""},"categories":[76],"tags":[],"class_list":["post-752","post","type-post","status-publish","format-standard","has-post-thumbnail","hentry","category-wulkany"],"aioseo_notices":[],"blog_post_layout_featured_media_urls":{"thumbnail":["https:\/\/nakanarach.pl\/wp-content\/uploads\/2021\/04\/Trzesienia-ziemi-150x150.png",150,150,true],"full":["https:\/\/nakanarach.pl\/wp-content\/uploads\/2021\/04\/Trzesienia-ziemi.png",472,293,false]},"categories_names":{"76":{"name":"Wulkany","link":"https:\/\/nakanarach.pl\/index.php\/category\/turystyka\/wulkany\/"}},"tags_names":[],"comments_number":"0","wpmagazine_modules_lite_featured_media_urls":{"thumbnail":["https:\/\/nakanarach.pl\/wp-content\/uploads\/2021\/04\/Trzesienia-ziemi-150x150.png",150,150,true],"cvmm-medium":["https:\/\/nakanarach.pl\/wp-content\/uploads\/2021\/04\/Trzesienia-ziemi-300x293.png",300,293,true],"cvmm-medium-plus":["https:\/\/nakanarach.pl\/wp-content\/uploads\/2021\/04\/Trzesienia-ziemi-305x207.png",305,207,true],"cvmm-portrait":["https:\/\/nakanarach.pl\/wp-content\/uploads\/2021\/04\/Trzesienia-ziemi-400x293.png",400,293,true],"cvmm-medium-square":["https:\/\/nakanarach.pl\/wp-content\/uploads\/2021\/04\/Trzesienia-ziemi.png",472,293,false],"cvmm-large":["https:\/\/nakanarach.pl\/wp-content\/uploads\/2021\/04\/Trzesienia-ziemi.png",472,293,false],"cvmm-small":["https:\/\/nakanarach.pl\/wp-content\/uploads\/2021\/04\/Trzesienia-ziemi-130x95.png",130,95,true],"full":["https:\/\/nakanarach.pl\/wp-content\/uploads\/2021\/04\/Trzesienia-ziemi.png",472,293,false]},"_links":{"self":[{"href":"https:\/\/nakanarach.pl\/index.php\/wp-json\/wp\/v2\/posts\/752","targetHints":{"allow":["GET"]}}],"collection":[{"href":"https:\/\/nakanarach.pl\/index.php\/wp-json\/wp\/v2\/posts"}],"about":[{"href":"https:\/\/nakanarach.pl\/index.php\/wp-json\/wp\/v2\/types\/post"}],"author":[{"embeddable":true,"href":"https:\/\/nakanarach.pl\/index.php\/wp-json\/wp\/v2\/users\/2"}],"replies":[{"embeddable":true,"href":"https:\/\/nakanarach.pl\/index.php\/wp-json\/wp\/v2\/comments?post=752"}],"version-history":[{"count":10,"href":"https:\/\/nakanarach.pl\/index.php\/wp-json\/wp\/v2\/posts\/752\/revisions"}],"predecessor-version":[{"id":2911,"href":"https:\/\/nakanarach.pl\/index.php\/wp-json\/wp\/v2\/posts\/752\/revisions\/2911"}],"wp:featuredmedia":[{"embeddable":true,"href":"https:\/\/nakanarach.pl\/index.php\/wp-json\/wp\/v2\/media\/880"}],"wp:attachment":[{"href":"https:\/\/nakanarach.pl\/index.php\/wp-json\/wp\/v2\/media?parent=752"}],"wp:term":[{"taxonomy":"category","embeddable":true,"href":"https:\/\/nakanarach.pl\/index.php\/wp-json\/wp\/v2\/categories?post=752"},{"taxonomy":"post_tag","embeddable":true,"href":"https:\/\/nakanarach.pl\/index.php\/wp-json\/wp\/v2\/tags?post=752"}],"curies":[{"name":"wp","href":"https:\/\/api.w.org\/{rel}","templated":true}]}}