{"id":7548,"date":"2023-11-19T11:42:58","date_gmt":"2023-11-19T11:42:58","guid":{"rendered":"https:\/\/nakanarach.pl\/?p=7548"},"modified":"2023-11-19T13:22:28","modified_gmt":"2023-11-19T13:22:28","slug":"maraton-na-gran-canarii","status":"publish","type":"post","link":"https:\/\/nakanarach.pl\/index.php\/2023\/11\/19\/maraton-na-gran-canarii\/","title":{"rendered":"MARATON NA GRAN CANARII (VIDEO)"},"content":{"rendered":"\n<p><strong>19 listopada 2023 roku odby\u0142 si\u0119<\/strong>\u00a0<strong>najdalej wysuni\u0119ty na po\u0142udnie maraton w Europie. Podobnie jak w latach poprzednich miejscem jego organizacji jest kanaryjska wyspa Gran Canaria.<\/strong><\/p>\n\n\n\n<p>Maspalomas Marathon odbywa si\u0119 co roku na dystansie 42,195 km, minimalna wysoko\u015b\u0107 na trasie wynosi 4 metry, a maksymalna 35 metr\u00f3w. Biegacze pojawiaj\u0105 si\u0119 na ulicach po\u0142udnia wyspy w Maspalomas i s\u0105siedniej miejscowo\u015bci Meloneras.<\/p>\n\n\n\n<figure class=\"wp-block-gallery has-nested-images columns-default is-cropped wp-block-gallery-1 is-layout-flex wp-block-gallery-is-layout-flex\">\n<figure class=\"wp-block-image size-large\"><img fetchpriority=\"high\" decoding=\"async\" width=\"1024\" height=\"576\" data-id=\"7553\" src=\"https:\/\/nakanarach.pl\/wp-content\/uploads\/2023\/11\/Maraton2-2023-1024x576.jpg\" alt=\"\" class=\"wp-image-7553\" srcset=\"https:\/\/nakanarach.pl\/wp-content\/uploads\/2023\/11\/Maraton2-2023-1024x576.jpg 1024w, https:\/\/nakanarach.pl\/wp-content\/uploads\/2023\/11\/Maraton2-2023-300x169.jpg 300w, https:\/\/nakanarach.pl\/wp-content\/uploads\/2023\/11\/Maraton2-2023-768x432.jpg 768w, https:\/\/nakanarach.pl\/wp-content\/uploads\/2023\/11\/Maraton2-2023-1536x864.jpg 1536w, https:\/\/nakanarach.pl\/wp-content\/uploads\/2023\/11\/Maraton2-2023-2048x1152.jpg 2048w\" sizes=\"(max-width: 1024px) 100vw, 1024px\" \/><\/figure>\n\n\n\n<figure class=\"wp-block-image size-large\"><img decoding=\"async\" width=\"1024\" height=\"576\" data-id=\"7554\" src=\"https:\/\/nakanarach.pl\/wp-content\/uploads\/2023\/11\/Maraton1-2023-1024x576.jpg\" alt=\"\" class=\"wp-image-7554\" srcset=\"https:\/\/nakanarach.pl\/wp-content\/uploads\/2023\/11\/Maraton1-2023-1024x576.jpg 1024w, https:\/\/nakanarach.pl\/wp-content\/uploads\/2023\/11\/Maraton1-2023-300x169.jpg 300w, https:\/\/nakanarach.pl\/wp-content\/uploads\/2023\/11\/Maraton1-2023-768x432.jpg 768w, https:\/\/nakanarach.pl\/wp-content\/uploads\/2023\/11\/Maraton1-2023-1536x864.jpg 1536w, https:\/\/nakanarach.pl\/wp-content\/uploads\/2023\/11\/Maraton1-2023-2048x1152.jpg 2048w\" sizes=\"(max-width: 1024px) 100vw, 1024px\" \/><\/figure>\n\n\n\n<figure class=\"wp-block-image size-large\"><img decoding=\"async\" width=\"1024\" height=\"576\" data-id=\"7555\" src=\"https:\/\/nakanarach.pl\/wp-content\/uploads\/2023\/11\/Maraton3-2023-1024x576.jpg\" alt=\"\" class=\"wp-image-7555\" srcset=\"https:\/\/nakanarach.pl\/wp-content\/uploads\/2023\/11\/Maraton3-2023-1024x576.jpg 1024w, https:\/\/nakanarach.pl\/wp-content\/uploads\/2023\/11\/Maraton3-2023-300x169.jpg 300w, https:\/\/nakanarach.pl\/wp-content\/uploads\/2023\/11\/Maraton3-2023-768x432.jpg 768w, https:\/\/nakanarach.pl\/wp-content\/uploads\/2023\/11\/Maraton3-2023-1536x864.jpg 1536w, https:\/\/nakanarach.pl\/wp-content\/uploads\/2023\/11\/Maraton3-2023-2048x1152.jpg 2048w\" sizes=\"(max-width: 1024px) 100vw, 1024px\" \/><\/figure>\n<\/figure>\n\n\n\n<p>Organizatorzy informuj\u0105, \u017ce listopad to idealny miesi\u0105c dla biegaczy na Wyspach Kanaryjskich, gdy\u017c nie jest w\u00f3wczas zbyt gor\u0105co, a termometry w ci\u0105gu dnia pokazuj\u0105 nieco powy\u017cej 20 stopni Celsjusza, chocia\u017c w tym roku temperatury s\u0105 wy\u017csze ni\u017c zazwyczaj. Zawodnicy pobiegn\u0105 czuj\u0105c morsk\u0105 bryz\u0119 podczas przyjemnej jesieni na po\u0142udniu tej wyspy.<\/p>\n\n\n\n<p>W 2023 roku \u0142\u0105cznie zarejestrowa\u0142o si\u0119 prawie 2500 zawodnik\u00f3w, \u017ce czego 942 osoby zg\u0142osi\u0142y si\u0119 na pe\u0142n\u0105 tras\u0119 42-kilometrow\u0105, a pozostali na kr\u00f3tsze dystanse biegu.\u00a0Uczestniczyli w nim r\u00f3wnie\u017c rowerzy\u015bci oraz osoby niepe\u0142nosprawne na w\u00f3zkach inwalidzkich. Oko\u0142o 40% uczestnik\u00f3w pochodzi spoza wyspy Gran Canaria.\u00a0W\u015br\u00f3d g\u0142\u00f3wnych kraj\u00f3w pochodzenia s\u0105 Hiszpania W\u0142ochy, Niemcy, Wielka Brytania, Szwecja oraz Polska. <\/p>\n\n\n\n<p><strong>ZOBACZ VIDEO I SUBSKRYBUJ NASZ KANA\u0141 NA YOU TUBE: <\/strong><\/p>\n\n\n\n<figure class=\"wp-block-embed is-type-rich is-provider-obs-uga-osadzania wp-block-embed-obs-uga-osadzania wp-embed-aspect-16-9 wp-has-aspect-ratio\"><div class=\"wp-block-embed__wrapper\">\n<iframe title=\"GRAN CANARIA MASPALOMAS MARATHON 2023\" width=\"640\" height=\"360\" src=\"https:\/\/www.youtube.com\/embed\/-uP9YywxywQ?feature=oembed\" frameborder=\"0\" allow=\"accelerometer; autoplay; clipboard-write; encrypted-media; gyroscope; picture-in-picture; web-share\" referrerpolicy=\"strict-origin-when-cross-origin\" allowfullscreen><\/iframe>\n<\/div><\/figure>\n\n\n\n<p>Foto: NaKanarach.pl<\/p>\n","protected":false},"excerpt":{"rendered":"<p>19 listopada 2023 roku odby\u0142 si\u0119\u00a0najdalej wysuni\u0119ty na po\u0142udnie maraton w Europie. Podobnie jak w latach poprzednich miejscem jego organizacji jest kanaryjska wyspa Gran Canaria. Maspalomas Marathon odbywa si\u0119 co roku na dystansie 42,195 km, minimalna wysoko\u015b\u0107 na trasie wynosi 4 metry, a maksymalna 35 metr\u00f3w. Biegacze pojawiaj\u0105 si\u0119 na ulicach po\u0142udnia wyspy w Maspalomas [&hellip;]<\/p>\n","protected":false},"author":4,"featured_media":7558,"comment_status":"closed","ping_status":"open","sticky":false,"template":"","format":"standard","meta":{"om_disable_all_campaigns":false,"_monsterinsights_skip_tracking":false,"_monsterinsights_sitenote_active":false,"_monsterinsights_sitenote_note":"","_monsterinsights_sitenote_category":0,"footnotes":""},"categories":[12,54],"tags":[],"class_list":["post-7548","post","type-post","status-publish","format-standard","has-post-thumbnail","hentry","category-aktualnosci","category-imprezy"],"aioseo_notices":[],"blog_post_layout_featured_media_urls":{"thumbnail":["https:\/\/nakanarach.pl\/wp-content\/uploads\/2023\/11\/Maraton-profilowe-150x150.jpg",150,150,true],"full":["https:\/\/nakanarach.pl\/wp-content\/uploads\/2023\/11\/Maraton-profilowe-scaled.jpg",2560,1440,false]},"categories_names":{"12":{"name":"Aktualno\u015bci","link":"https:\/\/nakanarach.pl\/index.php\/category\/aktualnosci\/"},"54":{"name":"Imprezy","link":"https:\/\/nakanarach.pl\/index.php\/category\/imprezy\/"}},"tags_names":[],"comments_number":"0","wpmagazine_modules_lite_featured_media_urls":{"thumbnail":["https:\/\/nakanarach.pl\/wp-content\/uploads\/2023\/11\/Maraton-profilowe-150x150.jpg",150,150,true],"cvmm-medium":["https:\/\/nakanarach.pl\/wp-content\/uploads\/2023\/11\/Maraton-profilowe-300x300.jpg",300,300,true],"cvmm-medium-plus":["https:\/\/nakanarach.pl\/wp-content\/uploads\/2023\/11\/Maraton-profilowe-305x207.jpg",305,207,true],"cvmm-portrait":["https:\/\/nakanarach.pl\/wp-content\/uploads\/2023\/11\/Maraton-profilowe-400x600.jpg",400,600,true],"cvmm-medium-square":["https:\/\/nakanarach.pl\/wp-content\/uploads\/2023\/11\/Maraton-profilowe-600x600.jpg",600,600,true],"cvmm-large":["https:\/\/nakanarach.pl\/wp-content\/uploads\/2023\/11\/Maraton-profilowe-1024x1024.jpg",1024,1024,true],"cvmm-small":["https:\/\/nakanarach.pl\/wp-content\/uploads\/2023\/11\/Maraton-profilowe-130x95.jpg",130,95,true],"full":["https:\/\/nakanarach.pl\/wp-content\/uploads\/2023\/11\/Maraton-profilowe-scaled.jpg",2560,1440,false]},"_links":{"self":[{"href":"https:\/\/nakanarach.pl\/index.php\/wp-json\/wp\/v2\/posts\/7548","targetHints":{"allow":["GET"]}}],"collection":[{"href":"https:\/\/nakanarach.pl\/index.php\/wp-json\/wp\/v2\/posts"}],"about":[{"href":"https:\/\/nakanarach.pl\/index.php\/wp-json\/wp\/v2\/types\/post"}],"author":[{"embeddable":true,"href":"https:\/\/nakanarach.pl\/index.php\/wp-json\/wp\/v2\/users\/4"}],"replies":[{"embeddable":true,"href":"https:\/\/nakanarach.pl\/index.php\/wp-json\/wp\/v2\/comments?post=7548"}],"version-history":[{"count":3,"href":"https:\/\/nakanarach.pl\/index.php\/wp-json\/wp\/v2\/posts\/7548\/revisions"}],"predecessor-version":[{"id":7557,"href":"https:\/\/nakanarach.pl\/index.php\/wp-json\/wp\/v2\/posts\/7548\/revisions\/7557"}],"wp:featuredmedia":[{"embeddable":true,"href":"https:\/\/nakanarach.pl\/index.php\/wp-json\/wp\/v2\/media\/7558"}],"wp:attachment":[{"href":"https:\/\/nakanarach.pl\/index.php\/wp-json\/wp\/v2\/media?parent=7548"}],"wp:term":[{"taxonomy":"category","embeddable":true,"href":"https:\/\/nakanarach.pl\/index.php\/wp-json\/wp\/v2\/categories?post=7548"},{"taxonomy":"post_tag","embeddable":true,"href":"https:\/\/nakanarach.pl\/index.php\/wp-json\/wp\/v2\/tags?post=7548"}],"curies":[{"name":"wp","href":"https:\/\/api.w.org\/{rel}","templated":true}]}}