{"id":7824,"date":"2024-02-14T07:38:22","date_gmt":"2024-02-14T07:38:22","guid":{"rendered":"https:\/\/nakanarach.pl\/?p=7824"},"modified":"2024-02-14T08:43:08","modified_gmt":"2024-02-14T08:43:08","slug":"drastyczne-ograniczenia-wody","status":"publish","type":"post","link":"https:\/\/nakanarach.pl\/index.php\/2024\/02\/14\/drastyczne-ograniczenia-wody\/","title":{"rendered":"DRASTYCZNE OGRANICZENIA WODY"},"content":{"rendered":"\n<p><strong>Rada Miasta Alajer\u00f3 na kanaryjskiej La Gomerze ogranicza wod\u0119 pitn\u0105 wy\u0142\u0105cznie do u\u017cytku domowego i niezb\u0119dnego. Sytuacja na tej rajskiej wyspie jest na tyle dramatyczna, \u017ce odci\u0119to dop\u0142yw wody do prysznic\u00f3w na pla\u017cy.  <\/strong><\/p>\n\n\n\n<p>Zgodnie z uchwa\u0142\u0105 gminy podj\u0119tej 5 lutego 2024 roku woda ma by\u0107 wykorzystywana wy\u0142\u0105cznie w celu zaspokojenia podstawowych potrzeb \u017cyciowych, dlatego zabrania si\u0119 nape\u0142niania basen\u00f3w i nawadniania gospodarstw rolnych wod\u0105 wodoci\u0105gow\u0105. Odci\u0119to te\u017c dop\u0142yw wody do prysznic\u00f3w pla\u017cowych na obszarze przybrze\u017cnym<strong>.<\/strong><\/p>\n\n\n\n<p>W\u0142adze gminy informuj\u0105, \u017ce niezastosowanie si\u0119 do ogranicze\u0144 w zwi\u0105zku z zaistnia\u0142\u0105 sytuacj\u0105 kryzysow\u0105 dotycz\u0105c\u0105 wody mo\u017ce doprowadzi\u0107 do zawieszenia jej dostaw.<\/p>\n\n\n\n<p>Urz\u0105d Miasta apeluje do firm oraz mieszka\u0144c\u00f3w gminy o racjonalne, odpowiedzialne i wspieraj\u0105ce korzystanie z dobra, kt\u00f3rego obecnie jest bardzo ma\u0142o, a Wyspy Kanaryjskie przy ociepleniu klimatu coraz cz\u0119\u015bciej odczuwaj\u0105 skutki suszy. R\u00f3wnie\u017c tegoroczne opady deszczu w sezonie zimowym s\u0105 ni\u017csze ni\u017c w latach poprzednich. Dlatego nic dziwnego, \u017ce ka\u017cda kropla jest zbawienna dla mieszka\u0144c\u00f3w rajskiego archipelagu. <\/p>\n\n\n\n<p>Zdarza si\u0119 r\u00f3wnie\u017c, \u017ce podczas niekt\u00f3rych uroczysto\u015bci religijnych mieszka\u0144cy modl\u0105 si\u0119 o deszcz. <\/p>\n\n\n\n<p>Foto: Zdj\u0119cie ilustracyjne &#8211; Archiwum NaKanarach.pl   <\/p>\n","protected":false},"excerpt":{"rendered":"<p>Rada Miasta Alajer\u00f3 na kanaryjskiej La Gomerze ogranicza wod\u0119 pitn\u0105 wy\u0142\u0105cznie do u\u017cytku domowego i niezb\u0119dnego. Sytuacja na tej rajskiej wyspie jest na tyle dramatyczna, \u017ce odci\u0119to dop\u0142yw wody do prysznic\u00f3w na pla\u017cy. Zgodnie z uchwa\u0142\u0105 gminy podj\u0119tej 5 lutego 2024 roku woda ma by\u0107 wykorzystywana wy\u0142\u0105cznie w celu zaspokojenia podstawowych potrzeb \u017cyciowych, dlatego zabrania [&hellip;]<\/p>\n","protected":false},"author":4,"featured_media":1433,"comment_status":"closed","ping_status":"open","sticky":false,"template":"","format":"standard","meta":{"om_disable_all_campaigns":false,"_monsterinsights_skip_tracking":false,"_monsterinsights_sitenote_active":false,"_monsterinsights_sitenote_note":"","_monsterinsights_sitenote_category":0,"footnotes":""},"categories":[12],"tags":[],"class_list":["post-7824","post","type-post","status-publish","format-standard","has-post-thumbnail","hentry","category-aktualnosci"],"aioseo_notices":[],"blog_post_layout_featured_media_urls":{"thumbnail":["https:\/\/nakanarach.pl\/wp-content\/uploads\/2021\/03\/20210503_181307-150x150.jpg",150,150,true],"full":["https:\/\/nakanarach.pl\/wp-content\/uploads\/2021\/03\/20210503_181307-scaled.jpg",2560,1152,false]},"categories_names":{"12":{"name":"Aktualno\u015bci","link":"https:\/\/nakanarach.pl\/index.php\/category\/aktualnosci\/"}},"tags_names":[],"comments_number":"0","wpmagazine_modules_lite_featured_media_urls":{"thumbnail":["https:\/\/nakanarach.pl\/wp-content\/uploads\/2021\/03\/20210503_181307-150x150.jpg",150,150,true],"cvmm-medium":["https:\/\/nakanarach.pl\/wp-content\/uploads\/2021\/03\/20210503_181307-300x300.jpg",300,300,true],"cvmm-medium-plus":["https:\/\/nakanarach.pl\/wp-content\/uploads\/2021\/03\/20210503_181307-305x207.jpg",305,207,true],"cvmm-portrait":["https:\/\/nakanarach.pl\/wp-content\/uploads\/2021\/03\/20210503_181307-400x600.jpg",400,600,true],"cvmm-medium-square":["https:\/\/nakanarach.pl\/wp-content\/uploads\/2021\/03\/20210503_181307-600x600.jpg",600,600,true],"cvmm-large":["https:\/\/nakanarach.pl\/wp-content\/uploads\/2021\/03\/20210503_181307-1024x1024.jpg",1024,1024,true],"cvmm-small":["https:\/\/nakanarach.pl\/wp-content\/uploads\/2021\/03\/20210503_181307-130x95.jpg",130,95,true],"full":["https:\/\/nakanarach.pl\/wp-content\/uploads\/2021\/03\/20210503_181307-scaled.jpg",2560,1152,false]},"_links":{"self":[{"href":"https:\/\/nakanarach.pl\/index.php\/wp-json\/wp\/v2\/posts\/7824","targetHints":{"allow":["GET"]}}],"collection":[{"href":"https:\/\/nakanarach.pl\/index.php\/wp-json\/wp\/v2\/posts"}],"about":[{"href":"https:\/\/nakanarach.pl\/index.php\/wp-json\/wp\/v2\/types\/post"}],"author":[{"embeddable":true,"href":"https:\/\/nakanarach.pl\/index.php\/wp-json\/wp\/v2\/users\/4"}],"replies":[{"embeddable":true,"href":"https:\/\/nakanarach.pl\/index.php\/wp-json\/wp\/v2\/comments?post=7824"}],"version-history":[{"count":5,"href":"https:\/\/nakanarach.pl\/index.php\/wp-json\/wp\/v2\/posts\/7824\/revisions"}],"predecessor-version":[{"id":7858,"href":"https:\/\/nakanarach.pl\/index.php\/wp-json\/wp\/v2\/posts\/7824\/revisions\/7858"}],"wp:featuredmedia":[{"embeddable":true,"href":"https:\/\/nakanarach.pl\/index.php\/wp-json\/wp\/v2\/media\/1433"}],"wp:attachment":[{"href":"https:\/\/nakanarach.pl\/index.php\/wp-json\/wp\/v2\/media?parent=7824"}],"wp:term":[{"taxonomy":"category","embeddable":true,"href":"https:\/\/nakanarach.pl\/index.php\/wp-json\/wp\/v2\/categories?post=7824"},{"taxonomy":"post_tag","embeddable":true,"href":"https:\/\/nakanarach.pl\/index.php\/wp-json\/wp\/v2\/tags?post=7824"}],"curies":[{"name":"wp","href":"https:\/\/api.w.org\/{rel}","templated":true}]}}