{"id":7860,"date":"2024-02-15T08:00:00","date_gmt":"2024-02-15T08:00:00","guid":{"rendered":"https:\/\/nakanarach.pl\/?p=7860"},"modified":"2024-02-23T13:26:17","modified_gmt":"2024-02-23T13:26:17","slug":"wiecej-turystow-na-wielkanoc","status":"publish","type":"post","link":"https:\/\/nakanarach.pl\/index.php\/2024\/02\/15\/wiecej-turystow-na-wielkanoc\/","title":{"rendered":"WI\u0118CEJ TURYST\u00d3W NA WIELKANOC"},"content":{"rendered":"\n<p><strong>Wyspy Kanaryjskie staj\u0105 si\u0119 jednym z wiod\u0105cych kierunk\u00f3w turystycznych na tegoroczne \u015bwi\u0119ta wielkanocne.  <\/strong><\/p>\n\n\n\n<p>Biura podr\u00f3\u017cy prognozuj\u0105 na tym rajskim archipelagu wzrost liczby rezerwacji na \u015bwi\u0119ta Wielkanocne nawet o 6% w por\u00f3wnaniu z rokiem 2023. Jak informuje portal Canarian Weekly Jos\u00e9 Manuel Lastra, wiceprezes Hiszpa\u0144skiej Konfederacji Biur Podr\u00f3\u017cy (CEAV) uwa\u017ca, \u017ce wynika to nie tylko z og\u00f3lnej tendencji ze wzrostu zainteresowania podr\u00f3\u017cami, szczeg\u00f3lnie na Wyspy Kanaryjskie, a tak\u017ce dlatego, \u017ce Wielkanoc wypada w tym roku wcze\u015bniej, 31 marca i 1 kwietnia i w ca\u0142ej Hiszpanii jest obchodzona w tym samym terminie co w Polsce. <\/p>\n\n\n\n<p>Na hiszpa\u0144skim rynku krajowym g\u0142\u00f3wnym popytem s\u0105 nale\u017c\u0105ce do tego kraju wyspy, przy czym wyra\u017ana preferencja wi\u0119kszo\u015bci turyst\u00f3w dotyczy Wysp Kanaryjskich ze wzgl\u0119du na \u0142adniejsz\u0105 i s\u0142oneczn\u0105 ca\u0142oroczn\u0105 pogod\u0119 oraz wy\u017csze temperatury oscyluj\u0105ce w okolicach ok. 25 stopni Celsjusza w ci\u0105gu dnia i 19 w nocy. Dla por\u00f3wnania sezon na Balearach, czyli na Majorce czy Ibizie zaczyna si\u0119 dopiero od kwietnia i trwa do pa\u017adziernika. <\/p>\n\n\n\n<p>Je\u015bli chodzi o ceny to w przypadku wakacji mo\u017ce nast\u0105pi\u0107 niewielki wzrost od 2% do 3%, ale Jos\u00e9 Manuel Lastra zapewni\u0142, \u017ce nie b\u0119dzie podwy\u017cek cen jak w 2023 r., co wynika\u0142o ze wzrostu koszt\u00f3w i wysokiej inflacji dochodz\u0105cej w Hiszpanii do 10 procent, co doprowadzi\u0142o do dwucyfrowego wzrostu w cenach.<\/p>\n\n\n\n<p>Poza tym w Hiszpanii i tak\u017ce na Wyspach Kanaryjskich warto zobaczy\u0107 uroczyste obchody Wielkanocy, kt\u00f3re zaczynaj\u0105 si\u0119 od Niedzieli Palmowej i spektakularnych procesji. W\u00f3wczas cz\u0142onkowie bractw ubrani w historyczne stroje nios\u0105 wielkie platformy z figurami Matki Boskiej, Jezusa albo \u015bwi\u0119tych. Towarzysz\u0105 im pokutnicy, nazywani capirotes. Podczas Wielkiego Tygodnia ludzie \u015bwi\u0119tuj\u0105 na ulicach. \u015amier\u0107 Chrystusa niesie ze sob\u0105 smutek, ale zmartwychwstanie to ju\u017c dobra nowina, dlatego Hiszpanie k\u0142ad\u0105 nacisk na t\u0119 radosn\u0105 stron\u0119 \u015awi\u0105t Wielkiej Nocy.<\/p>\n\n\n\n<figure class=\"wp-block-image size-large\"><img fetchpriority=\"high\" decoding=\"async\" width=\"1024\" height=\"576\" src=\"http:\/\/nakanarach.pl\/wp-content\/uploads\/2022\/04\/Niedziela-palmowa-Fot.-Espanaesfiestas-1024x576.jpg\" alt=\"\" class=\"wp-image-4654\" srcset=\"https:\/\/nakanarach.pl\/wp-content\/uploads\/2022\/04\/Niedziela-palmowa-Fot.-Espanaesfiestas-1024x576.jpg 1024w, https:\/\/nakanarach.pl\/wp-content\/uploads\/2022\/04\/Niedziela-palmowa-Fot.-Espanaesfiestas-300x169.jpg 300w, https:\/\/nakanarach.pl\/wp-content\/uploads\/2022\/04\/Niedziela-palmowa-Fot.-Espanaesfiestas-768x432.jpg 768w, https:\/\/nakanarach.pl\/wp-content\/uploads\/2022\/04\/Niedziela-palmowa-Fot.-Espanaesfiestas.jpg 1200w\" sizes=\"(max-width: 1024px) 100vw, 1024px\" \/><figcaption class=\"wp-element-caption\"><em>Foto: espa\u00f1aenfiestas.es<\/em><\/figcaption><\/figure>\n\n\n\n<p>W tym kraju nie maluje si\u0119 pisanek na \u015bwi\u0119ta wielkanocne, ani nie oblewa si\u0119 nikogo wod\u0105 podczas \u015amigusa-Dyngusa. <\/p>\n\n\n\n<p>W kwietniu \u015brednia temperatura na Wyspach Kanaryjskich wynosi w cieniu ok. 25 &#8211; 26 stopni Celsjusza w ci\u0105gu dnia i 18 stopni w nocy. Z kolei temperatura wody w Oceanie Atlantyckim wynosi 19 stopni. Dla por\u00f3wnania to mniej wi\u0119cej tyle, ile polski Ba\u0142tyk ma latem podczas upalnych dni. <\/p>\n\n\n\n<p>Foto: NaKanarach.pl<\/p>\n","protected":false},"excerpt":{"rendered":"<p>Wyspy Kanaryjskie staj\u0105 si\u0119 jednym z wiod\u0105cych kierunk\u00f3w turystycznych na tegoroczne \u015bwi\u0119ta wielkanocne. Biura podr\u00f3\u017cy prognozuj\u0105 na tym rajskim archipelagu wzrost liczby rezerwacji na \u015bwi\u0119ta Wielkanocne nawet o 6% w por\u00f3wnaniu z rokiem 2023. Jak informuje portal Canarian Weekly Jos\u00e9 Manuel Lastra, wiceprezes Hiszpa\u0144skiej Konfederacji Biur Podr\u00f3\u017cy (CEAV) uwa\u017ca, \u017ce wynika to nie tylko z [&hellip;]<\/p>\n","protected":false},"author":4,"featured_media":7862,"comment_status":"closed","ping_status":"open","sticky":false,"template":"","format":"standard","meta":{"om_disable_all_campaigns":false,"_monsterinsights_skip_tracking":false,"_monsterinsights_sitenote_active":false,"_monsterinsights_sitenote_note":"","_monsterinsights_sitenote_category":0,"footnotes":""},"categories":[20,17],"tags":[],"class_list":["post-7860","post","type-post","status-publish","format-standard","has-post-thumbnail","hentry","category-atrakcje","category-turystyka"],"aioseo_notices":[],"blog_post_layout_featured_media_urls":{"thumbnail":["https:\/\/nakanarach.pl\/wp-content\/uploads\/2024\/02\/Wielkanoc-jajko-na-plazy-150x150.jpg",150,150,true],"full":["https:\/\/nakanarach.pl\/wp-content\/uploads\/2024\/02\/Wielkanoc-jajko-na-plazy.jpg",2048,1066,false]},"categories_names":{"20":{"name":"Atrakcje i egzotyka","link":"https:\/\/nakanarach.pl\/index.php\/category\/turystyka\/atrakcje\/"},"17":{"name":"Turystyka","link":"https:\/\/nakanarach.pl\/index.php\/category\/turystyka\/"}},"tags_names":[],"comments_number":"0","wpmagazine_modules_lite_featured_media_urls":{"thumbnail":["https:\/\/nakanarach.pl\/wp-content\/uploads\/2024\/02\/Wielkanoc-jajko-na-plazy-150x150.jpg",150,150,true],"cvmm-medium":["https:\/\/nakanarach.pl\/wp-content\/uploads\/2024\/02\/Wielkanoc-jajko-na-plazy-300x300.jpg",300,300,true],"cvmm-medium-plus":["https:\/\/nakanarach.pl\/wp-content\/uploads\/2024\/02\/Wielkanoc-jajko-na-plazy-305x207.jpg",305,207,true],"cvmm-portrait":["https:\/\/nakanarach.pl\/wp-content\/uploads\/2024\/02\/Wielkanoc-jajko-na-plazy-400x600.jpg",400,600,true],"cvmm-medium-square":["https:\/\/nakanarach.pl\/wp-content\/uploads\/2024\/02\/Wielkanoc-jajko-na-plazy-600x600.jpg",600,600,true],"cvmm-large":["https:\/\/nakanarach.pl\/wp-content\/uploads\/2024\/02\/Wielkanoc-jajko-na-plazy-1024x1024.jpg",1024,1024,true],"cvmm-small":["https:\/\/nakanarach.pl\/wp-content\/uploads\/2024\/02\/Wielkanoc-jajko-na-plazy-130x95.jpg",130,95,true],"full":["https:\/\/nakanarach.pl\/wp-content\/uploads\/2024\/02\/Wielkanoc-jajko-na-plazy.jpg",2048,1066,false]},"_links":{"self":[{"href":"https:\/\/nakanarach.pl\/index.php\/wp-json\/wp\/v2\/posts\/7860","targetHints":{"allow":["GET"]}}],"collection":[{"href":"https:\/\/nakanarach.pl\/index.php\/wp-json\/wp\/v2\/posts"}],"about":[{"href":"https:\/\/nakanarach.pl\/index.php\/wp-json\/wp\/v2\/types\/post"}],"author":[{"embeddable":true,"href":"https:\/\/nakanarach.pl\/index.php\/wp-json\/wp\/v2\/users\/4"}],"replies":[{"embeddable":true,"href":"https:\/\/nakanarach.pl\/index.php\/wp-json\/wp\/v2\/comments?post=7860"}],"version-history":[{"count":3,"href":"https:\/\/nakanarach.pl\/index.php\/wp-json\/wp\/v2\/posts\/7860\/revisions"}],"predecessor-version":[{"id":7869,"href":"https:\/\/nakanarach.pl\/index.php\/wp-json\/wp\/v2\/posts\/7860\/revisions\/7869"}],"wp:featuredmedia":[{"embeddable":true,"href":"https:\/\/nakanarach.pl\/index.php\/wp-json\/wp\/v2\/media\/7862"}],"wp:attachment":[{"href":"https:\/\/nakanarach.pl\/index.php\/wp-json\/wp\/v2\/media?parent=7860"}],"wp:term":[{"taxonomy":"category","embeddable":true,"href":"https:\/\/nakanarach.pl\/index.php\/wp-json\/wp\/v2\/categories?post=7860"},{"taxonomy":"post_tag","embeddable":true,"href":"https:\/\/nakanarach.pl\/index.php\/wp-json\/wp\/v2\/tags?post=7860"}],"curies":[{"name":"wp","href":"https:\/\/api.w.org\/{rel}","templated":true}]}}