{"id":7966,"date":"2024-03-11T07:26:00","date_gmt":"2024-03-11T07:26:00","guid":{"rendered":"https:\/\/nakanarach.pl\/?p=7966"},"modified":"2024-03-13T12:46:06","modified_gmt":"2024-03-13T12:46:06","slug":"ujemne-temperatury-na-kanarach","status":"publish","type":"post","link":"https:\/\/nakanarach.pl\/index.php\/2024\/03\/11\/ujemne-temperatury-na-kanarach\/","title":{"rendered":"UJEMNE TEMPERATURY NA KANARACH"},"content":{"rendered":"\n<p><strong>Dla wielu os\u00f3b informacja o opadach \u015bniegu i przymrozkach na Wyspach Kanaryjskich brzmi niemal jak abstrakcja, bo niekt\u00f3re biura podr\u00f3\u017cy reklamuj\u0105 je m.in. has\u0142em: &#8222;S\u0142o\u0144ce przez ca\u0142y rok!&#8221;. Jaka jest prawda? Do Polski na pocz\u0105tku marca dotar\u0142a fala ch\u0142od\u00f3w. Podobnie jest na rajskim archipelagu, le\u017c\u0105cym na Oceanie Atlantyckim w pobli\u017cu Afryki. <\/strong><\/p>\n\n\n\n<p>W pierwszym tygodniu marca 2024 roku temperatury na niekt\u00f3rych Wyspach Kanaryjskich spad\u0142y o kilka stopni poni\u017cej zera.  Zanotowano je na stacjach Pa\u0144stwowej Agencji Meteorologicznej (Aemet) zainstalowanych w punkcie Iza\u00f1a (-3,5 stopnia Celsjusza), na szczycie Teneryfy i na Roque de los Muchachos. Z kolei na stacji pomiarowej Las Ca\u00f1adas, obok najwy\u017cszego szczytu Hiszpanii &#8211; Teide, by\u0142o zaledwie 1,6 stopnia Celsjusza. Z kolei 7 marca 2024 roku minimum wynios\u0142o -0,9 stopnia, r\u00f3wnie\u017c w Las Ca\u00f1adas. Przymrozki zanotowanoio te\u017c na La Palmie. Na niekt\u00f3rych wyspach pojawi\u0142y si\u0119 te\u017c niewielkie opady deszczu, co w okresie suszy jest zbawienne dla rolnictwa. W zimie w g\u00f3rach na Teneryfie czy Gran Canarii pojawia si\u0119 te\u017c zazwyczaj \u015bnieg powy\u017cej 1700 metr\u00f3w, ale te\u017c na wysoko\u015bci ok. 900-1000 metr\u00f3w nad poziomem morza. Bia\u0142ego puchu nie spotkamy jednak na po\u0142udniu turystycznych kurort\u00f3w ze wzgl\u0119du du\u017ce nas\u0142onecznienie. Obecnie termometry pokazuj\u0105 w tamtych rejonach temperatury w s\u0142o\u0144cu dochodz\u0105ce nawet do 29 stopni.  <\/p>\n\n\n\n<p>Sensacja meteorologiczna pojawi\u0142a si\u0119 w lutym 2022 roku grad spad\u0142 w miejscach, w kt\u00f3rych mieszka\u0144cy nie widzieli go od wielu lat. Opady deszczu i gradu zanotowano w\u00f3wczas w Ingenio &#8211; w po\u0142udniowo-wschodniej cz\u0119\u015bci wyspy Gran Canaria, a tak\u017ce w po\u0142udniowo-wschodniej cz\u0119\u015bci s\u0105siedniej Fuerteventury: w Gran Tarajal i Tesjuate oraz na po\u0142udniu Lanzarote w Playa Blanca i La Geria &#8211; poinformowa\u0142a Telewizja Canaria.<\/p>\n\n\n\n<p>Jednak ch\u0142odne dni zdarzaj\u0105 si\u0119 w zimie na Wyspach Kanaryjskich coraz rzadziej. Wed\u0142ug analiz hiszpa\u0144skich synoptyk\u00f3w w 2024 roku odnotowano najcieplejszy stycze\u0144 od ponad sze\u015bciu dekad, ze \u015bredni\u0105 temperatur\u0105 wynosz\u0105c\u0105 17,9\u00b0C, co stanowi dodatni\u0105 anomali\u0119 wynosz\u0105c\u0105 +3,1\u00b0C powy\u017cej normalnych temperatur w tej porze roku. Pa\u0144stwowa Agencja Meteorologiczna (Aemet) podaje, \u017ce stycze\u0144 2024 roku by\u0142 najcieplejszy od 1961 roku. <\/p>\n\n\n\n<p>\u015arednia temperatura w najcieplejszym w zimie zak\u0105tku Europy, czyli na Wyspach Kanaryjskich dla ka\u017cdego dnia pierwszego miesi\u0105ca w 2024 roku utrzymywa\u0142a si\u0119 powy\u017cej szeregu referencyjnego z lat 1991-2020. Zaobserwowano dwa wyra\u017ane epizody znacznych wzrost\u00f3w temperatury i to &#8211; co od dawna niespotykane w styczniu &#8211; do tak wysokich warto\u015bci na termometrach. 16 stycznia 2024 roku na stacji Carretera del Cotillo w La Oliva na Fuerteventurze osi\u0105gni\u0119to rekordowo wysok\u0105 temperatur\u0119 maksymaln\u0105 w styczniu, kt\u00f3ra wynios\u0142a a\u017c 31,7\u00b0C. Standardowo o tej porze roku powinno by\u0107 na tej rajskiej wyspie ok 20-24 stopni w dzie\u0144 i ok. 15-18 w nocy.<\/p>\n\n\n\n<p>Podobnie luty 2024 r. zosta\u0142 uznany na Kanarach za \u201eniezwykle suchy miesi\u0105c\u201d w rankingu sporz\u0105dzanym od 1961 r. Na ca\u0142ym archipelagu, sk\u0142adaj\u0105cym si\u0119 7 g\u0142\u00f3wnych wysp pochodzenia wulkanicznego oraz 6 mniejszych wysepek zaobserwowano w zimie a\u017c 29 nocy tropikalnych zmierzonych na prawie 20 stacjach meteorologicznych na archipelagu.<\/p>\n\n\n\n<p>Wed\u0142ug danych Pa\u0144stwowej Agencji Meteorologicznej (Aemet) najwy\u017csz\u0105 temperatur\u0119 zanotowano w miejscowo\u015bci La Aldea de San Nicol\u00e1s na Gran Canarii 8 lutego 2024 roku, gdzie termometry pokaza\u0142y 31,2\u00b0C. W tym samym miesi\u0105cu temperatury przekroczy\u0142y 30\u00b0C tak\u017ce na Antigui (Fuerteventura), T\u00edas (Lanzarote) i Arico (Teneryfa).<\/p>\n\n\n\n<p>Nasz artyku\u0142 tak\u017ce na stronie Wirtualna Polska: <\/p>\n\n\n\n<p><a href=\"https:\/\/turystyka.wp.pl\/s\/nakanarach-pl\/niepokojace-zjawisko-na-rajskich-wyspach-zwlaszcza-w-rejonie-gor-7004798916487968a\" title=\"\">https:\/\/turystyka.wp.pl\/s\/nakanarach-pl\/niepokojace-zjawisko-na-rajskich-wyspach-zwlaszcza-w-rejonie-gor-7004798916487968a<\/a><\/p>\n\n\n\n<p><\/p>\n\n\n\n<p><\/p>\n\n\n\n<p>Foto: NaKanarach.pl<\/p>\n\n\n\n<p> <\/p>\n","protected":false},"excerpt":{"rendered":"<p>Dla wielu os\u00f3b informacja o opadach \u015bniegu i przymrozkach na Wyspach Kanaryjskich brzmi niemal jak abstrakcja, bo niekt\u00f3re biura podr\u00f3\u017cy reklamuj\u0105 je m.in. has\u0142em: &#8222;S\u0142o\u0144ce przez ca\u0142y rok!&#8221;. Jaka jest prawda? Do Polski na pocz\u0105tku marca dotar\u0142a fala ch\u0142od\u00f3w. Podobnie jest na rajskim archipelagu, le\u017c\u0105cym na Oceanie Atlantyckim w pobli\u017cu Afryki. W pierwszym tygodniu marca [&hellip;]<\/p>\n","protected":false},"author":4,"featured_media":3333,"comment_status":"closed","ping_status":"open","sticky":false,"template":"","format":"standard","meta":{"om_disable_all_campaigns":false,"_monsterinsights_skip_tracking":false,"_monsterinsights_sitenote_active":false,"_monsterinsights_sitenote_note":"","_monsterinsights_sitenote_category":0,"footnotes":""},"categories":[12],"tags":[],"class_list":["post-7966","post","type-post","status-publish","format-standard","has-post-thumbnail","hentry","category-aktualnosci"],"aioseo_notices":[],"blog_post_layout_featured_media_urls":{"thumbnail":["https:\/\/nakanarach.pl\/wp-content\/uploads\/2021\/11\/Balwan-150x150.jpg",150,150,true],"full":["https:\/\/nakanarach.pl\/wp-content\/uploads\/2021\/11\/Balwan-scaled.jpg",2560,1152,false]},"categories_names":{"12":{"name":"Aktualno\u015bci","link":"https:\/\/nakanarach.pl\/index.php\/category\/aktualnosci\/"}},"tags_names":[],"comments_number":"0","wpmagazine_modules_lite_featured_media_urls":{"thumbnail":["https:\/\/nakanarach.pl\/wp-content\/uploads\/2021\/11\/Balwan-150x150.jpg",150,150,true],"cvmm-medium":["https:\/\/nakanarach.pl\/wp-content\/uploads\/2021\/11\/Balwan-300x300.jpg",300,300,true],"cvmm-medium-plus":["https:\/\/nakanarach.pl\/wp-content\/uploads\/2021\/11\/Balwan-305x207.jpg",305,207,true],"cvmm-portrait":["https:\/\/nakanarach.pl\/wp-content\/uploads\/2021\/11\/Balwan-400x600.jpg",400,600,true],"cvmm-medium-square":["https:\/\/nakanarach.pl\/wp-content\/uploads\/2021\/11\/Balwan-600x600.jpg",600,600,true],"cvmm-large":["https:\/\/nakanarach.pl\/wp-content\/uploads\/2021\/11\/Balwan-1024x1024.jpg",1024,1024,true],"cvmm-small":["https:\/\/nakanarach.pl\/wp-content\/uploads\/2021\/11\/Balwan-130x95.jpg",130,95,true],"full":["https:\/\/nakanarach.pl\/wp-content\/uploads\/2021\/11\/Balwan-scaled.jpg",2560,1152,false]},"_links":{"self":[{"href":"https:\/\/nakanarach.pl\/index.php\/wp-json\/wp\/v2\/posts\/7966","targetHints":{"allow":["GET"]}}],"collection":[{"href":"https:\/\/nakanarach.pl\/index.php\/wp-json\/wp\/v2\/posts"}],"about":[{"href":"https:\/\/nakanarach.pl\/index.php\/wp-json\/wp\/v2\/types\/post"}],"author":[{"embeddable":true,"href":"https:\/\/nakanarach.pl\/index.php\/wp-json\/wp\/v2\/users\/4"}],"replies":[{"embeddable":true,"href":"https:\/\/nakanarach.pl\/index.php\/wp-json\/wp\/v2\/comments?post=7966"}],"version-history":[{"count":3,"href":"https:\/\/nakanarach.pl\/index.php\/wp-json\/wp\/v2\/posts\/7966\/revisions"}],"predecessor-version":[{"id":7983,"href":"https:\/\/nakanarach.pl\/index.php\/wp-json\/wp\/v2\/posts\/7966\/revisions\/7983"}],"wp:featuredmedia":[{"embeddable":true,"href":"https:\/\/nakanarach.pl\/index.php\/wp-json\/wp\/v2\/media\/3333"}],"wp:attachment":[{"href":"https:\/\/nakanarach.pl\/index.php\/wp-json\/wp\/v2\/media?parent=7966"}],"wp:term":[{"taxonomy":"category","embeddable":true,"href":"https:\/\/nakanarach.pl\/index.php\/wp-json\/wp\/v2\/categories?post=7966"},{"taxonomy":"post_tag","embeddable":true,"href":"https:\/\/nakanarach.pl\/index.php\/wp-json\/wp\/v2\/tags?post=7966"}],"curies":[{"name":"wp","href":"https:\/\/api.w.org\/{rel}","templated":true}]}}