{"id":8102,"date":"2024-04-10T12:00:14","date_gmt":"2024-04-10T11:00:14","guid":{"rendered":"https:\/\/nakanarach.pl\/?p=8102"},"modified":"2024-04-11T10:36:13","modified_gmt":"2024-04-11T09:36:13","slug":"podpalili-lezaki-na-plazy","status":"publish","type":"post","link":"https:\/\/nakanarach.pl\/index.php\/2024\/04\/10\/podpalili-lezaki-na-plazy\/","title":{"rendered":"PODPALILI LE\u017bAKI NA PLA\u017bY"},"content":{"rendered":"\n<p><strong>Dziewi\u0119ciu nieletnich zatrzyma\u0142a Guardia Civil (Gwardia Cywilna) z posterunku w Costa Teguise na kanaryjskiej wyspie Lanzarote. S\u0105 podejrzani m.in. o podpalenie le\u017cak\u00f3w pla\u017cowych. <\/strong><\/p>\n\n\n\n<p>Gwardia Cywilna poinformowa\u0142a, \u017ce zatrzymani przez funkcjonariuszy s\u0105 w wieku od 15 do 16 lat. Opr\u00f3cz kradzie\u017cy przedmiot\u00f3w o niewielkiej warto\u015bci w supermarkecie s\u0105 podejrzani o trzy przest\u0119pstwa wyrz\u0105dzenia szk\u00f3d w wysoko\u015bci 7700 euro poprzez spowodowanie dw\u00f3ch po\u017car\u00f3w, w kt\u00f3rych spali\u0142o si\u0119 \u0142\u0105cznie 27 hamak\u00f3w na pla\u017cy Las Cucharas, uszkodzenia ogrodzenia hotelu i wybiciu szyby w oknie w jednym z dom\u00f3w.<\/p>\n\n\n\n<p>Guardia Civil wyja\u015bni\u0142a, \u017ce 8 marca 2024 roku m\u0142odzi ludzie u\u0142o\u017cyli 27 hamak\u00f3w i podpalili je na pla\u017cy Las Cucharas oraz u\u017cy\u0142a skradzionego dezodorantu jako miotacza ognia do spalenia ogrodzenia hotelu, kt\u00f3re, by\u0142o zrobione z \u0142atwopalnego wrzosu. Szkody wynios\u0142y 7704 euro, a wydarzenia wymaga\u0142y interwencji stra\u017cak\u00f3w z Lanzarote w celu ugaszenia po\u017car\u00f3w.<\/p>\n\n\n\n<p>Przez kilka tygodni Guardia Civil przeanalizowa\u0142a wiele godzin nagra\u0144 z kamer przemys\u0142owych i przeprowadzi\u0142a r\u00f3\u017cne dochodzenia, kt\u00f3re doprowadzi\u0142y do identyfikacji domniemanych sprawc\u00f3w tych czyn\u00f3w. Po obejrzeniu materia\u0142u filmowego funkcjonariusze ustalili te\u017c, \u017ce nieletni dokonywali kradzie\u017cy w supermarketach w Costa Teguise, kradn\u0105c przedmioty w celu spowodowania szk\u00f3d i podpalenia le\u017cak\u00f3w. <\/p>\n\n\n\n<p>Przeprowadzono r\u00f3\u017cne dzia\u0142ania, aby ustali\u0107 to\u017csamo\u015b\u0107 nieletnich i ich opiekun\u00f3w, odwiedzaj\u0105c nawet r\u00f3\u017cne organizacje i o\u015brodki edukacyjne. Spraw\u0105 zajmuje si\u0119 prokuratura w Arrecife na Lanzarote.<\/p>\n\n\n\n<p>Nasz artyku\u0142 tak\u017ce na stronie Wirtualna Polska: <\/p>\n\n\n\n<p><a href=\"https:\/\/turystyka.wp.pl\/s\/nakanarach-pl\/podpalili-27-lezakow-jako-miotacza-ognia-uzyli-dezodorantu-7015424007613248a\">https:\/\/turystyka.wp.pl\/s\/nakanarach-pl\/podpalili-27-lezakow-jako-miotacza-ognia-uzyli-dezodorantu-7015424007613248a<\/a><\/p>\n\n\n\n<p>Foto: Guardia Civil\/Gwardia Cywilna<\/p>\n","protected":false},"excerpt":{"rendered":"<p>Dziewi\u0119ciu nieletnich zatrzyma\u0142a Guardia Civil (Gwardia Cywilna) z posterunku w Costa Teguise na kanaryjskiej wyspie Lanzarote. S\u0105 podejrzani m.in. o podpalenie le\u017cak\u00f3w pla\u017cowych. Gwardia Cywilna poinformowa\u0142a, \u017ce zatrzymani przez funkcjonariuszy s\u0105 w wieku od 15 do 16 lat. Opr\u00f3cz kradzie\u017cy przedmiot\u00f3w o niewielkiej warto\u015bci w supermarkecie s\u0105 podejrzani o trzy przest\u0119pstwa wyrz\u0105dzenia szk\u00f3d w wysoko\u015bci [&hellip;]<\/p>\n","protected":false},"author":4,"featured_media":8111,"comment_status":"closed","ping_status":"open","sticky":false,"template":"","format":"standard","meta":{"om_disable_all_campaigns":false,"_monsterinsights_skip_tracking":false,"_monsterinsights_sitenote_active":false,"_monsterinsights_sitenote_note":"","_monsterinsights_sitenote_category":0,"footnotes":""},"categories":[12],"tags":[],"class_list":["post-8102","post","type-post","status-publish","format-standard","has-post-thumbnail","hentry","category-aktualnosci"],"aioseo_notices":[],"blog_post_layout_featured_media_urls":{"thumbnail":["https:\/\/nakanarach.pl\/wp-content\/uploads\/2024\/04\/Pozar-lezakow-Foto-Gwardia-Cywilna-150x150.jpg",150,150,true],"full":["https:\/\/nakanarach.pl\/wp-content\/uploads\/2024\/04\/Pozar-lezakow-Foto-Gwardia-Cywilna.jpg",1200,675,false]},"categories_names":{"12":{"name":"Aktualno\u015bci","link":"https:\/\/nakanarach.pl\/index.php\/category\/aktualnosci\/"}},"tags_names":[],"comments_number":"0","wpmagazine_modules_lite_featured_media_urls":{"thumbnail":["https:\/\/nakanarach.pl\/wp-content\/uploads\/2024\/04\/Pozar-lezakow-Foto-Gwardia-Cywilna-150x150.jpg",150,150,true],"cvmm-medium":["https:\/\/nakanarach.pl\/wp-content\/uploads\/2024\/04\/Pozar-lezakow-Foto-Gwardia-Cywilna-300x300.jpg",300,300,true],"cvmm-medium-plus":["https:\/\/nakanarach.pl\/wp-content\/uploads\/2024\/04\/Pozar-lezakow-Foto-Gwardia-Cywilna-305x207.jpg",305,207,true],"cvmm-portrait":["https:\/\/nakanarach.pl\/wp-content\/uploads\/2024\/04\/Pozar-lezakow-Foto-Gwardia-Cywilna-400x600.jpg",400,600,true],"cvmm-medium-square":["https:\/\/nakanarach.pl\/wp-content\/uploads\/2024\/04\/Pozar-lezakow-Foto-Gwardia-Cywilna-600x600.jpg",600,600,true],"cvmm-large":["https:\/\/nakanarach.pl\/wp-content\/uploads\/2024\/04\/Pozar-lezakow-Foto-Gwardia-Cywilna-1024x675.jpg",1024,675,true],"cvmm-small":["https:\/\/nakanarach.pl\/wp-content\/uploads\/2024\/04\/Pozar-lezakow-Foto-Gwardia-Cywilna-130x95.jpg",130,95,true],"full":["https:\/\/nakanarach.pl\/wp-content\/uploads\/2024\/04\/Pozar-lezakow-Foto-Gwardia-Cywilna.jpg",1200,675,false]},"_links":{"self":[{"href":"https:\/\/nakanarach.pl\/index.php\/wp-json\/wp\/v2\/posts\/8102","targetHints":{"allow":["GET"]}}],"collection":[{"href":"https:\/\/nakanarach.pl\/index.php\/wp-json\/wp\/v2\/posts"}],"about":[{"href":"https:\/\/nakanarach.pl\/index.php\/wp-json\/wp\/v2\/types\/post"}],"author":[{"embeddable":true,"href":"https:\/\/nakanarach.pl\/index.php\/wp-json\/wp\/v2\/users\/4"}],"replies":[{"embeddable":true,"href":"https:\/\/nakanarach.pl\/index.php\/wp-json\/wp\/v2\/comments?post=8102"}],"version-history":[{"count":4,"href":"https:\/\/nakanarach.pl\/index.php\/wp-json\/wp\/v2\/posts\/8102\/revisions"}],"predecessor-version":[{"id":8123,"href":"https:\/\/nakanarach.pl\/index.php\/wp-json\/wp\/v2\/posts\/8102\/revisions\/8123"}],"wp:featuredmedia":[{"embeddable":true,"href":"https:\/\/nakanarach.pl\/index.php\/wp-json\/wp\/v2\/media\/8111"}],"wp:attachment":[{"href":"https:\/\/nakanarach.pl\/index.php\/wp-json\/wp\/v2\/media?parent=8102"}],"wp:term":[{"taxonomy":"category","embeddable":true,"href":"https:\/\/nakanarach.pl\/index.php\/wp-json\/wp\/v2\/categories?post=8102"},{"taxonomy":"post_tag","embeddable":true,"href":"https:\/\/nakanarach.pl\/index.php\/wp-json\/wp\/v2\/tags?post=8102"}],"curies":[{"name":"wp","href":"https:\/\/api.w.org\/{rel}","templated":true}]}}