{"id":8114,"date":"2024-04-11T10:00:22","date_gmt":"2024-04-11T09:00:22","guid":{"rendered":"https:\/\/nakanarach.pl\/?p=8114"},"modified":"2024-04-11T10:02:31","modified_gmt":"2024-04-11T09:02:31","slug":"armagedon-na-kanarach","status":"publish","type":"post","link":"https:\/\/nakanarach.pl\/index.php\/2024\/04\/11\/armagedon-na-kanarach\/","title":{"rendered":"ARMAGEDON NA KANARACH"},"content":{"rendered":"\n<p class=\"has-small-font-size\"><strong>W tym tygodniu na Wyspach Kanaryjskich jest wyj\u0105tkowo niestabilna pogoda. Najpierw w\u0142adze wyda\u0142y ostrze\u017cenia o silnym wietrze i wysokich falach, z powodu kt\u00f3rych woda zalewa\u0142a domy i samochody oraz ewakuowano mieszka\u0144c\u00f3w. Jedna osoba zmar\u0142a tragicznie z powodu wysokich fal. A teraz kolejny alert dotyczy kalimy (py\u0142u znad Sahary) i upa\u0142\u00f3w, kt\u00f3re s\u0105 raczej niespotykane w kwietniu na tym rajskim archipelagu. <\/strong><\/p>\n\n\n\n<p class=\"has-small-font-size\">Gazeta Canarias 7 informuje, \u017ce do najtragiczniejszego zdarzenia dosz\u0142o 10 kwietnia w Puerto de La Cruz na Teneryfie, gdzie 53-letni czeski turysta zgin\u0105\u0142\u00a0gdy wpad\u0142 do Oceanu Atlantyckiego podczas fotografowania du\u017cych fal w rejonie naturalnych basen\u00f3w.<\/p>\n\n\n\n<figure class=\"wp-block-image size-large\"><img fetchpriority=\"high\" decoding=\"async\" width=\"1024\" height=\"768\" src=\"https:\/\/nakanarach.pl\/wp-content\/uploads\/2024\/04\/Podtopienia0-1024x768.jpg\" alt=\"\" class=\"wp-image-8119\" srcset=\"https:\/\/nakanarach.pl\/wp-content\/uploads\/2024\/04\/Podtopienia0-1024x768.jpg 1024w, https:\/\/nakanarach.pl\/wp-content\/uploads\/2024\/04\/Podtopienia0-300x225.jpg 300w, https:\/\/nakanarach.pl\/wp-content\/uploads\/2024\/04\/Podtopienia0-768x576.jpg 768w, https:\/\/nakanarach.pl\/wp-content\/uploads\/2024\/04\/Podtopienia0-1536x1152.jpg 1536w, https:\/\/nakanarach.pl\/wp-content\/uploads\/2024\/04\/Podtopienia0-136x102.jpg 136w, https:\/\/nakanarach.pl\/wp-content\/uploads\/2024\/04\/Podtopienia0.jpg 2000w\" sizes=\"(max-width: 1024px) 100vw, 1024px\" \/><\/figure>\n\n\n\n<p class=\"has-small-font-size\">Portal Canarian Weekly poinformowa\u0142, \u017ce nocny przyp\u0142yw spowodowa\u0142 szkody na obszarach przybrze\u017cnych, zalewaj\u0105c ponad 20 dom\u00f3w, mi\u0119dzy innymi na Teneryfie, Gran Canarii, Lanzarote, Fuerteventurze i La Palmie. Prawie 130 mieszka\u0144c\u00f3w zosta\u0142o ewakuowanych z obszar\u00f3w Candelaria, G\u00fc\u00edmar, Arico, El Rosario i Arafo, a tak\u017ce z dzielnicy San Crist\u00f3bal na Gran Canarii i innych na La Palmie.<\/p>\n\n\n\n<p class=\"has-small-font-size\">Canarias 7 pisze, \u017ce dosz\u0142o do zalania<strong> <\/strong>pi\u0119ciu samochod\u00f3w, a w przypadku miejscowo\u015bci Candelaria na Teneryfie dost\u0119p do obszar\u00f3w przybrze\u017cnych i Plaza de la Candelaria zosta\u0142 zamkni\u0119ty i obowi\u0105zuje zakaz wst\u0119pu i k\u0105pieli w oceanie.<\/p>\n\n\n\n<figure class=\"wp-block-gallery has-nested-images columns-default is-cropped wp-block-gallery-1 is-layout-flex wp-block-gallery-is-layout-flex\">\n<figure class=\"wp-block-image size-large\"><img decoding=\"async\" width=\"1024\" height=\"768\" data-id=\"8118\" src=\"https:\/\/nakanarach.pl\/wp-content\/uploads\/2024\/04\/Podtopienia4-1024x768.jpg\" alt=\"\" class=\"wp-image-8118\" srcset=\"https:\/\/nakanarach.pl\/wp-content\/uploads\/2024\/04\/Podtopienia4-1024x768.jpg 1024w, https:\/\/nakanarach.pl\/wp-content\/uploads\/2024\/04\/Podtopienia4-300x225.jpg 300w, https:\/\/nakanarach.pl\/wp-content\/uploads\/2024\/04\/Podtopienia4-768x576.jpg 768w, https:\/\/nakanarach.pl\/wp-content\/uploads\/2024\/04\/Podtopienia4-1536x1152.jpg 1536w, https:\/\/nakanarach.pl\/wp-content\/uploads\/2024\/04\/Podtopienia4-136x102.jpg 136w, https:\/\/nakanarach.pl\/wp-content\/uploads\/2024\/04\/Podtopienia4.jpg 2000w\" sizes=\"(max-width: 1024px) 100vw, 1024px\" \/><\/figure>\n\n\n\n<figure class=\"wp-block-image size-large\"><img decoding=\"async\" width=\"1024\" height=\"461\" data-id=\"8115\" src=\"https:\/\/nakanarach.pl\/wp-content\/uploads\/2024\/04\/Podtopienia2-1024x461.jpg\" alt=\"\" class=\"wp-image-8115\" srcset=\"https:\/\/nakanarach.pl\/wp-content\/uploads\/2024\/04\/Podtopienia2-1024x461.jpg 1024w, https:\/\/nakanarach.pl\/wp-content\/uploads\/2024\/04\/Podtopienia2-300x135.jpg 300w, https:\/\/nakanarach.pl\/wp-content\/uploads\/2024\/04\/Podtopienia2-768x345.jpg 768w, https:\/\/nakanarach.pl\/wp-content\/uploads\/2024\/04\/Podtopienia2-1536x691.jpg 1536w, https:\/\/nakanarach.pl\/wp-content\/uploads\/2024\/04\/Podtopienia2.jpg 2048w\" sizes=\"(max-width: 1024px) 100vw, 1024px\" \/><\/figure>\n\n\n\n<figure class=\"wp-block-image size-large\"><img loading=\"lazy\" decoding=\"async\" width=\"1024\" height=\"771\" data-id=\"8116\" src=\"https:\/\/nakanarach.pl\/wp-content\/uploads\/2024\/04\/Podtopienia3-1024x771.jpg\" alt=\"\" class=\"wp-image-8116\" srcset=\"https:\/\/nakanarach.pl\/wp-content\/uploads\/2024\/04\/Podtopienia3-1024x771.jpg 1024w, https:\/\/nakanarach.pl\/wp-content\/uploads\/2024\/04\/Podtopienia3-300x226.jpg 300w, https:\/\/nakanarach.pl\/wp-content\/uploads\/2024\/04\/Podtopienia3-768x578.jpg 768w, https:\/\/nakanarach.pl\/wp-content\/uploads\/2024\/04\/Podtopienia3-1536x1156.jpg 1536w, https:\/\/nakanarach.pl\/wp-content\/uploads\/2024\/04\/Podtopienia3-136x102.jpg 136w, https:\/\/nakanarach.pl\/wp-content\/uploads\/2024\/04\/Podtopienia3.jpg 1600w\" sizes=\"(max-width: 1024px) 100vw, 1024px\" \/><\/figure>\n<\/figure>\n\n\n\n<p class=\"has-small-font-size\">Na Gran Canarii\u00a0siedmiu ewakuowanych mieszka\u0144c\u00f3w pochodzi z nadmorskiej dzielnicy San Crist\u00f3bal, gdzie podnosz\u0105ca si\u0119 woda w Oceanie Atlantyckim podczas przyp\u0142ywu zala\u0142a kilka gara\u017cy i parter\u00f3w dom\u00f3w. Nocna scena na promenadzie by\u0142a dantejska, ze \u015bmieciami porozrzucanych po ulicach, p\u0142ytami chodnikowymi powalonymi przez nap\u00f3r fal oraz workami i drewnem chroni\u0105cym drzwi &#8211; pisze Canarias7.<\/p>\n\n\n\n<figure class=\"wp-block-image size-large\"><img loading=\"lazy\" decoding=\"async\" width=\"1024\" height=\"771\" src=\"https:\/\/nakanarach.pl\/wp-content\/uploads\/2024\/04\/Podtopienia5-1024x771.jpg\" alt=\"\" class=\"wp-image-8120\" srcset=\"https:\/\/nakanarach.pl\/wp-content\/uploads\/2024\/04\/Podtopienia5-1024x771.jpg 1024w, https:\/\/nakanarach.pl\/wp-content\/uploads\/2024\/04\/Podtopienia5-300x226.jpg 300w, https:\/\/nakanarach.pl\/wp-content\/uploads\/2024\/04\/Podtopienia5-768x578.jpg 768w, https:\/\/nakanarach.pl\/wp-content\/uploads\/2024\/04\/Podtopienia5-1536x1156.jpg 1536w, https:\/\/nakanarach.pl\/wp-content\/uploads\/2024\/04\/Podtopienia5-136x102.jpg 136w, https:\/\/nakanarach.pl\/wp-content\/uploads\/2024\/04\/Podtopienia5.jpg 1600w\" sizes=\"(max-width: 1024px) 100vw, 1024px\" \/><\/figure>\n\n\n\n<p class=\"has-small-font-size\">Wed\u0142ug informacji od policji krajowej (Policia Nacional) w\u015br\u00f3d&nbsp;siedmiu os\u00f3b uratowanych&nbsp;we wczesnych godzinach porannych by\u0142o dw\u00f3ch nieletnich w wieku siedmiu i dwunastu lat oraz starsza kobieta, kt\u00f3ra zosta\u0142a uwi\u0119ziona na dachach, gdy silna fala wybi\u0142a drzwi i okna, a starsze ma\u0142\u017ce\u0144stwo ucierpia\u0142o po tym, gdy ich  dom r\u00f3wnie\u017c zosta\u0142 zalany.<\/p>\n\n\n\n<p class=\"has-small-font-size\">Na Fuerteventurze Konsorcjum ds. Dostaw Wody poinformowa\u0142o, \u017ce ze wzgl\u0119du na silne fale konieczne by\u0142o wstrzymanie produkcji w zak\u0142adzie odsalania wody Gran Tarajal, poniewa\u017c nie by\u0142o mo\u017cliwo\u015bci pobrania wody z Oceanu w odpowiednich warunkach. Na Lanzarote fale zmy\u0142y kawa\u0142ek \u015bciany w Playa Honda.<\/p>\n\n\n\n<p class=\"has-small-font-size\">Filmy i zdj\u0119cia zamieszczone w Internecie potwierdzaj\u0105 twierdzenia mieszka\u0144c\u00f3w, \u017ce byli \u015bwiadkami zalania niekt\u00f3rych ulic i dom\u00f3w, do tego stopnia, \u017ce nie widzieli czego\u015b takiego od 40 lat. ZOBACZ VIDEO: <\/p>\n\n\n\n<p><a href=\"https:\/\/fb.watch\/rnnQvBgVHf\">https:\/\/fb.watch\/rnnQvBgVHf<\/a><\/p>\n\n\n\n<p class=\"has-small-font-size\">Po\u0142\u0105czenie warunk\u00f3w morskich i silnych wiatr\u00f3w skutkowa\u0142o falami na Oceanie Atlantyckim o wysoko\u015bci do 3 lub 4 metr\u00f3w &#8211; wraz z wiosennymi p\u0142ywami spowodowanymi pe\u0142ni\u0105 ksi\u0119\u017cyca,, co  spowodowa\u0142o, \u017ce morze zmy\u0142o pla\u017ce, nadmorskie promenady i drogi w pobli\u017cu linii brzegowej, wnikaj\u0105c w g\u0142\u0105b l\u0105du.<\/p>\n\n\n\n<p class=\"has-small-font-size\">W\u0142adze aktywowa\u0142y kolejny alert dotycz\u0105cy tym razem z powodu prognozowanych wysokich temperatur, kt\u00f3re od 11 kwietnia 2024 roku mog\u0105 dochodzi\u0107 nawet do 35 stopni Celsjusza, co nie jest norm\u0105 o tej porze roku na Wyspach Kanaryjskich. \u015arednie temperatury w kwietniu wynosz\u0105 ok. 26 stopni w cieniu i 18 w nocy. Tempartura wody w oceanie w pobli\u017cu archipelagu ma ok. 19 stopni. Do tego wed\u0142ug prognoz Pa\u0144stowej Agencji Metorologicznej (Aemet) ma by\u0107 na archipelagu kalima (py\u0142 saharyjski z Afryki oddalonej o ok. 200 km), porywy wiatru do 90 km\/h i pojawi\u0142y si\u0119 tak\u017ce ostrze\u017cenia o po\u017carach las\u00f3w. <\/p>\n\n\n\n<p class=\"has-small-font-size\">Foto: Ayuntamiento de Candelaria (Urz\u0105d Gminy Candelaria)<\/p>\n","protected":false},"excerpt":{"rendered":"<p>W tym tygodniu na Wyspach Kanaryjskich jest wyj\u0105tkowo niestabilna pogoda. Najpierw w\u0142adze wyda\u0142y ostrze\u017cenia o silnym wietrze i wysokich falach, z powodu kt\u00f3rych woda zalewa\u0142a domy i samochody oraz ewakuowano mieszka\u0144c\u00f3w. Jedna osoba zmar\u0142a tragicznie z powodu wysokich fal. A teraz kolejny alert dotyczy kalimy (py\u0142u znad Sahary) i upa\u0142\u00f3w, kt\u00f3re s\u0105 raczej niespotykane w [&hellip;]<\/p>\n","protected":false},"author":4,"featured_media":8117,"comment_status":"closed","ping_status":"open","sticky":false,"template":"","format":"standard","meta":{"om_disable_all_campaigns":false,"_monsterinsights_skip_tracking":false,"_monsterinsights_sitenote_active":false,"_monsterinsights_sitenote_note":"","_monsterinsights_sitenote_category":0,"footnotes":""},"categories":[12],"tags":[],"class_list":["post-8114","post","type-post","status-publish","format-standard","has-post-thumbnail","hentry","category-aktualnosci"],"aioseo_notices":[],"blog_post_layout_featured_media_urls":{"thumbnail":["https:\/\/nakanarach.pl\/wp-content\/uploads\/2024\/04\/Podtopienia1-150x150.jpg",150,150,true],"full":["https:\/\/nakanarach.pl\/wp-content\/uploads\/2024\/04\/Podtopienia1.jpg",2000,1500,false]},"categories_names":{"12":{"name":"Aktualno\u015bci","link":"https:\/\/nakanarach.pl\/index.php\/category\/aktualnosci\/"}},"tags_names":[],"comments_number":"0","wpmagazine_modules_lite_featured_media_urls":{"thumbnail":["https:\/\/nakanarach.pl\/wp-content\/uploads\/2024\/04\/Podtopienia1-150x150.jpg",150,150,true],"cvmm-medium":["https:\/\/nakanarach.pl\/wp-content\/uploads\/2024\/04\/Podtopienia1-300x300.jpg",300,300,true],"cvmm-medium-plus":["https:\/\/nakanarach.pl\/wp-content\/uploads\/2024\/04\/Podtopienia1-305x207.jpg",305,207,true],"cvmm-portrait":["https:\/\/nakanarach.pl\/wp-content\/uploads\/2024\/04\/Podtopienia1-400x600.jpg",400,600,true],"cvmm-medium-square":["https:\/\/nakanarach.pl\/wp-content\/uploads\/2024\/04\/Podtopienia1-600x600.jpg",600,600,true],"cvmm-large":["https:\/\/nakanarach.pl\/wp-content\/uploads\/2024\/04\/Podtopienia1-1024x1024.jpg",1024,1024,true],"cvmm-small":["https:\/\/nakanarach.pl\/wp-content\/uploads\/2024\/04\/Podtopienia1-130x95.jpg",130,95,true],"full":["https:\/\/nakanarach.pl\/wp-content\/uploads\/2024\/04\/Podtopienia1.jpg",2000,1500,false]},"_links":{"self":[{"href":"https:\/\/nakanarach.pl\/index.php\/wp-json\/wp\/v2\/posts\/8114","targetHints":{"allow":["GET"]}}],"collection":[{"href":"https:\/\/nakanarach.pl\/index.php\/wp-json\/wp\/v2\/posts"}],"about":[{"href":"https:\/\/nakanarach.pl\/index.php\/wp-json\/wp\/v2\/types\/post"}],"author":[{"embeddable":true,"href":"https:\/\/nakanarach.pl\/index.php\/wp-json\/wp\/v2\/users\/4"}],"replies":[{"embeddable":true,"href":"https:\/\/nakanarach.pl\/index.php\/wp-json\/wp\/v2\/comments?post=8114"}],"version-history":[{"count":2,"href":"https:\/\/nakanarach.pl\/index.php\/wp-json\/wp\/v2\/posts\/8114\/revisions"}],"predecessor-version":[{"id":8122,"href":"https:\/\/nakanarach.pl\/index.php\/wp-json\/wp\/v2\/posts\/8114\/revisions\/8122"}],"wp:featuredmedia":[{"embeddable":true,"href":"https:\/\/nakanarach.pl\/index.php\/wp-json\/wp\/v2\/media\/8117"}],"wp:attachment":[{"href":"https:\/\/nakanarach.pl\/index.php\/wp-json\/wp\/v2\/media?parent=8114"}],"wp:term":[{"taxonomy":"category","embeddable":true,"href":"https:\/\/nakanarach.pl\/index.php\/wp-json\/wp\/v2\/categories?post=8114"},{"taxonomy":"post_tag","embeddable":true,"href":"https:\/\/nakanarach.pl\/index.php\/wp-json\/wp\/v2\/tags?post=8114"}],"curies":[{"name":"wp","href":"https:\/\/api.w.org\/{rel}","templated":true}]}}