{"id":8171,"date":"2024-05-08T10:40:25","date_gmt":"2024-05-08T09:40:25","guid":{"rendered":"https:\/\/nakanarach.pl\/?p=8171"},"modified":"2024-05-17T11:05:26","modified_gmt":"2024-05-17T10:05:26","slug":"wiecej-domow-wakacyjnych","status":"publish","type":"post","link":"https:\/\/nakanarach.pl\/index.php\/2024\/05\/08\/wiecej-domow-wakacyjnych\/","title":{"rendered":"WI\u0118CEJ DOM\u00d3W WAKACYJNYCH"},"content":{"rendered":"\n<p><strong>Ta wiadomo\u015b\u0107 z pewno\u015bci\u0105 ucieszy turyst\u00f3w, kt\u00f3rzy planuj\u0105 wypoczynek na rajskich Wyspach Kanaryjskich. Lawinowo ro\u015bnie liczba rejestracji dom\u00f3w wakacyjnych. Mieszka\u0144cy archipelagu narzekaj\u0105 jednak na przeludnienie i wzrost cen mieszka\u0144 na wynajem, za co z kolei obwiniaj\u0105 sektor turystyczny. <\/strong><\/p>\n\n\n\n<p>Wyspy Kanaryjskie to nadal jeden z najch\u0119tniej odwiedzanych kierunk\u00f3w przez obcokrajowc\u00f3w. W szczycie sezonu, kt\u00f3ry na archipelagu trwa od listopada do \u015bwi\u0105t Wielkanocnych, kiedy w Europie nie ma prawie \u017cadnej konkurencji, je\u015bli chodzi o gwarantowan\u0105 s\u0142oneczn\u0105 pogod\u0119 i wysokie temperatury, kt\u00f3re w kwietniu br. przekracza\u0142y nawet 40 stopni Celsjusza. Wyspy Kanaryjskie przyj\u0119\u0142y w minionym sezonie zimowym wi\u0119cej turyst\u00f3w ni\u017c kiedykolwiek wcze\u015bniej. <\/p>\n\n\n\n<p>Ten sektor to g\u0142\u00f3wny czynnik wp\u0142waj\u0105cy na rozw\u00f3j i PKB tego rajskiego archipelagu.  Wed\u0142ug danych statystycznych obroty wygenerowane w samym tylko kwietniu 2024 roku na Wyspach Kanaryjskich przez 1,54 miliona turyst\u00f3w wynios\u0142y 2,3 mld euro, czyli, o 20,9% wi\u0119cej ni\u017c w marcu 2024 roku. \u015arednia stawka wynios\u0142a 1507 euro na ka\u017cdego turyst\u0119, Wyspy Kanaryjskie nigdy nie przyj\u0119\u0142y tak wielu zagranicznych urlopowicz\u00f3w w ci\u0105gu jednego miesi\u0105ca, ani nigdy nie wyda\u0142y takich  du\u017cych kwot na wypoczynek w ci\u0105gu zaledwie jednego miesi\u0105ca. <\/p>\n\n\n\n<p>W ci\u0105gu miesi\u0105ca, po tym jak rz\u0105d Wysp Kanaryjskich reprezentowany przez Coalici\u00f3n Canaria (CC) i Partido Popular (PP), przedstawi\u0142\u00a0projekt ustawy reguluj\u0105cej dzia\u0142alno\u015b\u0107 nieruchomo\u015bci na wynajem na Wyspach Kanaryjskich. liczba dziennych rejestracji dom\u00f3w wakacyjnych w tej Wsp\u00f3lnocie Autonomicznej wynios\u0142a \u015brednio a\u017c 70 rejestracji dziennie, czyli o 39,38% wi\u0119cej. Z raporu wynika, \u017ce w okresie od czerwca 2023 r. do 17 kwietnia 2024 r. na Wyspach Kanaryjskich powsta\u0142o kolejne 15319 obiekt\u00f3w wakacyjnych, czyli \u015brednio 50,22 nowych licencji dziennie. Jednak w okresie od 5 kwietnia do 2 maja 2024 roku tego roku zarejestrowano 1890 zg\u0142osze\u0144, co wed\u0142ug wylicze\u0144 pokazuje, \u017ce dzienny wska\u017anik wyni\u00f3s\u0142 70 zg\u0142osze\u0144. Obecnie na wszystkich wyspach archipelagu (7 du\u017cych wysp i 6 mniejszych) znajduj\u0105 si\u0119 obecnie 56173 mieszkania przeznaczone do kr\u00f3tkotrwa\u0142ego u\u017cytku turystycznego, co odpowiada liczbie 400 hoteli z 500 \u0142\u00f3\u017ckami ka\u017cdy.<\/p>\n\n\n\n<p>Te informacje nie podobaj\u0105 si\u0119 jednak mieszka\u0144com, kt\u00f3rzy 20 kwietnia 2024 roku protestowali na kilku wyspach. W demonstracjach \u0142\u0105cznie uczestniczy\u0142o kilkadziesi\u0105t tysi\u0119cy os\u00f3b na rzecz ochrony obszar\u00f3w naturalnych, moratorium turystycznego i surowszych przepis\u00f3w dla obcokrajowc\u00f3w kupuj\u0105cych nieruchomo\u015bci\u201d, cho\u0107 obowi\u0105zuj\u0105 tu takie same przepisy, jak w ca\u0142ej Unii Europejskiej (Wyspy Kanaryjskie nale\u017c\u0105 politycznie do Hiszpanii, a terytorialnie do Makaronezji, gdy\u017c le\u017c\u0105 niespe\u0142na 200 km od Afryki). W bytyjskiej gazecie Daily Mail autor artyku\u0142u napisa\u0142, \u017ce brytyjscy tury\u015bci (najliczniejsza grupa turyst\u00f3w na Kanarach \u2013 ponad 4 mln os\u00f3b rocznie) podr\u00f3\u017cuj\u0105cy na Wyspy Kanaryjskie spotkali nie tylko \u201eanty-turystyczne graffiti, ale te\u017c napi\u0119te przyj\u0119cie ze strony miejscowych\u201d. Mieszka\u0144cy twierdz\u0105, \u017ce maj\u0105 do\u015b\u0107 ha\u0142asu i zanieczyszczenia \u015bmieciami, kt\u00f3re pojawiaj\u0105 si\u0119 wraz z sezonowym nap\u0142ywem turyst\u00f3w, g\u0142\u00f3wnie w okresie letnim. Dodatkowo obwinia si\u0119 jeden z popularnych portali rezerwacyjnych Airbnb za podnoszenie koszt\u00f3w wynajmu i koszt\u00f3w \u017cycia mieszka\u0144c\u00f3w wyspy. <\/p>\n\n\n\n<p>Tymczasem w niekt\u00f3rych miejscach na budynkach i murach przy deptakach spacerowych pojawi\u0142y si\u0119 w tym roku antyturystyczne napisy.<\/p>\n\n\n\n<p>\u201eTury\u015bci, wracajcie do domu\u201d, \u201eMoja n\u0119dza, wasz raj\u201d lub \u201e\u015arednia pensja na Wyspach Kanaryjskich wynosi 1200 euro na r\u0119k\u0119\u201d.<\/p>\n\n\n\n<p>Stowarzyszenie Administrator\u00f3w Nieruchomo\u015bci Santa Cruz de Tenerife i Kanaryjskie Stowarzyszenie Wynajmu Wakacyjnego (Ascav) wyrazi\u0142y sprzeciw wobec projektu ustawy o wynajmie wakacyjnym przygotowywanego przez rz\u0105d Wysp Kanaryjskich, kt\u00f3ry obecnie jest w fazie publicznych konsultacji i zbierane s\u0105 opinie i komentarze.<\/p>\n\n\n\n<p>Administratorzy nieruchomo\u015bci domagaj\u0105 si\u0119 zwi\u0119kszenia praw w\u0142a\u015bcicieli do swoich dom\u00f3w i podr\u00f3\u017cnych do wyboru preferowanego miejsca zakwaterowania. Twierdz\u0105, \u017ce staj\u0105 w obronie \u201einteres\u00f3w wszystkich zaanga\u017cowanych stron\u201d i opowiadaj\u0105 si\u0119 za \u201ekontrolowaniem wynajmu wakacyjnego, regulowaniem go, ustanawianiem warunk\u00f3w, zgodnie z decyzj\u0105 spo\u0142eczno\u015bci\u201d. Uwa\u017caj\u0105 jednak, \u017ce projekt ustawy \u201enie reguluje, ale raczej zakazuje lub ogranicza dzia\u0142alno\u015b\u0107\u201d oraz \u201eogranicza prawo turyst\u00f3w do wyboru rodzaju zakwaterowania, z kt\u00f3rego chc\u0105 korzysta\u0107\u201d.<\/p>\n\n\n\n<p>Administratorzy nieruchomo\u015bci uwa\u017caj\u0105, \u017ce proponowane obecnie rozwi\u0105zania prawne s\u0105 \u201edalekie od rozwi\u0105zania sytuacji os\u00f3b, kt\u00f3re zajmuj\u0105 si\u0119 wynajmem mieszka\u0144\u201d, co w konsekwencji mo\u017ce sprowodowa\u0107 \u201ekolejny kryzys, poniewa\u017c w\u0142a\u015bciciele dom\u00f3w b\u0119d\u0105 chcieli sprzeda\u0107 nieruchomo\u015bci wakacyjne z powodu warunk\u00f3w, kt\u00f3re rz\u0105d chce narzuci\u0107\u201d. Ju\u017c teraz gwa\u0142townie wzros\u0142y ceny wynajmu lokali dla mieszka\u0144c\u00f3w, a tak\u017ce poszybowa\u0142y mocno w g\u00f3r\u0119 ceny transakcyjne sprzeda\u017cy mieszka\u0144. <\/p>\n\n\n\n<p>Kanaryjskie Stowarzyszenie Wynajmu Wakacyjnego (Ascav) og\u0142osi\u0142o \u017ce z\u0142o\u017cy\u0142o skarg\u0119 administracyjn\u0105 przeciwko rz\u0105dowi Wysp Kanaryjskich przed Izb\u0105 Administracyjn\u0105 Wysokiego Trybuna\u0142u Sprawiedliwo\u015bci Wysp Kanaryjskich (TSJC) za odmow\u0119 dostarczenia dokumentacji odnosz\u0105cej si\u0119 do ponad 5 tysi\u0119cy zarzut\u00f3w, kt\u00f3re zosta\u0142y przedstawione w konsultacjach publicznych w sprawie projektu ustawy o domach wakacyjnych. Stowarzyszenie przypomina w o\u015bwiadczeniu, \u017ce ju\u017c 7 grudnia 2023 r. zwr\u00f3ci\u0142o si\u0119 do Regionalnego Ministerstwa Turystyki o pe\u0142n\u0105 kopi\u0119 zarzut\u00f3w przedstawionych w procesie konsultacji publicznych, ale do tej pory nie otrzyma\u0142o odpowiedzi od w\u0142adz.<\/p>\n\n\n\n<p>Stowarzyszenie wynajmu wakacyjnego Wysp Kanaryjskich (ASCAV) opowiada si\u0119 za wprowadzeniem podatku ekologicznego na Wyspach Kanaryjskich. Op\u0142ata ta mia\u0142aby dotyczy\u0107 \u201ewszystkich obiekt\u00f3w zakwaterowania turystycznego znajduj\u0105cych si\u0119 na Wyspach Kanaryjskich\u201d, a dochody mia\u0142yby zosta\u0107 \u201ew ca\u0142o\u015bci przeznaczone na promocj\u0119 mieszka\u0144 socjalnych dla rodzin z Wysp Kanaryjskich\u201d &#8211; wyja\u015bnia prezes organizacji Doris Borrego, w wypowiedzi dla angielskoj\u0119zycznej gazety Canarian Weekly.<\/p>\n\n\n\n<p>Senator partii socjalistycznej PSOE na Wyspach Kanaryjskich, Jos\u00e9 Antonio Valbuena, udzieli\u0142 odpowiedzi osobom zwi\u0105zanym z sektorem turystyki, kt\u00f3re twierdz\u0105, \u017ce podatek turystyczny m\u00f3g\u0142by sk\u0142oni\u0107 niekt\u00f3rych urlopowicz\u00f3w do wyboru innego kierunku ni\u017c Wyspy Kanaryjskie, zadaj\u0105c im pytanie, czy chcieliby, \u017ce op\u0142ata w wysoko\u015bci od jednego do trzech euro za noc naprawd\u0119 przynios\u0142aby taki efekt?<\/p>\n\n\n\n<p>Valbuena stwierdzi\u0142, \u017ce wed\u0142ug jego oblicze\u0144 przy kilkunastu milionach turyst\u00f3w rocznie i \u015brednim pobycie ka\u017cdego z nich wynosz\u0105cym dziewi\u0119\u0107 nocy, Wyspy Kanaryjskie mog\u0142yby uzyska\u0107 z podatku turystycznego 108 milion\u00f3w euro, gdyby opodatkowano ka\u017cd\u0105 noc w wysoko\u015bci jednego euro oraz 324 milion\u00f3w euro, je\u015bli by pobierano trzy euro dziennie.<\/p>\n\n\n\n<p>Prezydent autonomii Wysp Kanaryjskich, Fernando Clavijo (Koalicja Kanaryjska), wzywa do zachowania \u201ezdrowego rozs\u0105dku\u201d tych, kt\u00f3rzy protestuj\u0105 przeciwko turystyce, poniewa\u017c jest ona \u201eg\u0142\u00f3wnym \u017ar\u00f3d\u0142em zatrudnienia i dobrobytu\u201d ca\u0142ego archipelagu.<\/p>\n\n\n\n<p>Foto: Archiwum NaKanarach.pl<\/p>\n","protected":false},"excerpt":{"rendered":"<p>Ta wiadomo\u015b\u0107 z pewno\u015bci\u0105 ucieszy turyst\u00f3w, kt\u00f3rzy planuj\u0105 wypoczynek na rajskich Wyspach Kanaryjskich. Lawinowo ro\u015bnie liczba rejestracji dom\u00f3w wakacyjnych. Mieszka\u0144cy archipelagu narzekaj\u0105 jednak na przeludnienie i wzrost cen mieszka\u0144 na wynajem, za co z kolei obwiniaj\u0105 sektor turystyczny. Wyspy Kanaryjskie to nadal jeden z najch\u0119tniej odwiedzanych kierunk\u00f3w przez obcokrajowc\u00f3w. W szczycie sezonu, kt\u00f3ry na archipelagu [&hellip;]<\/p>\n","protected":false},"author":4,"featured_media":6242,"comment_status":"closed","ping_status":"open","sticky":false,"template":"","format":"standard","meta":{"om_disable_all_campaigns":false,"_monsterinsights_skip_tracking":false,"_monsterinsights_sitenote_active":false,"_monsterinsights_sitenote_note":"","_monsterinsights_sitenote_category":0,"footnotes":""},"categories":[75,17],"tags":[],"class_list":["post-8171","post","type-post","status-publish","format-standard","has-post-thumbnail","hentry","category-ciekawostki","category-turystyka"],"aioseo_notices":[],"blog_post_layout_featured_media_urls":{"thumbnail":["https:\/\/nakanarach.pl\/wp-content\/uploads\/2023\/01\/Tarasy-Las-Palmas-Gran-Canaria-150x150.jpg",150,150,true],"full":["https:\/\/nakanarach.pl\/wp-content\/uploads\/2023\/01\/Tarasy-Las-Palmas-Gran-Canaria-scaled.jpg",2560,1440,false]},"categories_names":{"75":{"name":"Ciekawostki","link":"https:\/\/nakanarach.pl\/index.php\/category\/ciekawostki\/"},"17":{"name":"Turystyka","link":"https:\/\/nakanarach.pl\/index.php\/category\/turystyka\/"}},"tags_names":[],"comments_number":"0","wpmagazine_modules_lite_featured_media_urls":{"thumbnail":["https:\/\/nakanarach.pl\/wp-content\/uploads\/2023\/01\/Tarasy-Las-Palmas-Gran-Canaria-150x150.jpg",150,150,true],"cvmm-medium":["https:\/\/nakanarach.pl\/wp-content\/uploads\/2023\/01\/Tarasy-Las-Palmas-Gran-Canaria-300x300.jpg",300,300,true],"cvmm-medium-plus":["https:\/\/nakanarach.pl\/wp-content\/uploads\/2023\/01\/Tarasy-Las-Palmas-Gran-Canaria-305x207.jpg",305,207,true],"cvmm-portrait":["https:\/\/nakanarach.pl\/wp-content\/uploads\/2023\/01\/Tarasy-Las-Palmas-Gran-Canaria-400x600.jpg",400,600,true],"cvmm-medium-square":["https:\/\/nakanarach.pl\/wp-content\/uploads\/2023\/01\/Tarasy-Las-Palmas-Gran-Canaria-600x600.jpg",600,600,true],"cvmm-large":["https:\/\/nakanarach.pl\/wp-content\/uploads\/2023\/01\/Tarasy-Las-Palmas-Gran-Canaria-1024x1024.jpg",1024,1024,true],"cvmm-small":["https:\/\/nakanarach.pl\/wp-content\/uploads\/2023\/01\/Tarasy-Las-Palmas-Gran-Canaria-130x95.jpg",130,95,true],"full":["https:\/\/nakanarach.pl\/wp-content\/uploads\/2023\/01\/Tarasy-Las-Palmas-Gran-Canaria-scaled.jpg",2560,1440,false]},"_links":{"self":[{"href":"https:\/\/nakanarach.pl\/index.php\/wp-json\/wp\/v2\/posts\/8171","targetHints":{"allow":["GET"]}}],"collection":[{"href":"https:\/\/nakanarach.pl\/index.php\/wp-json\/wp\/v2\/posts"}],"about":[{"href":"https:\/\/nakanarach.pl\/index.php\/wp-json\/wp\/v2\/types\/post"}],"author":[{"embeddable":true,"href":"https:\/\/nakanarach.pl\/index.php\/wp-json\/wp\/v2\/users\/4"}],"replies":[{"embeddable":true,"href":"https:\/\/nakanarach.pl\/index.php\/wp-json\/wp\/v2\/comments?post=8171"}],"version-history":[{"count":1,"href":"https:\/\/nakanarach.pl\/index.php\/wp-json\/wp\/v2\/posts\/8171\/revisions"}],"predecessor-version":[{"id":8172,"href":"https:\/\/nakanarach.pl\/index.php\/wp-json\/wp\/v2\/posts\/8171\/revisions\/8172"}],"wp:featuredmedia":[{"embeddable":true,"href":"https:\/\/nakanarach.pl\/index.php\/wp-json\/wp\/v2\/media\/6242"}],"wp:attachment":[{"href":"https:\/\/nakanarach.pl\/index.php\/wp-json\/wp\/v2\/media?parent=8171"}],"wp:term":[{"taxonomy":"category","embeddable":true,"href":"https:\/\/nakanarach.pl\/index.php\/wp-json\/wp\/v2\/categories?post=8171"},{"taxonomy":"post_tag","embeddable":true,"href":"https:\/\/nakanarach.pl\/index.php\/wp-json\/wp\/v2\/tags?post=8171"}],"curies":[{"name":"wp","href":"https:\/\/api.w.org\/{rel}","templated":true}]}}