{"id":8238,"date":"2024-05-31T10:00:11","date_gmt":"2024-05-31T09:00:11","guid":{"rendered":"https:\/\/nakanarach.pl\/?p=8238"},"modified":"2024-05-31T10:00:13","modified_gmt":"2024-05-31T09:00:13","slug":"oplaty-za-wstep-do-slynnego-wawozu","status":"publish","type":"post","link":"https:\/\/nakanarach.pl\/index.php\/2024\/05\/31\/oplaty-za-wstep-do-slynnego-wawozu\/","title":{"rendered":"OP\u0141ATY ZA WST\u0118P DO S\u0141YNNEGO W\u0104WOZU"},"content":{"rendered":"\n<p><strong>Kolejne pr\u00f3by ograniczenia liczby turyst\u00f3w do najwi\u0119kszych atrakcji na kanaryjskiej Teneryfie.<\/strong> <strong>Przewodnicz\u0105ca Urz\u0119du Teneryfy, Rosa D\u00e1vila, og\u0142osi\u0142a pod koniec maja br., \u017ce tego lata ruszy pilota\u017cowy projekt w s\u0142ynnym w\u0105wozie Masca, aby pobiera\u0107 op\u0142aty od os\u00f3b, kt\u00f3re nie s\u0105 mieszka\u0144cami wyspy za dost\u0119p do unikatowych obszar\u00f3w przyrodniczych.<\/strong><\/p>\n\n\n\n<p>Podczas konferencji prasowej po\u015bwi\u0119conej porozumieniom Rady Zarz\u0105dzaj\u0105cej, Rosa D\u00e1vila wskaza\u0142a, \u017ce niebawem ma zosta\u0107 podpisane tr\u00f3jstronne porozumienie mi\u0119dzy Rad\u0105 Miejsk\u0105 gminy Buenavista, Puertos de Tenerife i Urz\u0119dem Teneryfy (Cabildo de Tenerife).<\/p>\n\n\n\n<p>Dzi\u0119ki niemu b\u0119dzie mo\u017cliwe polepszenie us\u0142ug i zwi\u0119kszenie bezpiecze\u0144stwa, w tym otwarcie nabrze\u017ca, kt\u00f3re zosta\u0142o zamkni\u0119te w 2018 roku. Prace na nabrze\u017cu wymaga\u0142y dodatkowych inwestycji na wyspie w wysoko\u015bci 1,6 miliona euro na budow\u0119 grobli z 46 betonowych blok\u00f3w oraz chodnika, z platform\u0105 do wsiadania, kt\u00f3ra mo\u017ce by\u0107 r\u00f3wnie\u017c u\u017cywana jako l\u0105dowisko dla helikopter\u00f3w.<\/p>\n\n\n\n<p>W\u0142adze Teneryfy ustali\u0142y, \u017ce zostanie ustalony dzienny limit maksymalnie 275 os\u00f3b, kt\u00f3re b\u0119d\u0105 mog\u0142y przej\u015b\u0107 przez w\u0105w\u00f3z Masca. Jego przepustowo\u015b\u0107 szacuje si\u0119 na 100 tys. turyst\u00f3w rocznie. Wed\u0142ug za\u0142o\u017ce\u0144 odwiedzaj\u0105cy to miejsce b\u0119d\u0105 mogli swobodnie zwiedza\u0107 w\u0105w\u00f3z lub skorzysta\u0107 z oferty firm turystycznych, kt\u00f3re oferuj\u0105 spacer z przewodnikiem.<\/p>\n\n\n\n<p>Dodatkowo b\u0119dzie kursowa\u0107 specjalna linia autobus\u00f3w reguluj\u0105ca mobilno\u015b\u0107 w dost\u0119pie do tej atrakcji.<\/p>\n\n\n\n<p>Prezydent wyspy poinformowa\u0142a, \u017ce zasoby sp\u00f3\u0142ki publicznej Tragsa zostan\u0105 wykorzystane do zarz\u0105dzania op\u0142at\u0105 za wizyt\u0119, kt\u00f3rej cena nie zosta\u0142a jeszcze ustalona. Op\u0142aty w innych obszarach przyrodniczych wyspy maj\u0105 zacz\u0105\u0107 obowi\u0105zywa\u0107 od 1 stycznia 2025 roku.<\/p>\n\n\n\n<p>Wprowadzone zmiany maj\u0105 \u201ez\u0142agodzi\u0107\u201d podr\u00f3\u017ce w obie strony w samym w\u0105wozie i zmniejszy\u0107 liczb\u0119 wypadk\u00f3w oraz akcji ratowniczych. Jednocze\u015bnie D\u00e1vila jest przekonana, \u017ce ograniczenie liczby os\u00f3b przyczyni si\u0119 do zmniejszenia negatywnego wp\u0142ywu na \u015brodowisko naturalne.<\/p>\n\n\n\n<p>W\u0142adze Teneryfy zgodzi\u0142y si\u0119 r\u00f3wnie\u017c na wyd\u0142u\u017cenie godzin pracy stra\u017cy ekologicznej, kt\u00f3ra latem tego roku zostanie przed\u0142u\u017cona w godz. 8 do 20, aby nadzorowa\u0107 odwiedzaj\u0105cych to wyj\u0105tkowe miejsce turyst\u00f3w.<\/p>\n\n\n\n<p>Foto: Zdj\u0119cie ilustracyjne &#8211; Archiwum NaKanarach.pl<\/p>\n","protected":false},"excerpt":{"rendered":"<p>Kolejne pr\u00f3by ograniczenia liczby turyst\u00f3w do najwi\u0119kszych atrakcji na kanaryjskiej Teneryfie. Przewodnicz\u0105ca Urz\u0119du Teneryfy, Rosa D\u00e1vila, og\u0142osi\u0142a pod koniec maja br., \u017ce tego lata ruszy pilota\u017cowy projekt w s\u0142ynnym w\u0105wozie Masca, aby pobiera\u0107 op\u0142aty od os\u00f3b, kt\u00f3re nie s\u0105 mieszka\u0144cami wyspy za dost\u0119p do unikatowych obszar\u00f3w przyrodniczych. Podczas konferencji prasowej po\u015bwi\u0119conej porozumieniom Rady Zarz\u0105dzaj\u0105cej, Rosa [&hellip;]<\/p>\n","protected":false},"author":4,"featured_media":6280,"comment_status":"closed","ping_status":"open","sticky":false,"template":"","format":"standard","meta":{"om_disable_all_campaigns":false,"_monsterinsights_skip_tracking":false,"_monsterinsights_sitenote_active":false,"_monsterinsights_sitenote_note":"","_monsterinsights_sitenote_category":0,"footnotes":""},"categories":[12],"tags":[],"class_list":["post-8238","post","type-post","status-publish","format-standard","has-post-thumbnail","hentry","category-aktualnosci"],"aioseo_notices":[],"blog_post_layout_featured_media_urls":{"thumbnail":["https:\/\/nakanarach.pl\/wp-content\/uploads\/2023\/01\/Teneryfa-szczyt-neutral-150x150.jpg",150,150,true],"full":["https:\/\/nakanarach.pl\/wp-content\/uploads\/2023\/01\/Teneryfa-szczyt-neutral-scaled.jpg",2560,1440,false]},"categories_names":{"12":{"name":"Aktualno\u015bci","link":"https:\/\/nakanarach.pl\/index.php\/category\/aktualnosci\/"}},"tags_names":[],"comments_number":"0","wpmagazine_modules_lite_featured_media_urls":{"thumbnail":["https:\/\/nakanarach.pl\/wp-content\/uploads\/2023\/01\/Teneryfa-szczyt-neutral-150x150.jpg",150,150,true],"cvmm-medium":["https:\/\/nakanarach.pl\/wp-content\/uploads\/2023\/01\/Teneryfa-szczyt-neutral-300x300.jpg",300,300,true],"cvmm-medium-plus":["https:\/\/nakanarach.pl\/wp-content\/uploads\/2023\/01\/Teneryfa-szczyt-neutral-305x207.jpg",305,207,true],"cvmm-portrait":["https:\/\/nakanarach.pl\/wp-content\/uploads\/2023\/01\/Teneryfa-szczyt-neutral-400x600.jpg",400,600,true],"cvmm-medium-square":["https:\/\/nakanarach.pl\/wp-content\/uploads\/2023\/01\/Teneryfa-szczyt-neutral-600x600.jpg",600,600,true],"cvmm-large":["https:\/\/nakanarach.pl\/wp-content\/uploads\/2023\/01\/Teneryfa-szczyt-neutral-1024x1024.jpg",1024,1024,true],"cvmm-small":["https:\/\/nakanarach.pl\/wp-content\/uploads\/2023\/01\/Teneryfa-szczyt-neutral-130x95.jpg",130,95,true],"full":["https:\/\/nakanarach.pl\/wp-content\/uploads\/2023\/01\/Teneryfa-szczyt-neutral-scaled.jpg",2560,1440,false]},"_links":{"self":[{"href":"https:\/\/nakanarach.pl\/index.php\/wp-json\/wp\/v2\/posts\/8238","targetHints":{"allow":["GET"]}}],"collection":[{"href":"https:\/\/nakanarach.pl\/index.php\/wp-json\/wp\/v2\/posts"}],"about":[{"href":"https:\/\/nakanarach.pl\/index.php\/wp-json\/wp\/v2\/types\/post"}],"author":[{"embeddable":true,"href":"https:\/\/nakanarach.pl\/index.php\/wp-json\/wp\/v2\/users\/4"}],"replies":[{"embeddable":true,"href":"https:\/\/nakanarach.pl\/index.php\/wp-json\/wp\/v2\/comments?post=8238"}],"version-history":[{"count":1,"href":"https:\/\/nakanarach.pl\/index.php\/wp-json\/wp\/v2\/posts\/8238\/revisions"}],"predecessor-version":[{"id":8239,"href":"https:\/\/nakanarach.pl\/index.php\/wp-json\/wp\/v2\/posts\/8238\/revisions\/8239"}],"wp:featuredmedia":[{"embeddable":true,"href":"https:\/\/nakanarach.pl\/index.php\/wp-json\/wp\/v2\/media\/6280"}],"wp:attachment":[{"href":"https:\/\/nakanarach.pl\/index.php\/wp-json\/wp\/v2\/media?parent=8238"}],"wp:term":[{"taxonomy":"category","embeddable":true,"href":"https:\/\/nakanarach.pl\/index.php\/wp-json\/wp\/v2\/categories?post=8238"},{"taxonomy":"post_tag","embeddable":true,"href":"https:\/\/nakanarach.pl\/index.php\/wp-json\/wp\/v2\/tags?post=8238"}],"curies":[{"name":"wp","href":"https:\/\/api.w.org\/{rel}","templated":true}]}}