{"id":8261,"date":"2024-06-07T07:35:07","date_gmt":"2024-06-07T06:35:07","guid":{"rendered":"https:\/\/nakanarach.pl\/?p=8261"},"modified":"2024-06-07T07:50:00","modified_gmt":"2024-06-07T06:50:00","slug":"glosowanie-w-eurowyborach-na-kanarach","status":"publish","type":"post","link":"https:\/\/nakanarach.pl\/index.php\/2024\/06\/07\/glosowanie-w-eurowyborach-na-kanarach\/","title":{"rendered":"G\u0141OSOWANIE W EUROWYBORACH NA KANARACH"},"content":{"rendered":"\n<p><strong>Polacy mieszkaj\u0105cy na Wyspach Kanaryjskich zastanawiaj\u0105 si\u0119, czy Prawo i Sprawiedliwo\u015b\u0107 ponownie przegra z kretesem na tym rajskim archipelagu wybory, tym razem do europarlamentu. Podczas g\u0142osowania do parlamentu w pa\u017adzierniku 2023 roku partia Jaros\u0142awa Kaczy\u0144skiego zaj\u0119\u0142a tu ostatnie miejsce spo\u015br\u00f3d partii, kt\u00f3re dosta\u0142y si\u0119 do Sejmu. <\/strong><\/p>\n\n\n\n<p>Prezydent Rzeczypospolitej Polskiej zarz\u0105dzi\u0142 na dzie\u0144 9 czerwca 2024 r., wybory pos\u0142\u00f3w do Parlamentu Europejskiego w Rzeczypospolitej Polskiej.<\/p>\n\n\n\n<p>Wyborcy przebywaj\u0105cy za granic\u0105 b\u0119d\u0105 mogli odda\u0107 g\u0142os w obwodach g\u0142osowania, kt\u00f3re zgodnie z\u00a0<em>ustaw\u0105 z dnia 5 stycznia 2011 r. \u2013 Kodeks wyborczy\u00a0utworzy\u0142 Minister Spraw Zagranicznych<\/em>.<\/p>\n\n\n\n<p>Aby odda\u0107 g\u0142os nale\u017ca\u0142o wyst\u0105pi\u0107 do w\u0142a\u015bciwego terytorialnie konsula o uj\u0119cie w spisie wyborc\u00f3w. Wnioski mo\u017cna sk\u0142ada\u0107 do 4 czerwca 2024 r. W przypadku Wysp Kanaryjskich do Konsula Honorowego na Gran Canarii. Do 6 czerwca mo\u017cna by\u0142o z\u0142o\u017cy\u0107 do konsula wniosek o wydanie\u00a0za\u015bwiadczenia o prawie do g\u0142osowania. <\/p>\n\n\n\n<ul class=\"wp-block-list\">\n<li><strong>Dzie\u0144 wybor\u00f3w do Parlamentu Europejskiego \u2013 9 czerwca 2024 roku<\/strong>\u00a0G\u0142osowanie w obwodach g\u0142osowania utworzonych za granic\u0105 odbywa si\u0119 mi\u0119dzy\u00a0<strong>godz. 7.00 a 21.00 czasu miejscowego. Na Wyspach Kanaryjskich, kt\u00f3re terytorialnie nale\u017c\u0105 do Hiszpanii obowi\u0105zuje godzina do ty\u0142u. <\/strong><\/li>\n\n\n\n<li><strong>Je\u017celi g\u0142osowanie mia\u0142oby by\u0107 zako\u0144czone w dniu nast\u0119pnym po dniu g\u0142osowania w kraju, g\u0142osowanie przeprowadza si\u0119 w dniu poprzedzaj\u0105cym (8 czerwca 2024 roku).<\/strong><\/li>\n<\/ul>\n\n\n\n<p>Na Wyspach Kanaryjskich mieszka na sta\u0142e ok. 7 tys. Polak\u00f3w. <\/p>\n\n\n\n<p>Ambasada RP w Madrycie poinformowa\u0142a, \u017ce na tym archipelagu nasi rodacy mog\u0105 g\u0142osowa\u0107 w Obwodowej Komisji Wyborczej nr 67 w Las Palmas de Gran Canaria z siedzib\u0105 w Las Palmas de Gran Canaria, Calle Sim\u00f3n Bolivar 7. <\/p>\n\n\n\n<p>Przypomnijmy: w jesiennych wyborach z 2023 roku do Sejmu i Senatu Prawo i Sprawiedliwo\u015b\u0107 z kretesem przegra\u0142o wybory na Wyspach Kanaryjskich i znalaz\u0142o si\u0119 na ostatnim miejscu, w\u015br\u00f3d partii, kt\u00f3re przekroczy\u0142y pr\u00f3g wyborczy. Liderem zosta\u0142a Koalicja Obywatelska. Bardzo wysoka \u2013 powy\u017cej \u015bredniej krajowej \u2013 by\u0142a tak\u017ce frekwencja. \u00a0Na obu wyspach archipelagu g\u0142osowa\u0142o ponad 3 tys. os\u00f3b &#8211; wynika z oficjalnych danych Pa\u0144stwowej Komisji Wyborczej.<\/p>\n\n\n\n<p>Przed dwoma lokalami wyborczymi na Kanarach ustawia\u0142y si\u0119 d\u0142ugie kolejki. W\u015br\u00f3d nich by\u0142o wielu turyst\u00f3w, kt\u00f3rzy przylecieli na wakacje.<\/p>\n\n\n\n<p><strong>Na Teneryfie<\/strong>\u00a0\u2013 w Obwodowej Komisji Wyborczej nr 92 wed\u0142ug oficjalnych danych Pa\u0144stwowej Komisji Wyborczej w\u00f3wczas liczba wyborc\u00f3w wynios\u0142a 2137 os\u00f3b, a frekwencja ponad 93 procent. Z za\u015bwiadczeniem do g\u0142osowania przyby\u0142o tu 298 os\u00f3b.<\/p>\n\n\n\n<p>Najwi\u0119cej g\u0142os\u00f3w do Sejmu na tej wyspie zebra\u0142a Koalicj\u0119 Obywatelsk\u0105 (1044), nast\u0119pnie Trzecia Droga (357) i Nowa Lewica (296). Co ciekawe Konfederacja (158) wyprzedzi\u0142a tu Prawo i Sprawiedliwo\u015b\u0107 (110), kt\u00f3re znalaz\u0142o si\u0119 na ostatnim miejscu, w\u015br\u00f3d partii, kt\u00f3re przekroczy\u0142y pr\u00f3g wyborczy. \u00a0<\/p>\n\n\n\n<p><strong>W Las Palmas de Gran Canaria<\/strong>&nbsp;\u2013 w Obwodowej Komisji Wyborczej nr 93 w Las Palmas de Gran Canaria liczba wyborc\u00f3w wynios\u0142a 1084 osoby. Z czego 156 os\u00f3b g\u0142osowa\u0142o na podstawie za\u015bwiadczenia o prawie do g\u0142osowania poza miejscem zamieszkania. Frekwencja na Gran Canarii wynios\u0142a ponad 87 procent.<\/p>\n\n\n\n<p>Polacy na Gran Canarii w pa\u017adziernikowych wyborach oddali najwi\u0119cej g\u0142os\u00f3w na kandydat\u00f3w do Sejmu na Koalicj\u0119 Obywatelsk\u0105 (590), nast\u0119pnie na Now\u0105 Lewic\u0119 (210), Trzeci\u0105 Drog\u0119 (149). Tak\u017ce tutaj Konfederacja (66) wyprzedzi\u0142a Prawo i Sprawiedliwo\u015b\u0107 (45). \u00a0<\/p>\n\n\n\n<p>Foto: Archiwum NaKanarach.pl<\/p>\n","protected":false},"excerpt":{"rendered":"<p>Polacy mieszkaj\u0105cy na Wyspach Kanaryjskich zastanawiaj\u0105 si\u0119, czy Prawo i Sprawiedliwo\u015b\u0107 ponownie przegra z kretesem na tym rajskim archipelagu wybory, tym razem do europarlamentu. Podczas g\u0142osowania do parlamentu w pa\u017adzierniku 2023 roku partia Jaros\u0142awa Kaczy\u0144skiego zaj\u0119\u0142a tu ostatnie miejsce spo\u015br\u00f3d partii, kt\u00f3re dosta\u0142y si\u0119 do Sejmu. Prezydent Rzeczypospolitej Polskiej zarz\u0105dzi\u0142 na dzie\u0144 9 czerwca 2024 [&hellip;]<\/p>\n","protected":false},"author":4,"featured_media":7350,"comment_status":"closed","ping_status":"open","sticky":false,"template":"","format":"standard","meta":{"om_disable_all_campaigns":false,"_monsterinsights_skip_tracking":false,"_monsterinsights_sitenote_active":false,"_monsterinsights_sitenote_note":"","_monsterinsights_sitenote_category":0,"footnotes":""},"categories":[12],"tags":[],"class_list":["post-8261","post","type-post","status-publish","format-standard","has-post-thumbnail","hentry","category-aktualnosci"],"aioseo_notices":[],"blog_post_layout_featured_media_urls":{"thumbnail":["https:\/\/nakanarach.pl\/wp-content\/uploads\/2023\/10\/Glosowanie2-1-150x150.jpg",150,150,true],"full":["https:\/\/nakanarach.pl\/wp-content\/uploads\/2023\/10\/Glosowanie2-1-scaled.jpg",2560,1440,false]},"categories_names":{"12":{"name":"Aktualno\u015bci","link":"https:\/\/nakanarach.pl\/index.php\/category\/aktualnosci\/"}},"tags_names":[],"comments_number":"0","wpmagazine_modules_lite_featured_media_urls":{"thumbnail":["https:\/\/nakanarach.pl\/wp-content\/uploads\/2023\/10\/Glosowanie2-1-150x150.jpg",150,150,true],"cvmm-medium":["https:\/\/nakanarach.pl\/wp-content\/uploads\/2023\/10\/Glosowanie2-1-300x300.jpg",300,300,true],"cvmm-medium-plus":["https:\/\/nakanarach.pl\/wp-content\/uploads\/2023\/10\/Glosowanie2-1-305x207.jpg",305,207,true],"cvmm-portrait":["https:\/\/nakanarach.pl\/wp-content\/uploads\/2023\/10\/Glosowanie2-1-400x600.jpg",400,600,true],"cvmm-medium-square":["https:\/\/nakanarach.pl\/wp-content\/uploads\/2023\/10\/Glosowanie2-1-600x600.jpg",600,600,true],"cvmm-large":["https:\/\/nakanarach.pl\/wp-content\/uploads\/2023\/10\/Glosowanie2-1-1024x1024.jpg",1024,1024,true],"cvmm-small":["https:\/\/nakanarach.pl\/wp-content\/uploads\/2023\/10\/Glosowanie2-1-130x95.jpg",130,95,true],"full":["https:\/\/nakanarach.pl\/wp-content\/uploads\/2023\/10\/Glosowanie2-1-scaled.jpg",2560,1440,false]},"_links":{"self":[{"href":"https:\/\/nakanarach.pl\/index.php\/wp-json\/wp\/v2\/posts\/8261","targetHints":{"allow":["GET"]}}],"collection":[{"href":"https:\/\/nakanarach.pl\/index.php\/wp-json\/wp\/v2\/posts"}],"about":[{"href":"https:\/\/nakanarach.pl\/index.php\/wp-json\/wp\/v2\/types\/post"}],"author":[{"embeddable":true,"href":"https:\/\/nakanarach.pl\/index.php\/wp-json\/wp\/v2\/users\/4"}],"replies":[{"embeddable":true,"href":"https:\/\/nakanarach.pl\/index.php\/wp-json\/wp\/v2\/comments?post=8261"}],"version-history":[{"count":2,"href":"https:\/\/nakanarach.pl\/index.php\/wp-json\/wp\/v2\/posts\/8261\/revisions"}],"predecessor-version":[{"id":8263,"href":"https:\/\/nakanarach.pl\/index.php\/wp-json\/wp\/v2\/posts\/8261\/revisions\/8263"}],"wp:featuredmedia":[{"embeddable":true,"href":"https:\/\/nakanarach.pl\/index.php\/wp-json\/wp\/v2\/media\/7350"}],"wp:attachment":[{"href":"https:\/\/nakanarach.pl\/index.php\/wp-json\/wp\/v2\/media?parent=8261"}],"wp:term":[{"taxonomy":"category","embeddable":true,"href":"https:\/\/nakanarach.pl\/index.php\/wp-json\/wp\/v2\/categories?post=8261"},{"taxonomy":"post_tag","embeddable":true,"href":"https:\/\/nakanarach.pl\/index.php\/wp-json\/wp\/v2\/tags?post=8261"}],"curies":[{"name":"wp","href":"https:\/\/api.w.org\/{rel}","templated":true}]}}