{"id":8283,"date":"2024-06-19T09:57:05","date_gmt":"2024-06-19T08:57:05","guid":{"rendered":"https:\/\/nakanarach.pl\/?p=8283"},"modified":"2024-06-19T10:41:17","modified_gmt":"2024-06-19T09:41:17","slug":"polak-zaginal-na-atlantyku","status":"publish","type":"post","link":"https:\/\/nakanarach.pl\/index.php\/2024\/06\/19\/polak-zaginal-na-atlantyku\/","title":{"rendered":"POLAK ZAGIN\u0104\u0141 NA ATLANTYKU"},"content":{"rendered":"\n<p><strong>Od 13 czerwca 2024 roku trwaj\u0105 intensywne poszukiwania Polaka, kt\u00f3ry wyp\u0142yn\u0105\u0142 w samotny rejs po Oceanie Atlantyckim, w pobli\u017cu Wysp Kanaryjskich.<\/strong><\/p>\n\n\n\n<p>Jacht wyp\u0142yn\u0105\u0142 z portu Gran Tarajal na wyspie Fuerteventura. M\u0119\u017cczyzna zamierza\u0142 dop\u0142yn\u0105\u0107 do portu Pasito Blanco na s\u0105siedniej Gran Canarii, czyli do pokonania mia\u0142 ok. 150 km w linii prostej.<\/p>\n\n\n\n<p>Wiadomo te\u017c, \u017ce 15 czerwca br. planowa\u0142 lecie\u0107 samolotem z Las Palmas do domu w niemieckim Frankfurcie.\u00a0M\u0119\u017cczyzna mia\u0142 ju\u017c kupiony bilet lotniczy,\u00a0nie dotar\u0142 jednak jachtem na Gran Canari\u0119. Zagin\u0105\u0142 na Oceanie Atlantyckim.\u00a0<\/p>\n\n\n\n<p>O zagini\u0119ciu m\u0119\u017cczyzny zosta\u0142y powiadomione s\u0142u\u017cby kilku pa\u0144stw: hiszpa\u0144ska Guardia Civil, polskie i hiszpa\u0144skie morskie s\u0142u\u017cby poszukiwania i ratownictwa SAR, ambasada Polski w Hiszpanii oraz niemiecka policja.&nbsp;<\/p>\n\n\n\n<p><em>&#8211; Sprawa zaginionego Polaka zaginionego jest tak\u017ce monitorowana przez polskie s\u0142u\u017cby dyplomatyczne<\/em> &#8211; przekaza\u0142 rzecznik resortu spraw zagranicznych Pawe\u0142 Wro\u0144ski. Jego jacht jest poszukiwany na oceanie przez hiszpa\u0144skie s\u0142u\u017cby. Reporter radia RMF FM dowiedzia\u0142 si\u0119, \u017ce \u017ceglarz zg\u0142asza\u0142 problemy z silnikiem.<\/p>\n\n\n\n<p>Ratownicy przekazali, \u017ce opr\u00f3cz poszukiwa\u0144 z powietrza, kt\u00f3re prowadz\u0105 \u015bmig\u0142owce i samolot wojskowy, sprawdzono te\u017c porty &#8211; zar\u00f3wno na Wyspach Kanaryjskich, jak i w rejonie Wysp Zielonego Przyl\u0105dka (oddalonych od Kanar\u00f3w o prawie 1 tys. km), kt\u00f3re mog\u0142y by\u0107 celem samotnego rejsu.&nbsp;<\/p>\n\n\n\n<p>Rozes\u0142ano te\u017c komunikat do jednostek na wodzie z informacj\u0105, \u017ce&nbsp;jacht Nautis, p\u0142ywaj\u0105cy pod polsk\u0105 bander\u0105, jest poszukiwany. Na razie jednak jednostki nie uda\u0142o si\u0119 namierzy\u0107.&nbsp;<\/p>\n\n\n\n<p>Od bliskich \u017ceglarza dziennikarz RMF us\u0142ysza\u0142 te\u017c, \u017ce w porcie Gran Tarajal, gdzie widziano go po raz ostatni,&nbsp;zg\u0142asza\u0142 problemy z silnikiem.&nbsp;Radio poda\u0142o, \u017ce jednym ze scenariuszy jest wi\u0119c powa\u017cna awaria podczas samotnej \u017ceglugi. Mog\u0142a ona doprowadzi\u0107 do uszkodzenia jachtowej elektroniki, znikni\u0119cia jachtu z radar\u00f3w oraz zerwania \u0142\u0105czno\u015bci.<\/p>\n\n\n\n<p>Rozes\u0142ano te\u017c komunikat do jednostek na wodzie z informacj\u0105, \u017ce jacht Nautis, p\u0142ywaj\u0105cy pod polsk\u0105 bander\u0105, jest poszukiwany. Na razie jednak jednostki nie uda\u0142o si\u0119 namierzy\u0107.<\/p>\n\n\n\n<p>Od bliskich \u017ceglarza nasz dziennikarz us\u0142ysza\u0142 te\u017c, \u017ce w porcie Gran Tarajal, gdzie widziano go po raz ostatni, zg\u0142asza\u0142 problemy z silnikiem.<\/p>\n\n\n\n<p>Hiszpa\u0144ska s\u0142u\u017cba poszukiwawczo-ratownicza Salvamento Maritimo&nbsp;w odpowiedzi na pytania RMF FM przekaza\u0142a, \u017ce po jachcie Polaka nadal nie ma \u015bladu zar\u00f3wno na wodzie, jak i w portach Wysp Kanaryjskich. Od kiedy 4 dni temu hiszpa\u0144scy ratownicy otrzymali sygna\u0142 o zagini\u0119ciu jachtu Nautis, za\u0142oga statku ratowniczego Maxorata w\u0142\u0105czy\u0142a si\u0119 do akcji.&nbsp;Sprawdzono te\u017c port w Pasito Blanco na wyspie Gran Canaria i jego otoczenie.<\/p>\n\n\n\n<p>Przez ostatnie dni\u00a0do poszukiwa\u0144 zaanga\u017cowano tak\u017ce \u015bmig\u0142owiec, kt\u00f3ry sprawdza obszar Atlantyku na po\u0142udniowy wsch\u00f3d od Fuerteventury, z kt\u00f3rej wyruszy\u0142 \u017ceglarz. S\u0142u\u017cba ratownicza w tym rejonie nadaje te\u017c komunikat radiowy dla jednostek p\u0142ywaj\u0105cych o tym, \u017ce jacht Polaka nie jest widoczny na radarach. Apeluje o ostro\u017cno\u015b\u0107 oraz meldunki w razie jego zauwa\u017cenia.<\/p>\n\n\n\n<p>Foto: Archiwum Salvamento Maritimo<\/p>\n","protected":false},"excerpt":{"rendered":"<p>Od 13 czerwca 2024 roku trwaj\u0105 intensywne poszukiwania Polaka, kt\u00f3ry wyp\u0142yn\u0105\u0142 w samotny rejs po Oceanie Atlantyckim, w pobli\u017cu Wysp Kanaryjskich. Jacht wyp\u0142yn\u0105\u0142 z portu Gran Tarajal na wyspie Fuerteventura. M\u0119\u017cczyzna zamierza\u0142 dop\u0142yn\u0105\u0107 do portu Pasito Blanco na s\u0105siedniej Gran Canarii, czyli do pokonania mia\u0142 ok. 150 km w linii prostej. Wiadomo te\u017c, \u017ce 15 [&hellip;]<\/p>\n","protected":false},"author":4,"featured_media":3930,"comment_status":"closed","ping_status":"open","sticky":false,"template":"","format":"standard","meta":{"om_disable_all_campaigns":false,"_monsterinsights_skip_tracking":false,"_monsterinsights_sitenote_active":false,"_monsterinsights_sitenote_note":"","_monsterinsights_sitenote_category":0,"footnotes":""},"categories":[12,78],"tags":[],"class_list":["post-8283","post","type-post","status-publish","format-standard","has-post-thumbnail","hentry","category-aktualnosci","category-interwencje"],"aioseo_notices":[],"blog_post_layout_featured_media_urls":{"thumbnail":["https:\/\/nakanarach.pl\/wp-content\/uploads\/2022\/01\/Lodz-Ratunkowa-Twitter-Salvamento-Maritimo-150x150.jpg",150,150,true],"full":["https:\/\/nakanarach.pl\/wp-content\/uploads\/2022\/01\/Lodz-Ratunkowa-Twitter-Salvamento-Maritimo.jpg",680,435,false]},"categories_names":{"12":{"name":"Aktualno\u015bci","link":"https:\/\/nakanarach.pl\/index.php\/category\/aktualnosci\/"},"78":{"name":"Interwencje","link":"https:\/\/nakanarach.pl\/index.php\/category\/interwencje\/"}},"tags_names":[],"comments_number":"0","wpmagazine_modules_lite_featured_media_urls":{"thumbnail":["https:\/\/nakanarach.pl\/wp-content\/uploads\/2022\/01\/Lodz-Ratunkowa-Twitter-Salvamento-Maritimo-150x150.jpg",150,150,true],"cvmm-medium":["https:\/\/nakanarach.pl\/wp-content\/uploads\/2022\/01\/Lodz-Ratunkowa-Twitter-Salvamento-Maritimo-300x300.jpg",300,300,true],"cvmm-medium-plus":["https:\/\/nakanarach.pl\/wp-content\/uploads\/2022\/01\/Lodz-Ratunkowa-Twitter-Salvamento-Maritimo-305x207.jpg",305,207,true],"cvmm-portrait":["https:\/\/nakanarach.pl\/wp-content\/uploads\/2022\/01\/Lodz-Ratunkowa-Twitter-Salvamento-Maritimo-400x435.jpg",400,435,true],"cvmm-medium-square":["https:\/\/nakanarach.pl\/wp-content\/uploads\/2022\/01\/Lodz-Ratunkowa-Twitter-Salvamento-Maritimo-600x435.jpg",600,435,true],"cvmm-large":["https:\/\/nakanarach.pl\/wp-content\/uploads\/2022\/01\/Lodz-Ratunkowa-Twitter-Salvamento-Maritimo.jpg",680,435,false],"cvmm-small":["https:\/\/nakanarach.pl\/wp-content\/uploads\/2022\/01\/Lodz-Ratunkowa-Twitter-Salvamento-Maritimo-130x95.jpg",130,95,true],"full":["https:\/\/nakanarach.pl\/wp-content\/uploads\/2022\/01\/Lodz-Ratunkowa-Twitter-Salvamento-Maritimo.jpg",680,435,false]},"_links":{"self":[{"href":"https:\/\/nakanarach.pl\/index.php\/wp-json\/wp\/v2\/posts\/8283","targetHints":{"allow":["GET"]}}],"collection":[{"href":"https:\/\/nakanarach.pl\/index.php\/wp-json\/wp\/v2\/posts"}],"about":[{"href":"https:\/\/nakanarach.pl\/index.php\/wp-json\/wp\/v2\/types\/post"}],"author":[{"embeddable":true,"href":"https:\/\/nakanarach.pl\/index.php\/wp-json\/wp\/v2\/users\/4"}],"replies":[{"embeddable":true,"href":"https:\/\/nakanarach.pl\/index.php\/wp-json\/wp\/v2\/comments?post=8283"}],"version-history":[{"count":1,"href":"https:\/\/nakanarach.pl\/index.php\/wp-json\/wp\/v2\/posts\/8283\/revisions"}],"predecessor-version":[{"id":8284,"href":"https:\/\/nakanarach.pl\/index.php\/wp-json\/wp\/v2\/posts\/8283\/revisions\/8284"}],"wp:featuredmedia":[{"embeddable":true,"href":"https:\/\/nakanarach.pl\/index.php\/wp-json\/wp\/v2\/media\/3930"}],"wp:attachment":[{"href":"https:\/\/nakanarach.pl\/index.php\/wp-json\/wp\/v2\/media?parent=8283"}],"wp:term":[{"taxonomy":"category","embeddable":true,"href":"https:\/\/nakanarach.pl\/index.php\/wp-json\/wp\/v2\/categories?post=8283"},{"taxonomy":"post_tag","embeddable":true,"href":"https:\/\/nakanarach.pl\/index.php\/wp-json\/wp\/v2\/tags?post=8283"}],"curies":[{"name":"wp","href":"https:\/\/api.w.org\/{rel}","templated":true}]}}