{"id":8285,"date":"2024-06-20T07:09:07","date_gmt":"2024-06-20T06:09:07","guid":{"rendered":"https:\/\/nakanarach.pl\/?p=8285"},"modified":"2024-06-20T07:20:12","modified_gmt":"2024-06-20T06:20:12","slug":"baltyk-kontra-kanary-2","status":"publish","type":"post","link":"https:\/\/nakanarach.pl\/index.php\/2024\/06\/20\/baltyk-kontra-kanary-2\/","title":{"rendered":"BA\u0141TYK KONTRA KANARY"},"content":{"rendered":"\n<p><strong>Wielu turyst\u00f3w zastanawia si\u0119, czy latem lepiej wybra\u0107 wakacje nad polskim Ba\u0142tykiem, czy te\u017c wypoczynek pod palmami m.in. na rajskich wyspach.<\/strong><\/p>\n\n\n\n<p>Tak zwane przesilenie letnie jest zazwyczaj 20 lub 21 czerwca na p\u00f3\u0142kuli p\u00f3\u0142nocnej i jest to czas, w kt\u00f3rym S\u0142o\u0144ce osi\u0105ga swoje najwy\u017csze po\u0142o\u017cenie na niebosk\u0142onie. Dlatego to w\u0142a\u015bnie ten dzie\u0144 jest okre\u015blany jako pocz\u0105tek lata z najd\u0142u\u017cszym dniem i najkr\u00f3tsz\u0105 noc\u0105 w ca\u0142ym roku, i ma to zwi\u0105zek z tym, \u017ce p\u00f3\u0142nocna p\u00f3\u0142kula jest maksymalnie nachylona w kierunku S\u0142o\u0144ca. Najd\u0142u\u017cszy dzie\u0144 w 2024 roku przypada w\u0142a\u015bnie na 20 czerwca, kiedy to dzie\u0144 b\u0119dzie trwa\u0142 a\u017c 16 godzin i 46 minut, co oznacza, \u017ce b\u0119dzie d\u0142u\u017cszy o 9 godzin i 7 minut od najkr\u00f3tszego dnia 2023 roku, kt\u00f3ry wypada\u0142 ostatnio 22 grudnia ubr.<\/p>\n\n\n\n<p>W pierwszym dniu lata wiele os\u00f3b dopiero zastanawia si\u0119, jaki kierunek wybra\u0107 na wakacyjny wyjazd. S\u0105 tacy, kt\u00f3rzy zdecydowanie wol\u0105 tropiki, cho\u0107 pomimo wysokich temperatur powietrza tam bardziej wilgotno. Pomys\u0142em na urlop mog\u0105 by\u0107 &nbsp;na przyk\u0142ad le\u017c\u0105ce niespe\u0142na 200 km od Afryki Wyspy Kanaryjskie z bardziej umiarkowanym klimatem, cho\u0107 i tu czasem jest bardzo upalnie. Obecnie w turystycznych kurortach na po\u0142udniu 7 g\u0142\u00f3wnych wysp archipelagu termometry pokazuj\u0105 tam nieco powy\u017cej 30 stopni Celsjusza. &nbsp;&nbsp;&nbsp;<\/p>\n\n\n\n<ul class=\"wp-block-list\">\n<li><strong>Temperatura powietrza:<\/strong> Latem w Polsce zdarzaj\u0105 si\u0119 sporadycznie upa\u0142y dochodz\u0105ce do\u00a0 40 stopni, ale pogoda mo\u017ce by\u0107 bardziej kapry\u015bna, cz\u0119\u015bciej s\u0105 silne wiatry, burze i deszcz. Wed\u0142ug historii pomiar\u00f3w w 1993 roku zanotowano 39,5 st. C w S\u0142ubicach, a najwy\u017csz\u0105 warto\u015b\u0107 temperatury w Polsce, czyli\u00a040,2 st.\u00a0C w 1921 roku odnotowano w Pr\u00f3szkowie ko\u0142o Opola.<strong> <\/strong>Tymczasem na Wyspach Kanaryjskich najwy\u017csze notowane w ostatnich kilku latach warto\u015bci w wakacje to 45 stopni, cho\u0107 takie epizody zdarzaj\u0105 si\u0119 zazwyczaj po 3-4 dni i s\u0105 zwi\u0105zane z kalim\u0105, czyli ciep\u0142ymi masami powietrza, kt\u00f3re nios\u0105 drobny py\u0142 znad Sahary, co z kolei mo\u017ce by\u0107 niebezpieczne dla os\u00f3b, kt\u00f3re maj\u0105 problemy z chorobami dr\u00f3g oddechowych np. z astm\u0105. Jednak \u015brednio w lipcu i sierpniu jest to ok. 30-35 stopni w cieniu. W sezonie letnim na tym archipelagu opady deszczu s\u0105 raczej niespotykane.\u00a0\u00a0\u00a0\u00a0\u00a0\u00a0<\/li>\n\n\n\n<li><strong>Temperatura wody:<\/strong> w Ba\u0142tyku latem to \u015brednio 18 stopni. Najcieplejsza woda w Oceanie Atlantyckim na Kanarach jest od sierpnia do pa\u017adziernika ok. 23-24 stopni Celsjusza, w lipcu &#8211; 22, w czerwcu oraz w listopadzie i grudniu ok. 21, a od stycznia do maja 19-20 stopni.\u00a0<\/li>\n\n\n\n<li><strong>Czas dojazdu:<\/strong> na Wyspy Kanaryjskie dolecimy samolotem z Polski w ok. 5 godzin. Tymczasem dojazd z po\u0142udnia Polski nad Ba\u0142tyk mo\u017ce wynie\u015b\u0107 ok. \u00a07 godzin, a z centralnej Polski ok. 4 godzin. \u00a0\u00a0\u00a0\u00a0\u00a0<\/li>\n\n\n\n<li><strong>Ceny:<\/strong> s\u0105 por\u00f3wnywalne jak w Polsce, ale za to ta\u0144sze s\u0105 owoce i warzywa, niekt\u00f3re produkty spo\u017cywcze, a paliwo na Kanarach \u00a0kosztuje po przeliczeniu ok. 6 z\u0142. Autostrady s\u0105 bezp\u0142atne. Ta\u0144sze s\u0105 te\u017c u\u017cywki. Ma\u0142e piwo w sklepie mo\u017cna kupi\u0107 ju\u017c za ok. 1,5 z\u0142 za puszk\u0119, a papierosy za ok. 9 z\u0142 za paczk\u0119.<\/li>\n\n\n\n<li><strong>D\u0142ugo\u015b\u0107 dnia:<\/strong> \u00a0Na Kanarach przez ca\u0142y rok dni s\u0105 jednak kr\u00f3tsze ni\u017c w Polsce. Jasno robi si\u0119 w bardzo kr\u00f3tkim czasie, czyli tak\u017ce inaczej ni\u017c u nas. Latem s\u0142o\u0144ce wschodzi ok. godz. 7 czasu lokalnego i zachodzi po 21, w zimie dni s\u0105 jeszcze kr\u00f3tsze &#8211; wsch\u00f3d ok. godz. 7:40, zach\u00f3d po godz. 18. Warto pami\u0119ta\u0107, \u017ce zegarki trzeba przesun\u0105\u0107 o godzin\u0119 do ty\u0142u, w por\u00f3wnaniu aktualnym czasem w Polsce. Dwa razy w roku pod koniec marca i pa\u017adziernika trzeba zmieni\u0107 czas z zimowego na letni i odwrotnie.<\/li>\n\n\n\n<li><strong>Archipelag s\u0142ynie z du\u017cej tolerancji. <\/strong>S\u0105 tu ekskluzywne o\u015brodki dla nudyst\u00f3w i swingers\u00f3w, a tak\u017ce Spa, kt\u00f3re maj\u0105 godziny zarezerwowane tylko dla naturyst\u00f3w. Zwi\u0105zek mi\u0119dzy ruchem naturyst\u00f3w, a ruchem ekologicznym jest coraz bardziej bliski i powszechnie akceptowany na Wyspach Kanaryjskich. S\u0105 te\u017c tutaj hotele wy\u0142\u0105cznie dla gej\u00f3w i lesbijek. Jest du\u017co publicznych pla\u017c, gdzie mo\u017cna opala\u0107 si\u0119 nago:\u00a0 <strong><br>&#8211; Gran Canaria<\/strong>: Na po\u0142udniu wyspy pla\u017ce do nudyst\u00f3w s\u0105 w Maspalomas oraz Playa Las Mujeres. W okolicach Mogan jest Playa Las Meloneras, Playa del Molinero, Playa Taurito oraz Los Secos w Tasarte.<\/li>\n<\/ul>\n\n\n\n<p>&#8211; <strong>Teneryfa<\/strong> ma specjalnie wyznaczone miejsca na pla\u017cach: <a href=\"https:\/\/www.actualidadviajes.com\/pl\/playas-nudistas-de-tenerife\/#Playa_de_la_Tejita\">La Tejita<\/a>, <a href=\"https:\/\/www.actualidadviajes.com\/pl\/playas-nudistas-de-tenerife\/#Playa_de_los_Morteros\">Los Morteros<\/a>, <a href=\"https:\/\/www.actualidadviajes.com\/pl\/playas-nudistas-de-tenerife\/#Playa_de_La_Pelada\">La Pelada<\/a>, <a href=\"https:\/\/www.actualidadviajes.com\/pl\/playas-nudistas-de-tenerife\/#Playa_de_Montana_roja\">Red Mountain<\/a>, <a href=\"https:\/\/www.actualidadviajes.com\/pl\/playas-nudistas-de-tenerife\/#Playa_de_los_Patos\">Patos<\/a>, <a href=\"https:\/\/www.actualidadviajes.com\/pl\/playas-nudistas-de-tenerife\/#Playa_de_las_Gaviotas\">Las Gaviotas<\/a>, <a href=\"https:\/\/www.actualidadviajes.com\/pl\/playas-nudistas-de-tenerife\/#Playa_de_Benijo\">Pla\u017ca Benijo<\/a>.<\/p>\n\n\n\n<p><strong>&#8211; Fuerteventura<\/strong>&nbsp;zezwala na nudyzm na ka\u017cdej pla\u017cy: Morro Jable, Sotavento, El Cofete, Butihondo, La Oliva: Janubio Beach, Castillo Beach, Islote, Charc\u00f3n.<\/p>\n\n\n\n<p><strong>&#8211; Lanzarote ma wyznaczone pla\u017ce dla nudyst\u00f3w<\/strong><strong>:<\/strong> Matagorda w T\u00edas, Playa Blanca, Caleta del Congrio, Playa Las Mujeres, Famara, Teguise.<br><strong>&#8211; La Palma<\/strong> ma tylko jedn\u0105 pla\u017c\u0119 dla nudyst\u00f3w: Playa de Las Monjas w Puerto Naos.<strong>&#8211; La Gomera <\/strong>ma kilka pla\u017c: w San Sebasti\u00e1n de La Gomera: Playa Guanca, del Cabrito, Roja, w Valle Gran Rey: Playa Vueltas.<\/p>\n\n\n\n<p>Fot. Archiwum NaKanarach.pl<\/p>\n","protected":false},"excerpt":{"rendered":"<p>Wielu turyst\u00f3w zastanawia si\u0119, czy latem lepiej wybra\u0107 wakacje nad polskim Ba\u0142tykiem, czy te\u017c wypoczynek pod palmami m.in. na rajskich wyspach. Tak zwane przesilenie letnie jest zazwyczaj 20 lub 21 czerwca na p\u00f3\u0142kuli p\u00f3\u0142nocnej i jest to czas, w kt\u00f3rym S\u0142o\u0144ce osi\u0105ga swoje najwy\u017csze po\u0142o\u017cenie na niebosk\u0142onie. Dlatego to w\u0142a\u015bnie ten dzie\u0144 jest okre\u015blany jako [&hellip;]<\/p>\n","protected":false},"author":4,"featured_media":4742,"comment_status":"closed","ping_status":"open","sticky":false,"template":"","format":"standard","meta":{"om_disable_all_campaigns":false,"_monsterinsights_skip_tracking":false,"_monsterinsights_sitenote_active":false,"_monsterinsights_sitenote_note":"","_monsterinsights_sitenote_category":0,"footnotes":""},"categories":[20,17],"tags":[],"class_list":["post-8285","post","type-post","status-publish","format-standard","has-post-thumbnail","hentry","category-atrakcje","category-turystyka"],"aioseo_notices":[],"blog_post_layout_featured_media_urls":{"thumbnail":["https:\/\/nakanarach.pl\/wp-content\/uploads\/2022\/04\/Plaza-Maspalomas-2022-Tlum-150x150.jpg",150,150,true],"full":["https:\/\/nakanarach.pl\/wp-content\/uploads\/2022\/04\/Plaza-Maspalomas-2022-Tlum-scaled.jpg",2560,1152,false]},"categories_names":{"20":{"name":"Atrakcje i egzotyka","link":"https:\/\/nakanarach.pl\/index.php\/category\/turystyka\/atrakcje\/"},"17":{"name":"Turystyka","link":"https:\/\/nakanarach.pl\/index.php\/category\/turystyka\/"}},"tags_names":[],"comments_number":"0","wpmagazine_modules_lite_featured_media_urls":{"thumbnail":["https:\/\/nakanarach.pl\/wp-content\/uploads\/2022\/04\/Plaza-Maspalomas-2022-Tlum-150x150.jpg",150,150,true],"cvmm-medium":["https:\/\/nakanarach.pl\/wp-content\/uploads\/2022\/04\/Plaza-Maspalomas-2022-Tlum-300x300.jpg",300,300,true],"cvmm-medium-plus":["https:\/\/nakanarach.pl\/wp-content\/uploads\/2022\/04\/Plaza-Maspalomas-2022-Tlum-305x207.jpg",305,207,true],"cvmm-portrait":["https:\/\/nakanarach.pl\/wp-content\/uploads\/2022\/04\/Plaza-Maspalomas-2022-Tlum-400x600.jpg",400,600,true],"cvmm-medium-square":["https:\/\/nakanarach.pl\/wp-content\/uploads\/2022\/04\/Plaza-Maspalomas-2022-Tlum-600x600.jpg",600,600,true],"cvmm-large":["https:\/\/nakanarach.pl\/wp-content\/uploads\/2022\/04\/Plaza-Maspalomas-2022-Tlum-1024x1024.jpg",1024,1024,true],"cvmm-small":["https:\/\/nakanarach.pl\/wp-content\/uploads\/2022\/04\/Plaza-Maspalomas-2022-Tlum-130x95.jpg",130,95,true],"full":["https:\/\/nakanarach.pl\/wp-content\/uploads\/2022\/04\/Plaza-Maspalomas-2022-Tlum-scaled.jpg",2560,1152,false]},"_links":{"self":[{"href":"https:\/\/nakanarach.pl\/index.php\/wp-json\/wp\/v2\/posts\/8285","targetHints":{"allow":["GET"]}}],"collection":[{"href":"https:\/\/nakanarach.pl\/index.php\/wp-json\/wp\/v2\/posts"}],"about":[{"href":"https:\/\/nakanarach.pl\/index.php\/wp-json\/wp\/v2\/types\/post"}],"author":[{"embeddable":true,"href":"https:\/\/nakanarach.pl\/index.php\/wp-json\/wp\/v2\/users\/4"}],"replies":[{"embeddable":true,"href":"https:\/\/nakanarach.pl\/index.php\/wp-json\/wp\/v2\/comments?post=8285"}],"version-history":[{"count":2,"href":"https:\/\/nakanarach.pl\/index.php\/wp-json\/wp\/v2\/posts\/8285\/revisions"}],"predecessor-version":[{"id":8288,"href":"https:\/\/nakanarach.pl\/index.php\/wp-json\/wp\/v2\/posts\/8285\/revisions\/8288"}],"wp:featuredmedia":[{"embeddable":true,"href":"https:\/\/nakanarach.pl\/index.php\/wp-json\/wp\/v2\/media\/4742"}],"wp:attachment":[{"href":"https:\/\/nakanarach.pl\/index.php\/wp-json\/wp\/v2\/media?parent=8285"}],"wp:term":[{"taxonomy":"category","embeddable":true,"href":"https:\/\/nakanarach.pl\/index.php\/wp-json\/wp\/v2\/categories?post=8285"},{"taxonomy":"post_tag","embeddable":true,"href":"https:\/\/nakanarach.pl\/index.php\/wp-json\/wp\/v2\/tags?post=8285"}],"curies":[{"name":"wp","href":"https:\/\/api.w.org\/{rel}","templated":true}]}}