{"id":8298,"date":"2024-06-26T11:01:52","date_gmt":"2024-06-26T10:01:52","guid":{"rendered":"https:\/\/nakanarach.pl\/?p=8298"},"modified":"2024-06-28T09:46:26","modified_gmt":"2024-06-28T08:46:26","slug":"za-duzy-dekolt-do-samolotu","status":"publish","type":"post","link":"https:\/\/nakanarach.pl\/index.php\/2024\/06\/26\/za-duzy-dekolt-do-samolotu\/","title":{"rendered":"ZA DU\u017bY DEKOLT DO SAMOLOTU!?"},"content":{"rendered":"\n<p class=\"wp-block-paragraph\"><strong>Linia lotnicza Vueling zosta\u0142a ukarana grzywn\u0105 w wysoko\u015bci 28 tys.  euro (ok. 120 tys. z\u0142) przez Hiszpa\u0144sk\u0105 Agencj\u0119 Bezpiecze\u0144stwa Lotniczego (AESA) po skardze z\u0142o\u017conej przez Stowarzyszenie Konsument\u00f3w FACUA po tym, jak pasa\u017cerce odm\u00f3wiono przyj\u0119cia na pok\u0142ad ze wzgl\u0119du na jej nisko wyci\u0119ty top i \u201edekolt\u201d.<\/strong><\/p>\n\n\n\n<p class=\"wp-block-paragraph\">Vueling to jedna z najwi\u0119kszych linii lotniczych w Hiszpanii, dzia\u0142aj\u0105ca w katolickim kraju, w kt\u00f3rym jak si\u0119 mog\u0142o wydawa\u0107 do tej pory jest olbrzymia tolerancja, wyrozumia\u0142o\u015b\u0107 i swoboda dla turyst\u00f3w, tak\u017ce w sprawach obyczajowych. W kurortach turystycznych na ka\u017cdej pla\u017cy mo\u017cna opala\u0107 si\u0119 toples lub nago na wyznaczonych pla\u017cach turystycznych, legalnie dzia\u0142aj\u0105 tu hotele wy\u0142\u0105cznie dla naturyst\u00f3w, swingers\u00f3w czy gej\u00f3w. Mo\u017cna te\u017c wchodzi\u0107 do sklep\u00f3w bez koszulki lub w strojach k\u0105pielowych, czy te\u017c paradowa\u0107 prawie nago (np. w stringach) po ulicy, a raczej niekt nie zwr\u00f3ci nam w tej sytuacji uwagi. <\/p>\n\n\n\n<p class=\"wp-block-paragraph\">Jednak obs\u0142udze linii lotniczej, kt\u00f3ra obs\u0142uguje wiele lot\u00f3w z europejskich miast m.in. na Baleary i Wyspy Kanaryjskie nie spodoba\u0142 si\u0119 sk\u0105py ubi\u00f3r jednej z pasa\u017cerek. <\/p>\n\n\n\n<p class=\"wp-block-paragraph\">Jak pisze kanaryjski, angielskoj\u0119zyczny dziennik Canarian Weekly do zdarzenia dosz\u0142o na lotnisku na hiszpa\u0144skiej Majorce, kiedy pasa\u017cerka pr\u00f3bowa\u0142a wej\u015b\u0107 na pok\u0142ad samolotu lec\u0105cego do Barcelony. Cz\u0142onek obs\u0142ugi naziemnej Vueling uniemo\u017cliwi\u0142 jej wej\u015bcie na pok\u0142ad, powo\u0142uj\u0105c si\u0119 na to, \u017ce jej top by\u0142 \u201ezbyt g\u0142\u0119boko wyci\u0119ty\u201d. Pomimo protest\u00f3w innych pasa\u017cer\u00f3w kobiety nie wpuszczono na pok\u0142ad samolotu i musia\u0142a dodatkowo zap\u0142aci\u0107 kilkaset euro za nowy bilet i uda\u0107 si\u0119 w podr\u00f3\u017c kolejnym, najbli\u017cszym lotem. <\/p>\n\n\n\n<p class=\"wp-block-paragraph\">Facua wyrazi\u0142a zadowolenie z kary na\u0142o\u017conej na Vueling, cho\u0107 argumentowa\u0142a, \u017ce \u200b\u200bkary powinny by\u0107 wy\u017csze, zw\u0142aszcza bior\u0105c pod uwag\u0119 znaczne przychody i zyski linii lotniczej.<\/p>\n\n\n\n<p class=\"wp-block-paragraph\">Facua okre\u015bli\u0142a decyzj\u0119 Vueling jako dyskryminuj\u0105c\u0105 i seksistowsk\u0105, podkre\u015blaj\u0105c, \u017ce \u017cadne przepisy nie zabraniaj\u0105 wej\u015bcia na pok\u0142ad ze wzgl\u0119du na str\u00f3j pasa\u017cera, o ile nie zak\u0142\u00f3ca to porz\u0105dku publicznego. Stowarzyszenie przedstawi\u0142o spraw\u0119 AESA, podnosz\u0105c, \u017ce naruszono prawa pasa\u017cerki i pozostawiono j\u0105 bez prawa do obrony. <\/p>\n\n\n\n<p class=\"wp-block-paragraph\">AESA na\u0142o\u017cy\u0142a grzywn\u0119 w wysoko\u015bci 28 tys. euro na firm\u0119 Vueling za naruszenie kilku artyku\u0142\u00f3w ustawy 21\/2003 z dnia 7 lipca dotycz\u0105cej bezpiecze\u0144stwa lotniczego. Grzywna odnosi\u0142a si\u0119 r\u00f3wnie\u017c do art. 14 ust. 2 i 4 w zwi\u0105zku z art. 7, 8 i 9 rozporz\u0105dzenia (WE) nr 261\/2004 Parlamentu Europejskiego i Rady, kt\u00f3re ustanawia wsp\u00f3lne zasady dotycz\u0105ce odszkodowania i pomocy dla pasa\u017cer\u00f3w w przypadku odmowy wej\u015bcie na pok\u0142ad, odwo\u0142anie lotu lub du\u017ce op\u00f3\u017anienie.<\/p>\n\n\n\n<p class=\"wp-block-paragraph\">Sprawa ta uwypukla ci\u0105g\u0142e problemy zwi\u0105zane z dyskryminacj\u0105 ze wzgl\u0119du na p\u0142e\u0107 i potrzeb\u0119 jasnej polityki respektuj\u0105cej prawa pasa\u017cer\u00f3w w &#8211; jak si\u0119 mog\u0142o wydawa\u0107 &#8211; tolerancyjnej i otwartej dla turyst\u00f3w Hiszpanii.<\/p>\n\n\n\n<p class=\"wp-block-paragraph\">Zobacz nasz artyku\u0142 tak\u017ce na najwiekszym polskim portalu &#8211; Wirtualna Polska<\/p>\n\n\n\n<p class=\"wp-block-paragraph\"><a href=\"https:\/\/turystyka.wp.pl\/s\/nakanarach-pl\/afera-w-hiszpanii-nie-wpuszczono-pasazerki-do-samolotu-ze-wzgledu-na-stroj-7042658218257216a\">https:\/\/turystyka.wp.pl\/s\/nakanarach-pl\/afera-w-hiszpanii-nie-wpuszczono-pasazerki-do-samolotu-ze-wzgledu-na-stroj-7042658218257216a<\/a><\/p>\n\n\n\n<p class=\"wp-block-paragraph\">Foto: NaKanarach.pl &#8211; zdj\u0119cie ilustracyjne<\/p>\n","protected":false},"excerpt":{"rendered":"<p>Linia lotnicza Vueling zosta\u0142a ukarana grzywn\u0105 w wysoko\u015bci 28 tys. euro (ok. 120 tys. z\u0142) przez Hiszpa\u0144sk\u0105 Agencj\u0119 Bezpiecze\u0144stwa Lotniczego (AESA) po skardze z\u0142o\u017conej przez Stowarzyszenie Konsument\u00f3w FACUA po tym, jak pasa\u017cerce odm\u00f3wiono przyj\u0119cia na pok\u0142ad ze wzgl\u0119du na jej nisko wyci\u0119ty top i \u201edekolt\u201d. Vueling to jedna z najwi\u0119kszych linii lotniczych w Hiszpanii, dzia\u0142aj\u0105ca [&hellip;]<\/p>\n","protected":false},"author":4,"featured_media":118,"comment_status":"closed","ping_status":"open","sticky":false,"template":"","format":"standard","meta":{"om_disable_all_campaigns":false,"_monsterinsights_skip_tracking":false,"_monsterinsights_sitenote_active":false,"_monsterinsights_sitenote_note":"","_monsterinsights_sitenote_category":0,"footnotes":""},"categories":[12,77],"tags":[],"class_list":["post-8298","post","type-post","status-publish","format-standard","has-post-thumbnail","hentry","category-aktualnosci","category-samoloty"],"aioseo_notices":[],"blog_post_layout_featured_media_urls":{"thumbnail":["https:\/\/nakanarach.pl\/wp-content\/uploads\/2021\/03\/Lotnisko-terminal-z-zewnatrz-150x150.jpg",150,150,true],"full":["https:\/\/nakanarach.pl\/wp-content\/uploads\/2021\/03\/Lotnisko-terminal-z-zewnatrz.jpg",2048,1152,false]},"categories_names":{"12":{"name":"Aktualno\u015bci","link":"https:\/\/nakanarach.pl\/index.php\/category\/aktualnosci\/"},"77":{"name":"Samoloty","link":"https:\/\/nakanarach.pl\/index.php\/category\/samoloty\/"}},"tags_names":[],"comments_number":"0","wpmagazine_modules_lite_featured_media_urls":{"thumbnail":["https:\/\/nakanarach.pl\/wp-content\/uploads\/2021\/03\/Lotnisko-terminal-z-zewnatrz-150x150.jpg",150,150,true],"cvmm-medium":["https:\/\/nakanarach.pl\/wp-content\/uploads\/2021\/03\/Lotnisko-terminal-z-zewnatrz-300x300.jpg",300,300,true],"cvmm-medium-plus":["https:\/\/nakanarach.pl\/wp-content\/uploads\/2021\/03\/Lotnisko-terminal-z-zewnatrz-305x207.jpg",305,207,true],"cvmm-portrait":["https:\/\/nakanarach.pl\/wp-content\/uploads\/2021\/03\/Lotnisko-terminal-z-zewnatrz-400x600.jpg",400,600,true],"cvmm-medium-square":["https:\/\/nakanarach.pl\/wp-content\/uploads\/2021\/03\/Lotnisko-terminal-z-zewnatrz-600x600.jpg",600,600,true],"cvmm-large":["https:\/\/nakanarach.pl\/wp-content\/uploads\/2021\/03\/Lotnisko-terminal-z-zewnatrz-1024x1024.jpg",1024,1024,true],"cvmm-small":["https:\/\/nakanarach.pl\/wp-content\/uploads\/2021\/03\/Lotnisko-terminal-z-zewnatrz-130x95.jpg",130,95,true],"full":["https:\/\/nakanarach.pl\/wp-content\/uploads\/2021\/03\/Lotnisko-terminal-z-zewnatrz.jpg",2048,1152,false]},"_links":{"self":[{"href":"https:\/\/nakanarach.pl\/index.php\/wp-json\/wp\/v2\/posts\/8298","targetHints":{"allow":["GET"]}}],"collection":[{"href":"https:\/\/nakanarach.pl\/index.php\/wp-json\/wp\/v2\/posts"}],"about":[{"href":"https:\/\/nakanarach.pl\/index.php\/wp-json\/wp\/v2\/types\/post"}],"author":[{"embeddable":true,"href":"https:\/\/nakanarach.pl\/index.php\/wp-json\/wp\/v2\/users\/4"}],"replies":[{"embeddable":true,"href":"https:\/\/nakanarach.pl\/index.php\/wp-json\/wp\/v2\/comments?post=8298"}],"version-history":[{"count":3,"href":"https:\/\/nakanarach.pl\/index.php\/wp-json\/wp\/v2\/posts\/8298\/revisions"}],"predecessor-version":[{"id":8318,"href":"https:\/\/nakanarach.pl\/index.php\/wp-json\/wp\/v2\/posts\/8298\/revisions\/8318"}],"wp:featuredmedia":[{"embeddable":true,"href":"https:\/\/nakanarach.pl\/index.php\/wp-json\/wp\/v2\/media\/118"}],"wp:attachment":[{"href":"https:\/\/nakanarach.pl\/index.php\/wp-json\/wp\/v2\/media?parent=8298"}],"wp:term":[{"taxonomy":"category","embeddable":true,"href":"https:\/\/nakanarach.pl\/index.php\/wp-json\/wp\/v2\/categories?post=8298"},{"taxonomy":"post_tag","embeddable":true,"href":"https:\/\/nakanarach.pl\/index.php\/wp-json\/wp\/v2\/tags?post=8298"}],"curies":[{"name":"wp","href":"https:\/\/api.w.org\/{rel}","templated":true}]}}