{"id":830,"date":"2021-04-16T14:20:57","date_gmt":"2021-04-16T13:20:57","guid":{"rendered":"http:\/\/nakanarach.pl\/?p=830"},"modified":"2021-04-19T19:26:31","modified_gmt":"2021-04-19T18:26:31","slug":"nowa-linia-lotnicza","status":"publish","type":"post","link":"https:\/\/nakanarach.pl\/index.php\/2021\/04\/16\/nowa-linia-lotnicza\/","title":{"rendered":"NOWA LINIA LOTNICZA"},"content":{"rendered":"\n<p>Prezydent Rady Teneryfy (Tenerife Cabildo) Pedro Martin og\u0142osi\u0142, \u017ce w po\u0142owie 2021 roku dzia\u0142a\u0107 zacznie linia lotnicza Canarian Airways, dzi\u0119ki kt\u00f3rej wyspa uniezale\u017cni si\u0119 od touroperator\u00f3w (czartery) i przewo\u017anik\u00f3w lotniczych. Ci ostatni jego zdaniem maj\u0105 wysokie ceny bilet\u00f3w. Co wi\u0119cej okaza\u0142o si\u0119, \u017ce po wprowadzeniu dop\u0142at w wysoko\u015bci 75 procent do przelot\u00f3w krajowych, tak\u017ce tych z Polski, bilety nie stania\u0142y. Dlatego w\u0142adze Teneryfy, kt\u00f3ra jest udzia\u0142owcem w sp\u00f3\u0142ce, postanowi\u0142y, \u017ce mieszka\u0144cy kontynentalnej Hiszpanii oraz tury\u015bci z innych kraj\u00f3w b\u0119d\u0105 mogli przylecie\u0107 na wysp\u0119 za \u201erozs\u0105dn\u0105 cen\u0119\u201d. Pocz\u0105tkowo przewo\u017anik b\u0119dzie lata\u0107 do Hiszpanii kontynentalnej, po pewnym czasie planuje uruchomi\u0107 tak\u017ce rejsy mi\u0119dzynarodowe.&nbsp;<\/p>\n","protected":false},"excerpt":{"rendered":"<p>Prezydent Rady Teneryfy (Tenerife Cabildo) Pedro Martin og\u0142osi\u0142, \u017ce w po\u0142owie 2021 roku dzia\u0142a\u0107 zacznie linia lotnicza Canarian Airways, dzi\u0119ki kt\u00f3rej wyspa uniezale\u017cni si\u0119 od touroperator\u00f3w (czartery) i przewo\u017anik\u00f3w lotniczych. Ci ostatni jego zdaniem maj\u0105 wysokie ceny bilet\u00f3w. Co wi\u0119cej okaza\u0142o si\u0119, \u017ce po wprowadzeniu dop\u0142at w wysoko\u015bci 75 procent do przelot\u00f3w krajowych, tak\u017ce tych [&hellip;]<\/p>\n","protected":false},"author":2,"featured_media":821,"comment_status":"closed","ping_status":"closed","sticky":false,"template":"","format":"standard","meta":{"om_disable_all_campaigns":false,"_monsterinsights_skip_tracking":false,"_monsterinsights_sitenote_active":false,"_monsterinsights_sitenote_note":"","_monsterinsights_sitenote_category":0,"footnotes":""},"categories":[77],"tags":[],"class_list":["post-830","post","type-post","status-publish","format-standard","has-post-thumbnail","hentry","category-samoloty"],"aioseo_notices":[],"blog_post_layout_featured_media_urls":{"thumbnail":["https:\/\/nakanarach.pl\/wp-content\/uploads\/2021\/04\/Canarian-150x150.jpg",150,150,true],"full":["https:\/\/nakanarach.pl\/wp-content\/uploads\/2021\/04\/Canarian.jpg",750,498,false]},"categories_names":{"77":{"name":"Samoloty","link":"https:\/\/nakanarach.pl\/index.php\/category\/samoloty\/"}},"tags_names":[],"comments_number":"0","wpmagazine_modules_lite_featured_media_urls":{"thumbnail":["https:\/\/nakanarach.pl\/wp-content\/uploads\/2021\/04\/Canarian-150x150.jpg",150,150,true],"cvmm-medium":["https:\/\/nakanarach.pl\/wp-content\/uploads\/2021\/04\/Canarian-300x300.jpg",300,300,true],"cvmm-medium-plus":["https:\/\/nakanarach.pl\/wp-content\/uploads\/2021\/04\/Canarian-305x207.jpg",305,207,true],"cvmm-portrait":["https:\/\/nakanarach.pl\/wp-content\/uploads\/2021\/04\/Canarian-400x498.jpg",400,498,true],"cvmm-medium-square":["https:\/\/nakanarach.pl\/wp-content\/uploads\/2021\/04\/Canarian-600x498.jpg",600,498,true],"cvmm-large":["https:\/\/nakanarach.pl\/wp-content\/uploads\/2021\/04\/Canarian.jpg",750,498,false],"cvmm-small":["https:\/\/nakanarach.pl\/wp-content\/uploads\/2021\/04\/Canarian-130x95.jpg",130,95,true],"full":["https:\/\/nakanarach.pl\/wp-content\/uploads\/2021\/04\/Canarian.jpg",750,498,false]},"_links":{"self":[{"href":"https:\/\/nakanarach.pl\/index.php\/wp-json\/wp\/v2\/posts\/830","targetHints":{"allow":["GET"]}}],"collection":[{"href":"https:\/\/nakanarach.pl\/index.php\/wp-json\/wp\/v2\/posts"}],"about":[{"href":"https:\/\/nakanarach.pl\/index.php\/wp-json\/wp\/v2\/types\/post"}],"author":[{"embeddable":true,"href":"https:\/\/nakanarach.pl\/index.php\/wp-json\/wp\/v2\/users\/2"}],"replies":[{"embeddable":true,"href":"https:\/\/nakanarach.pl\/index.php\/wp-json\/wp\/v2\/comments?post=830"}],"version-history":[{"count":2,"href":"https:\/\/nakanarach.pl\/index.php\/wp-json\/wp\/v2\/posts\/830\/revisions"}],"predecessor-version":[{"id":833,"href":"https:\/\/nakanarach.pl\/index.php\/wp-json\/wp\/v2\/posts\/830\/revisions\/833"}],"wp:featuredmedia":[{"embeddable":true,"href":"https:\/\/nakanarach.pl\/index.php\/wp-json\/wp\/v2\/media\/821"}],"wp:attachment":[{"href":"https:\/\/nakanarach.pl\/index.php\/wp-json\/wp\/v2\/media?parent=830"}],"wp:term":[{"taxonomy":"category","embeddable":true,"href":"https:\/\/nakanarach.pl\/index.php\/wp-json\/wp\/v2\/categories?post=830"},{"taxonomy":"post_tag","embeddable":true,"href":"https:\/\/nakanarach.pl\/index.php\/wp-json\/wp\/v2\/tags?post=830"}],"curies":[{"name":"wp","href":"https:\/\/api.w.org\/{rel}","templated":true}]}}