{"id":8492,"date":"2024-08-21T10:01:08","date_gmt":"2024-08-21T09:01:08","guid":{"rendered":"https:\/\/nakanarach.pl\/?p=8492"},"modified":"2024-08-21T10:19:57","modified_gmt":"2024-08-21T09:19:57","slug":"grozny-komar","status":"publish","type":"post","link":"https:\/\/nakanarach.pl\/index.php\/2024\/08\/21\/grozny-komar\/","title":{"rendered":"GRO\u0179NY KOMAR"},"content":{"rendered":"\n<p><strong>TENERYFA: Po raz drugi w ci\u0105gu roku wykryto niebezpiecznego komara na lotnisku Teneryfa Po\u0142udniowa (Tenerife South).<\/strong><\/p>\n\n\n\n<p>Wiele os\u00f3b, kt\u00f3re planuj\u0105 wakacje w konkretnym miejscu zastanawia si\u0119, czy s\u0105 tam komary. Te pospolite owady (a tak\u017ce muchy, pszczo\u0142y i osy) w sezonie letnim raczej trudno spotka\u0107 na hiszpa\u0144skich Wyspach Kanaryjskich, kt\u00f3re maj\u0105 zbyt suchy klimat, aby mog\u0142y si\u0119 tam wyl\u0119ga\u0107 i \u017cy\u0107. Zdarza si\u0119, \u017ce komary na tym rajskim archipelagu cz\u0119\u015bciej pojawiaj\u0105 si\u0119 zim\u0105, kiedy sporadycznie zdarzaj\u0105 si\u0119 opady deszczu. Ale w\u0142adze zlecaj\u0105 opryski chemiczne miejsc wyl\u0119gu, aby problem by\u0142 jak najmniej uci\u0105\u017cliwy dla mieszka\u0144c\u00f3w i turyst\u00f3w.\u00a0\u00a0\u00a0\u00a0<\/p>\n\n\n\n<p>\u00a0 <\/p>\n\n\n\n<figure class=\"wp-block-image size-large\"><img fetchpriority=\"high\" decoding=\"async\" width=\"768\" height=\"1024\" src=\"http:\/\/nakanarach.pl\/wp-content\/uploads\/2021\/03\/Opryski-komary-768x1024.jpg\" alt=\"\" class=\"wp-image-227\" srcset=\"https:\/\/nakanarach.pl\/wp-content\/uploads\/2021\/03\/Opryski-komary-768x1024.jpg 768w, https:\/\/nakanarach.pl\/wp-content\/uploads\/2021\/03\/Opryski-komary-225x300.jpg 225w, https:\/\/nakanarach.pl\/wp-content\/uploads\/2021\/03\/Opryski-komary-1152x1536.jpg 1152w, https:\/\/nakanarach.pl\/wp-content\/uploads\/2021\/03\/Opryski-komary.jpg 1200w\" sizes=\"(max-width: 768px) 100vw, 768px\" \/><figcaption class=\"wp-element-caption\"><em><strong>Opryski w miejscu wyl\u0119gu komar\u00f3w w Maspalomas \/ Foto: Czytelnik NaKanarach.pl<\/strong><\/em><\/figcaption><\/figure>\n\n\n\n<p>Tymczasem Ministerstwo Zdrowia Rz\u0105du Wysp Kanaryjskich za po\u015brednictwem Generalnej Dyrekcji Zdrowia Publicznego poinformowa\u0142o o nowym wykryciu\u00a0doros\u0142ego osobnika z gatunku Aedes albopictus<strong>\u00a0<\/strong>(komara tygrysiego) w jednej ze specjalnych pu\u0142apek zainstalowanych\u00a0na terminalu lotniska Tenerife South.\u00a0<\/p>\n\n\n\n<p>System\u00a0nadzoru entomologicznego Wysp Kanaryjskich dzia\u0142a na tym lotnisku od czasu\u00a0wykrycia pierwszego okazu tego samego gatunku w grudniu 2023 r.\u00a0Na tym obszarze odbywa si\u0119 tranzyt walizek pasa\u017cerskich z kierunk\u00f3w krajowych i mi\u0119dzynarodowych, gdzie osiedlaj\u0105 si\u0119 te inwazyjne komary.<\/p>\n\n\n\n<p>Tak\u017ce we wrze\u015bniu 2023 roku pierwsze wykrycie doros\u0142ych osobnik\u00f3w i larw Aedes albopictus by\u0142o na Wyspach Kanaryjskich, w gminie Tacoronte na Teneryfie, a p\u00f3\u017aniej w dzielnicy mieszkalnej w Santa Cruz de Tenerife.<\/p>\n\n\n\n<p>System Nadzoru wskaza\u0142, \u017ce \u200b\u200bGeneralna Dyrekcja Zdrowia Publicznego oraz Instytut Chor\u00f3b Tropikalnych i Zdrowia Publicznego b\u0119d\u0105 rozstawia\u0107 kolejne pu\u0142apki, kt\u00f3re pomog\u0105 okre\u015bli\u0107, czy w okolicy znajduje si\u0119 wi\u0119cej okaz\u00f3w. Archipelag posiada urz\u0105dzenia, kt\u00f3re w ci\u0105gu jednego roku przeanalizowa\u0142o ponad 20 tys. komar\u00f3w z\u0142apanych w 635 pu\u0142apkach z przyn\u0119t\u0105, zainstalowanych w 23 mo\u017cliwych punktach wej\u015bcia komar\u00f3w na archipelag, szczeg\u00f3lnie w portach, lotniskach, obszarach zamieszka\u0142ych i w szklarniach z importowanymi ro\u015blinami.<\/p>\n\n\n\n<p>Aedes albopictus\u00a0to czarny komar z paskami, mniejszy od tych pospolitych, \u00a0kt\u00f3ry wyst\u0119puje cz\u0119\u015bciej w \u015brodowiskach miejskich i przystosowa\u0142 si\u0119 do rozmna\u017cania w ma\u0142ych punktach wodnych wytwarzanych przez cz\u0142owieka.<\/p>\n\n\n\n<p>Komar tygrysi gryzie zwykle w dzie\u0144, a nie w nocy, a jego uk\u0105szenie wywo\u0142uje siln\u0105 reakcj\u0119 zapaln\u0105 i du\u017ce pieczenie.\u00a0Ten gatunek porusza si\u0119 zwinnie blisko ziemi i nie wytwarza \u017cadnego szumu.\u00a0Gryz\u0105 samice, poniewa\u017c aby si\u0119 rozmna\u017ca\u0107, musz\u0105 \u017cywi\u0107 si\u0119 krwi\u0105. Do pe\u0142nego rozwoju potrzebuj\u0105 tak\u017ce wody (punkt\u00f3w l\u0119gowych np. w zbiorniku Charca, przy s\u0142ynnych wydmach Maspalomas na Gran Canarii). Komar sk\u0142ada \u00a0jaja w wodzie, z kt\u00f3rej wy\u0142aniaj\u0105 si\u0119 larwy, kt\u00f3re nast\u0119pnie przekszta\u0142caj\u0105 si\u0119 w poczwarki (obie wodne), a ostatecznie staj\u0105 si\u0119 komarami.<\/p>\n\n\n\n<p>Obecnie na Wyspach Kanaryjskich nie zg\u0142oszono \u017cadnych uk\u0105sze\u0144, ale mo\u017ce on przenosi\u0107\u00a0gro\u017ane choroby tropikalne takie jak denga, zika, \u017c\u00f3\u0142ta febra czy chikungunya.\u00a0<\/p>\n\n\n\n<p><em><strong>Foto: Fundacja Wysp Kanaryjskich na rzecz Kontroli Chor\u00f3b Tropikalnych (FUNCCET)<\/strong><\/em><\/p>\n","protected":false},"excerpt":{"rendered":"<p>TENERYFA: Po raz drugi w ci\u0105gu roku wykryto niebezpiecznego komara na lotnisku Teneryfa Po\u0142udniowa (Tenerife South). Wiele os\u00f3b, kt\u00f3re planuj\u0105 wakacje w konkretnym miejscu zastanawia si\u0119, czy s\u0105 tam komary. Te pospolite owady (a tak\u017ce muchy, pszczo\u0142y i osy) w sezonie letnim raczej trudno spotka\u0107 na hiszpa\u0144skich Wyspach Kanaryjskich, kt\u00f3re maj\u0105 zbyt suchy klimat, aby [&hellip;]<\/p>\n","protected":false},"author":4,"featured_media":7279,"comment_status":"closed","ping_status":"open","sticky":false,"template":"","format":"standard","meta":{"om_disable_all_campaigns":false,"_monsterinsights_skip_tracking":false,"_monsterinsights_sitenote_active":false,"_monsterinsights_sitenote_note":"","_monsterinsights_sitenote_category":0,"footnotes":""},"categories":[12],"tags":[],"class_list":["post-8492","post","type-post","status-publish","format-standard","has-post-thumbnail","hentry","category-aktualnosci"],"aioseo_notices":[],"blog_post_layout_featured_media_urls":{"thumbnail":["https:\/\/nakanarach.pl\/wp-content\/uploads\/2023\/09\/Komar-Tygrysi-150x150.jpg",150,150,true],"full":["https:\/\/nakanarach.pl\/wp-content\/uploads\/2023\/09\/Komar-Tygrysi.jpg",800,450,false]},"categories_names":{"12":{"name":"Aktualno\u015bci","link":"https:\/\/nakanarach.pl\/index.php\/category\/aktualnosci\/"}},"tags_names":[],"comments_number":"0","wpmagazine_modules_lite_featured_media_urls":{"thumbnail":["https:\/\/nakanarach.pl\/wp-content\/uploads\/2023\/09\/Komar-Tygrysi-150x150.jpg",150,150,true],"cvmm-medium":["https:\/\/nakanarach.pl\/wp-content\/uploads\/2023\/09\/Komar-Tygrysi-300x300.jpg",300,300,true],"cvmm-medium-plus":["https:\/\/nakanarach.pl\/wp-content\/uploads\/2023\/09\/Komar-Tygrysi-305x207.jpg",305,207,true],"cvmm-portrait":["https:\/\/nakanarach.pl\/wp-content\/uploads\/2023\/09\/Komar-Tygrysi-400x450.jpg",400,450,true],"cvmm-medium-square":["https:\/\/nakanarach.pl\/wp-content\/uploads\/2023\/09\/Komar-Tygrysi-600x450.jpg",600,450,true],"cvmm-large":["https:\/\/nakanarach.pl\/wp-content\/uploads\/2023\/09\/Komar-Tygrysi.jpg",800,450,false],"cvmm-small":["https:\/\/nakanarach.pl\/wp-content\/uploads\/2023\/09\/Komar-Tygrysi-130x95.jpg",130,95,true],"full":["https:\/\/nakanarach.pl\/wp-content\/uploads\/2023\/09\/Komar-Tygrysi.jpg",800,450,false]},"_links":{"self":[{"href":"https:\/\/nakanarach.pl\/index.php\/wp-json\/wp\/v2\/posts\/8492","targetHints":{"allow":["GET"]}}],"collection":[{"href":"https:\/\/nakanarach.pl\/index.php\/wp-json\/wp\/v2\/posts"}],"about":[{"href":"https:\/\/nakanarach.pl\/index.php\/wp-json\/wp\/v2\/types\/post"}],"author":[{"embeddable":true,"href":"https:\/\/nakanarach.pl\/index.php\/wp-json\/wp\/v2\/users\/4"}],"replies":[{"embeddable":true,"href":"https:\/\/nakanarach.pl\/index.php\/wp-json\/wp\/v2\/comments?post=8492"}],"version-history":[{"count":2,"href":"https:\/\/nakanarach.pl\/index.php\/wp-json\/wp\/v2\/posts\/8492\/revisions"}],"predecessor-version":[{"id":8494,"href":"https:\/\/nakanarach.pl\/index.php\/wp-json\/wp\/v2\/posts\/8492\/revisions\/8494"}],"wp:featuredmedia":[{"embeddable":true,"href":"https:\/\/nakanarach.pl\/index.php\/wp-json\/wp\/v2\/media\/7279"}],"wp:attachment":[{"href":"https:\/\/nakanarach.pl\/index.php\/wp-json\/wp\/v2\/media?parent=8492"}],"wp:term":[{"taxonomy":"category","embeddable":true,"href":"https:\/\/nakanarach.pl\/index.php\/wp-json\/wp\/v2\/categories?post=8492"},{"taxonomy":"post_tag","embeddable":true,"href":"https:\/\/nakanarach.pl\/index.php\/wp-json\/wp\/v2\/tags?post=8492"}],"curies":[{"name":"wp","href":"https:\/\/api.w.org\/{rel}","templated":true}]}}