{"id":8500,"date":"2024-08-27T13:36:39","date_gmt":"2024-08-27T12:36:39","guid":{"rendered":"https:\/\/nakanarach.pl\/?p=8500"},"modified":"2024-08-27T15:04:38","modified_gmt":"2024-08-27T14:04:38","slug":"spektakularne-osuwisko","status":"publish","type":"post","link":"https:\/\/nakanarach.pl\/index.php\/2024\/08\/27\/spektakularne-osuwisko\/","title":{"rendered":"SPEKTAKULARNE OSUWISKO"},"content":{"rendered":"\n<p><strong>TENERYFA: Na terenie jednej z najwi\u0119kszych atrakcji Teneryfy, w w\u0105wozie Masca dosz\u0142o do niezwyk\u0142ego i spektakularnego osuni\u0119cia si\u0119 ziemi, co uda\u0142o si\u0119 nagra\u0107 internautom.<\/strong><\/p>\n\n\n\n<p>24 sierpnia, wybrze\u017ce Buenavista del Norte na kanaryjskiej&nbsp; Teneryfie w rejonie licznie odwiedzanego przez turyst\u00f3w w\u0105wozu Masca dosz\u0142o do osuni\u0119cia si\u0119 sporej ilo\u015bci ziemi z pobliskiego wzg\u00f3rza. Osuwisko pojawi\u0142o si\u0119 w bezpo\u015brednim s\u0105siedztwie nowego molo.<\/p>\n\n\n\n<p>Zdarzenie wywo\u0142a\u0142o du\u017c\u0105 chmur\u0119 py\u0142u, kt\u00f3ra rozprzestrzeni\u0142a si\u0119 nad okolic\u0105, zaskakuj\u0105c zar\u00f3wno turyst\u00f3w, jak i mieszka\u0144c\u00f3w. Widok osuwaj\u0105cej si\u0119 ziemi zosta\u0142 nagrany przez osoby znajduj\u0105ce si\u0119 na \u0142odziach rekreacyjnych, kt\u00f3re w tym czasie p\u0142ywa\u0142y w pobli\u017cu na Oceanie Atlantyckim. Na nagraniu wida\u0107 co si\u0119 sta\u0142o po tym, gdy olbrzymi kawa\u0142ek ziemi oderwa\u0142 si\u0119 od g\u00f3ry i z hukiem wpad\u0142 do oceanu.<\/p>\n\n\n\n<p>Cho\u0107 osuwisko wygl\u0105da\u0142o bardzo gro\u017anie, to nie dosz\u0142o do \u017cadnych powa\u017cnych szk\u00f3d osobowych ani materialnych.<\/p>\n\n\n\n<p>Specjalna komisja bada przyczyny powstania osuwiska. Pojawi\u0142o si\u0119 podejrzenie, \u017ce mog\u0142o to by\u0107 spowodowane erozj\u0105 gruntu lub naturalnymi ruchami ziemi i nieodczuwalnymi dla ludno\u015bci wieloma mikrotrz\u0119sieniami w g\u0142\u0119bi gruntu, kt\u00f3re wyst\u0119puj\u0105 w tej cz\u0119\u015bci wybrze\u017ca Teneryfy. <\/p>\n\n\n\n<p>W\u0142adze lokalne stale monitoruj\u0105 ten obszar, aby zapobiec ewentualnym przysz\u0142ym podobnym zagro\u017ceniom.<\/p>\n\n\n\n<p>Foto: Screen Dailymotion.com<\/p>\n\n\n\n<figure class=\"wp-block-embed is-type-video is-provider-dailymotion wp-block-embed-dailymotion wp-embed-aspect-9-16 wp-has-aspect-ratio\"><div class=\"wp-block-embed__wrapper\">\n<iframe title=\"Gran desprendimiento en Masca\" frameborder=\"0\" width=\"544\" height=\"960\" src=\"https:\/\/geo.dailymotion.com\/player.html?video=x94k6w2&#038;\" allowfullscreen allow=\"autoplay; fullscreen; picture-in-picture; web-share\"><\/iframe>\n<\/div><\/figure>\n\n\n\n<p><\/p>\n\n\n\n<p><\/p>\n","protected":false},"excerpt":{"rendered":"<p>TENERYFA: Na terenie jednej z najwi\u0119kszych atrakcji Teneryfy, w w\u0105wozie Masca dosz\u0142o do niezwyk\u0142ego i spektakularnego osuni\u0119cia si\u0119 ziemi, co uda\u0142o si\u0119 nagra\u0107 internautom. 24 sierpnia, wybrze\u017ce Buenavista del Norte na kanaryjskiej&nbsp; Teneryfie w rejonie licznie odwiedzanego przez turyst\u00f3w w\u0105wozu Masca dosz\u0142o do osuni\u0119cia si\u0119 sporej ilo\u015bci ziemi z pobliskiego wzg\u00f3rza. Osuwisko pojawi\u0142o si\u0119 w [&hellip;]<\/p>\n","protected":false},"author":4,"featured_media":8501,"comment_status":"closed","ping_status":"open","sticky":false,"template":"","format":"standard","meta":{"om_disable_all_campaigns":false,"_monsterinsights_skip_tracking":false,"_monsterinsights_sitenote_active":false,"_monsterinsights_sitenote_note":"","_monsterinsights_sitenote_category":0,"footnotes":""},"categories":[12],"tags":[],"class_list":["post-8500","post","type-post","status-publish","format-standard","has-post-thumbnail","hentry","category-aktualnosci"],"aioseo_notices":[],"blog_post_layout_featured_media_urls":{"thumbnail":["https:\/\/nakanarach.pl\/wp-content\/uploads\/2024\/08\/Osuwisko-150x150.png",150,150,true],"full":["https:\/\/nakanarach.pl\/wp-content\/uploads\/2024\/08\/Osuwisko.png",880,495,false]},"categories_names":{"12":{"name":"Aktualno\u015bci","link":"https:\/\/nakanarach.pl\/index.php\/category\/aktualnosci\/"}},"tags_names":[],"comments_number":"0","wpmagazine_modules_lite_featured_media_urls":{"thumbnail":["https:\/\/nakanarach.pl\/wp-content\/uploads\/2024\/08\/Osuwisko-150x150.png",150,150,true],"cvmm-medium":["https:\/\/nakanarach.pl\/wp-content\/uploads\/2024\/08\/Osuwisko-300x300.png",300,300,true],"cvmm-medium-plus":["https:\/\/nakanarach.pl\/wp-content\/uploads\/2024\/08\/Osuwisko-305x207.png",305,207,true],"cvmm-portrait":["https:\/\/nakanarach.pl\/wp-content\/uploads\/2024\/08\/Osuwisko-400x495.png",400,495,true],"cvmm-medium-square":["https:\/\/nakanarach.pl\/wp-content\/uploads\/2024\/08\/Osuwisko-600x495.png",600,495,true],"cvmm-large":["https:\/\/nakanarach.pl\/wp-content\/uploads\/2024\/08\/Osuwisko.png",880,495,false],"cvmm-small":["https:\/\/nakanarach.pl\/wp-content\/uploads\/2024\/08\/Osuwisko-130x95.png",130,95,true],"full":["https:\/\/nakanarach.pl\/wp-content\/uploads\/2024\/08\/Osuwisko.png",880,495,false]},"_links":{"self":[{"href":"https:\/\/nakanarach.pl\/index.php\/wp-json\/wp\/v2\/posts\/8500","targetHints":{"allow":["GET"]}}],"collection":[{"href":"https:\/\/nakanarach.pl\/index.php\/wp-json\/wp\/v2\/posts"}],"about":[{"href":"https:\/\/nakanarach.pl\/index.php\/wp-json\/wp\/v2\/types\/post"}],"author":[{"embeddable":true,"href":"https:\/\/nakanarach.pl\/index.php\/wp-json\/wp\/v2\/users\/4"}],"replies":[{"embeddable":true,"href":"https:\/\/nakanarach.pl\/index.php\/wp-json\/wp\/v2\/comments?post=8500"}],"version-history":[{"count":2,"href":"https:\/\/nakanarach.pl\/index.php\/wp-json\/wp\/v2\/posts\/8500\/revisions"}],"predecessor-version":[{"id":8504,"href":"https:\/\/nakanarach.pl\/index.php\/wp-json\/wp\/v2\/posts\/8500\/revisions\/8504"}],"wp:featuredmedia":[{"embeddable":true,"href":"https:\/\/nakanarach.pl\/index.php\/wp-json\/wp\/v2\/media\/8501"}],"wp:attachment":[{"href":"https:\/\/nakanarach.pl\/index.php\/wp-json\/wp\/v2\/media?parent=8500"}],"wp:term":[{"taxonomy":"category","embeddable":true,"href":"https:\/\/nakanarach.pl\/index.php\/wp-json\/wp\/v2\/categories?post=8500"},{"taxonomy":"post_tag","embeddable":true,"href":"https:\/\/nakanarach.pl\/index.php\/wp-json\/wp\/v2\/tags?post=8500"}],"curies":[{"name":"wp","href":"https:\/\/api.w.org\/{rel}","templated":true}]}}