{"id":8506,"date":"2024-08-30T08:35:41","date_gmt":"2024-08-30T07:35:41","guid":{"rendered":"https:\/\/nakanarach.pl\/?p=8506"},"modified":"2024-09-20T13:36:35","modified_gmt":"2024-09-20T12:36:35","slug":"brak-wody-w-prysznicach-plazowych","status":"publish","type":"post","link":"https:\/\/nakanarach.pl\/index.php\/2024\/08\/30\/brak-wody-w-prysznicach-plazowych\/","title":{"rendered":"BRAK WODY W PRYSZNICACH PLA\u017bOWYCH"},"content":{"rendered":"\n<p><strong>GRAN CANARIA: Kryzys spowodowany d\u0142ugotrwa\u0142\u0105 susz\u0105 i niedoborem wody spowodowa\u0142, \u017ce na jednej z pla\u017c na tej rajskiej wyspie mieszka\u0144cy i tury\u015bci nie mog\u0105 od niedawna korzysta\u0107 z prysznicy pla\u017cowych. <\/strong><\/p>\n\n\n\n<p>Wydzia\u0142 Wodny Rady Miejskiej w miejscowo\u015bci Telde zamkn\u0105\u0142 dop\u0142yw prysznic\u00f3w na pla\u017cy Hoya del Pozo po tym, jak przeanalizowa\u0142 rachunki i dowiedzia\u0142 si\u0119 o bardzo wysokim zu\u017cyciu wody,\u00a0kt\u00f3re jest nieodpowiednie w kontek\u015bcie zwyk\u0142ych dzia\u0142a\u0144\u00a0u\u017cytkownik\u00f3w pla\u017cy.<\/p>\n\n\n\n<p>Wydatek ten nie odpowiada, w zale\u017cno\u015bci od obszaru, dziennemu zu\u017cyciu, a ponadto jest\u00a0najwy\u017cszy ze wszystkich prysznic\u00f3w\u00a0zainstalowanych na wybrze\u017cu tego miasta.<\/p>\n\n\n\n<p>Zarz\u0105dca terenu stara si\u0119 w ten spos\u00f3b kontrolowa\u0107 niew\u0142a\u015bciwe spo\u017cycie, maj\u0105c tak\u017ce na uwadze kryzys wodny, jaki w tym roku dotkn\u0105\u0142 archipelag, po wyj\u0105tkowo ciep\u0142ej zimie, wio\u015bnie i lecie, w kt\u00f3rych wyst\u0105pi\u0142o znacznie mniej opad\u00f3w deszczu ni\u017c w latach poprzednich.<\/p>\n\n\n\n<p>Zdaniem w\u0142adz Telde wysokie zu\u017cycie wody przez te prysznice pla\u017cowe jest zwi\u0105zane m.in z parkowaniem w pobli\u017cu przyczep kempingowych i rozbijaniem namiot\u00f3w\u00a0na obszarze Hoya del Pozo. To w\u0142a\u015bnie z prysznicy pla\u017cowych pobierana jest woda do baniak\u00f3w, kt\u00f3ra p\u00f3\u017aniej ma s\u0142u\u017cy\u0107 do mycia cia\u0142a i naczy\u0144. <\/p>\n\n\n\n<p>Tymczasem na niekt\u00f3rych Wyspach Kanaryjskich m.in. na Teneryfie i Gran Canarii s\u0105 obszary, na kt\u00f3rych zakazano w tym roku u\u017cywania wody do nape\u0142niania prywatnych przydomowych basen\u00f3w, podlewania trawnik\u00f3w i mycia samochod\u00f3w na terenie w\u0142asnej posesji. <\/p>\n\n\n\n<p>Fot. Zdj\u0119cie ilustracyjne<\/p>\n","protected":false},"excerpt":{"rendered":"<p>GRAN CANARIA: Kryzys spowodowany d\u0142ugotrwa\u0142\u0105 susz\u0105 i niedoborem wody spowodowa\u0142, \u017ce na jednej z pla\u017c na tej rajskiej wyspie mieszka\u0144cy i tury\u015bci nie mog\u0105 od niedawna korzysta\u0107 z prysznicy pla\u017cowych. Wydzia\u0142 Wodny Rady Miejskiej w miejscowo\u015bci Telde zamkn\u0105\u0142 dop\u0142yw prysznic\u00f3w na pla\u017cy Hoya del Pozo po tym, jak przeanalizowa\u0142 rachunki i dowiedzia\u0142 si\u0119 o bardzo [&hellip;]<\/p>\n","protected":false},"author":4,"featured_media":4237,"comment_status":"closed","ping_status":"open","sticky":false,"template":"","format":"standard","meta":{"om_disable_all_campaigns":false,"_monsterinsights_skip_tracking":false,"_monsterinsights_sitenote_active":false,"_monsterinsights_sitenote_note":"","_monsterinsights_sitenote_category":0,"footnotes":""},"categories":[75],"tags":[],"class_list":["post-8506","post","type-post","status-publish","format-standard","has-post-thumbnail","hentry","category-ciekawostki"],"aioseo_notices":[],"blog_post_layout_featured_media_urls":{"thumbnail":["https:\/\/nakanarach.pl\/wp-content\/uploads\/2022\/03\/Plaza-Mujeres-150x150.jpg",150,150,true],"full":["https:\/\/nakanarach.pl\/wp-content\/uploads\/2022\/03\/Plaza-Mujeres-scaled.jpg",2560,1152,false]},"categories_names":{"75":{"name":"Ciekawostki","link":"https:\/\/nakanarach.pl\/index.php\/category\/ciekawostki\/"}},"tags_names":[],"comments_number":"0","wpmagazine_modules_lite_featured_media_urls":{"thumbnail":["https:\/\/nakanarach.pl\/wp-content\/uploads\/2022\/03\/Plaza-Mujeres-150x150.jpg",150,150,true],"cvmm-medium":["https:\/\/nakanarach.pl\/wp-content\/uploads\/2022\/03\/Plaza-Mujeres-300x300.jpg",300,300,true],"cvmm-medium-plus":["https:\/\/nakanarach.pl\/wp-content\/uploads\/2022\/03\/Plaza-Mujeres-305x207.jpg",305,207,true],"cvmm-portrait":["https:\/\/nakanarach.pl\/wp-content\/uploads\/2022\/03\/Plaza-Mujeres-400x600.jpg",400,600,true],"cvmm-medium-square":["https:\/\/nakanarach.pl\/wp-content\/uploads\/2022\/03\/Plaza-Mujeres-600x600.jpg",600,600,true],"cvmm-large":["https:\/\/nakanarach.pl\/wp-content\/uploads\/2022\/03\/Plaza-Mujeres-1024x1024.jpg",1024,1024,true],"cvmm-small":["https:\/\/nakanarach.pl\/wp-content\/uploads\/2022\/03\/Plaza-Mujeres-130x95.jpg",130,95,true],"full":["https:\/\/nakanarach.pl\/wp-content\/uploads\/2022\/03\/Plaza-Mujeres-scaled.jpg",2560,1152,false]},"_links":{"self":[{"href":"https:\/\/nakanarach.pl\/index.php\/wp-json\/wp\/v2\/posts\/8506","targetHints":{"allow":["GET"]}}],"collection":[{"href":"https:\/\/nakanarach.pl\/index.php\/wp-json\/wp\/v2\/posts"}],"about":[{"href":"https:\/\/nakanarach.pl\/index.php\/wp-json\/wp\/v2\/types\/post"}],"author":[{"embeddable":true,"href":"https:\/\/nakanarach.pl\/index.php\/wp-json\/wp\/v2\/users\/4"}],"replies":[{"embeddable":true,"href":"https:\/\/nakanarach.pl\/index.php\/wp-json\/wp\/v2\/comments?post=8506"}],"version-history":[{"count":2,"href":"https:\/\/nakanarach.pl\/index.php\/wp-json\/wp\/v2\/posts\/8506\/revisions"}],"predecessor-version":[{"id":8508,"href":"https:\/\/nakanarach.pl\/index.php\/wp-json\/wp\/v2\/posts\/8506\/revisions\/8508"}],"wp:featuredmedia":[{"embeddable":true,"href":"https:\/\/nakanarach.pl\/index.php\/wp-json\/wp\/v2\/media\/4237"}],"wp:attachment":[{"href":"https:\/\/nakanarach.pl\/index.php\/wp-json\/wp\/v2\/media?parent=8506"}],"wp:term":[{"taxonomy":"category","embeddable":true,"href":"https:\/\/nakanarach.pl\/index.php\/wp-json\/wp\/v2\/categories?post=8506"},{"taxonomy":"post_tag","embeddable":true,"href":"https:\/\/nakanarach.pl\/index.php\/wp-json\/wp\/v2\/tags?post=8506"}],"curies":[{"name":"wp","href":"https:\/\/api.w.org\/{rel}","templated":true}]}}