{"id":8588,"date":"2024-09-17T08:20:28","date_gmt":"2024-09-17T07:20:28","guid":{"rendered":"https:\/\/nakanarach.pl\/?p=8588"},"modified":"2024-09-17T08:24:28","modified_gmt":"2024-09-17T07:24:28","slug":"zakaz-wycieczek-tuk-tukiem","status":"publish","type":"post","link":"https:\/\/nakanarach.pl\/index.php\/2024\/09\/17\/zakaz-wycieczek-tuk-tukiem\/","title":{"rendered":"ZAKAZ WYCIECZEK TUK-TUKIEM"},"content":{"rendered":"\n<p><strong>GRAN CANARIA: W\u0142adze turystycznego kurortu w Maspalomas na po\u0142udniu Gran Canarii zakaza\u0142y wycieczek dla turyst\u00f3w pojazdami typu tuk-tuk.<\/strong><\/p>\n\n\n\n<p>Jak poinformowa\u0142y w\u0142adze gminy San Bartolom\u00e9 de Tirajana, na terenie kt\u00f3rej znajduj\u0105 si\u0119 m.in. s\u0142ynne turystyczne kurorty San Agustin, Playa del Ingles, Maspalomas i Meloneras, rutynowe kontrole pojazd\u00f3w przeprowadzane przez lokaln\u0105 policj\u0119 oraz Departament Transportu i Mobilno\u015bci Miejskiej, wykaza\u0142y szereg narusze\u0144 przepis\u00f3w.<\/p>\n\n\n\n<p>W\u0142adze ostrzegaj\u0105, \u017ce dalsza eksploatacja pojazd\u00f3w elektrycznych mo\u017ce grozi\u0107 ich konfiskat\u0105.<\/p>\n\n\n\n<p>Podczas gdy w innych miejscach trwaj\u0105 prace nad ustanowieniem przepis\u00f3w dotycz\u0105cych tuk-tuk\u00f3w, to w\u0142a\u015bnie Maspalomas &#8211; jeden z trzech najwa\u017cniejszych region\u00f3w turystycznych w Hiszpanii wprowadzi\u0142o zakaz ich stosowania.<\/p>\n\n\n\n<p>Firma obs\u0142ugiwa\u0142a flot\u0119 10 tuk-tuk\u00f3w na Gran Canarii, w kt\u00f3rych kierowca m\u00f3g\u0142 przewozi\u0107 po sze\u015bciu pasa\u017cer\u00f3w. Okaza\u0142o si\u0119, \u017ce pojazdy nie mia\u0142y odpowiedniego wyposa\u017cenia w kas\u0119 fiskaln\u0105, brakowa\u0142o obowi\u0105zkowych formularzy skarg i wniosk\u00f3w oraz uprawnie\u0144 wymaganych dla przewodnik\u00f3w edukacyjnych.<\/p>\n\n\n\n<p>Organizatorzy wycieczek tuk-tukami w Maspalomas, zostali zmuszeni do odwo\u0142ania rezerwacji dla turyst\u00f3w.<\/p>\n\n\n\n<p>Gmina informuje, \u017ce firma oferowa\u0142a codzienne 90-minutowe rodzinne wycieczki tuk-tukiem za 149 euro, odbieraj\u0105c klient\u00f3w z ich hoteli i zabieraj\u0105c ich do najwa\u017cniejszych miejsc turystycznych, takich jak s\u0142ynne wydmy Maspalomas i punkty widokowe w San Agust\u00edn i Avenida de Francia. Oferowano r\u00f3wnie\u017c bezp\u0142atne prezenty, w tym lokalne przysmaki, takie jak hiszpa\u0144skie ciastka Moya (z match\u0105, czyli sproszkowan\u0105 zielon\u0105 herbat\u0105, orzechami pekan i bia\u0142\u0105 czekolad\u0105) oraz butelki popularnego kanaryjskiego sosu mojo (w sk\u0142adzie m.in.: ostre papryczki, czosnek, kolendra i zielona pietruszka, podawane z ma\u0142ymi lokalnymi ziemniakami).<\/p>\n\n\n\n<p><strong>Fot. Ayuntamiento de <\/strong><strong>San Bartolom\u00e9 de Tirajana<\/strong><strong><\/strong><\/p>\n","protected":false},"excerpt":{"rendered":"<p>GRAN CANARIA: W\u0142adze turystycznego kurortu w Maspalomas na po\u0142udniu Gran Canarii zakaza\u0142y wycieczek dla turyst\u00f3w pojazdami typu tuk-tuk. Jak poinformowa\u0142y w\u0142adze gminy San Bartolom\u00e9 de Tirajana, na terenie kt\u00f3rej znajduj\u0105 si\u0119 m.in. s\u0142ynne turystyczne kurorty San Agustin, Playa del Ingles, Maspalomas i Meloneras, rutynowe kontrole pojazd\u00f3w przeprowadzane przez lokaln\u0105 policj\u0119 oraz Departament Transportu i Mobilno\u015bci [&hellip;]<\/p>\n","protected":false},"author":4,"featured_media":8589,"comment_status":"closed","ping_status":"open","sticky":false,"template":"","format":"standard","meta":{"om_disable_all_campaigns":false,"_monsterinsights_skip_tracking":false,"_monsterinsights_sitenote_active":false,"_monsterinsights_sitenote_note":"","_monsterinsights_sitenote_category":0,"footnotes":""},"categories":[12],"tags":[],"class_list":["post-8588","post","type-post","status-publish","format-standard","has-post-thumbnail","hentry","category-aktualnosci"],"aioseo_notices":[],"blog_post_layout_featured_media_urls":{"thumbnail":["https:\/\/nakanarach.pl\/wp-content\/uploads\/2024\/09\/Zakazane-Tuktuki-150x150.jpg",150,150,true],"full":["https:\/\/nakanarach.pl\/wp-content\/uploads\/2024\/09\/Zakazane-Tuktuki.jpg",1200,650,false]},"categories_names":{"12":{"name":"Aktualno\u015bci","link":"https:\/\/nakanarach.pl\/index.php\/category\/aktualnosci\/"}},"tags_names":[],"comments_number":"0","wpmagazine_modules_lite_featured_media_urls":{"thumbnail":["https:\/\/nakanarach.pl\/wp-content\/uploads\/2024\/09\/Zakazane-Tuktuki-150x150.jpg",150,150,true],"cvmm-medium":["https:\/\/nakanarach.pl\/wp-content\/uploads\/2024\/09\/Zakazane-Tuktuki-300x300.jpg",300,300,true],"cvmm-medium-plus":["https:\/\/nakanarach.pl\/wp-content\/uploads\/2024\/09\/Zakazane-Tuktuki-305x207.jpg",305,207,true],"cvmm-portrait":["https:\/\/nakanarach.pl\/wp-content\/uploads\/2024\/09\/Zakazane-Tuktuki-400x600.jpg",400,600,true],"cvmm-medium-square":["https:\/\/nakanarach.pl\/wp-content\/uploads\/2024\/09\/Zakazane-Tuktuki-600x600.jpg",600,600,true],"cvmm-large":["https:\/\/nakanarach.pl\/wp-content\/uploads\/2024\/09\/Zakazane-Tuktuki-1024x650.jpg",1024,650,true],"cvmm-small":["https:\/\/nakanarach.pl\/wp-content\/uploads\/2024\/09\/Zakazane-Tuktuki-130x95.jpg",130,95,true],"full":["https:\/\/nakanarach.pl\/wp-content\/uploads\/2024\/09\/Zakazane-Tuktuki.jpg",1200,650,false]},"_links":{"self":[{"href":"https:\/\/nakanarach.pl\/index.php\/wp-json\/wp\/v2\/posts\/8588","targetHints":{"allow":["GET"]}}],"collection":[{"href":"https:\/\/nakanarach.pl\/index.php\/wp-json\/wp\/v2\/posts"}],"about":[{"href":"https:\/\/nakanarach.pl\/index.php\/wp-json\/wp\/v2\/types\/post"}],"author":[{"embeddable":true,"href":"https:\/\/nakanarach.pl\/index.php\/wp-json\/wp\/v2\/users\/4"}],"replies":[{"embeddable":true,"href":"https:\/\/nakanarach.pl\/index.php\/wp-json\/wp\/v2\/comments?post=8588"}],"version-history":[{"count":2,"href":"https:\/\/nakanarach.pl\/index.php\/wp-json\/wp\/v2\/posts\/8588\/revisions"}],"predecessor-version":[{"id":8591,"href":"https:\/\/nakanarach.pl\/index.php\/wp-json\/wp\/v2\/posts\/8588\/revisions\/8591"}],"wp:featuredmedia":[{"embeddable":true,"href":"https:\/\/nakanarach.pl\/index.php\/wp-json\/wp\/v2\/media\/8589"}],"wp:attachment":[{"href":"https:\/\/nakanarach.pl\/index.php\/wp-json\/wp\/v2\/media?parent=8588"}],"wp:term":[{"taxonomy":"category","embeddable":true,"href":"https:\/\/nakanarach.pl\/index.php\/wp-json\/wp\/v2\/categories?post=8588"},{"taxonomy":"post_tag","embeddable":true,"href":"https:\/\/nakanarach.pl\/index.php\/wp-json\/wp\/v2\/tags?post=8588"}],"curies":[{"name":"wp","href":"https:\/\/api.w.org\/{rel}","templated":true}]}}