{"id":8594,"date":"2024-09-18T09:59:22","date_gmt":"2024-09-18T08:59:22","guid":{"rendered":"https:\/\/nakanarach.pl\/?p=8594"},"modified":"2024-09-18T10:39:39","modified_gmt":"2024-09-18T09:39:39","slug":"smierc-po-ataku-rekina","status":"publish","type":"post","link":"https:\/\/nakanarach.pl\/index.php\/2024\/09\/18\/smierc-po-ataku-rekina\/","title":{"rendered":"\u015aMIER\u0106 PO ATAKU REKINA"},"content":{"rendered":"\n<p><strong>WYSPY KANARYJSKIE: Tragiczna \u015bmier\u0107 kobiety pomi\u0119dzy Wyspami Kanaryjskimi a Sahar\u0105 Zachodni\u0105, po tym jak zaatakowa\u0142 j\u0105 rekin. &nbsp;&nbsp;<\/strong><\/p>\n\n\n\n<p>30-letnia obywatelka Niemiec zgin\u0119\u0142a tragicznie po ataku rekina na Oceanie Atlantyckim, oko\u0142o 514 kilometr\u00f3w od wybrze\u017cy Wysp Kanaryjskich.<\/p>\n\n\n\n<p>Hiszpa\u0144skie s\u0142u\u017cby ratunkowe Maritime Rescue (Salvamento Mar\u00edtimo) poinformowa\u0142y, \u017ce kobieta zmar\u0142a w wyniku odniesionych obra\u017ce\u0144, podczas transportu hiszpa\u0144skich si\u0142 powietrznych do szpitala Doctor Negr\u00edn w Las Palmas de Gran Canaria.<\/p>\n\n\n\n<p>Agencja Efe poinformowa\u0142a, \u017ce do zdarzenia dosz\u0142o 17 wrze\u015bnia 2024 roku oko\u0142o 180 kilometr\u00f3w na zach\u00f3d od miasta Dachla, w Saharze Zachodniej w Afryce. Wed\u0142ug wst\u0119pnych ustale\u0144 p\u0142ywa\u0142a ona w Oceanie Atlantyckim w pobli\u017cu katamaranu, kt\u00f3rym p\u0142ywa\u0142a.<\/p>\n\n\n\n<p>W pewnym momencie za\u0142oga \u0142odzi poprosi\u0142a o piln\u0105 pomoc pomoc, kontaktuj\u0105c si\u0119 z hiszpa\u0144sk\u0105 Morsk\u0105 S\u0142u\u017cb\u0105 Ratownictwa, kt\u00f3ra dzieli obowi\u0105zki mi\u0119dzynarodowe w tym regionie z maroka\u0144sk\u0105 marynark\u0105 wojenn\u0105. Z powodu braku zasob\u00f3w w tej sytuacji, gdy w\u0142adza maroka\u0144ska prosi o podj\u0119cie decyzji o przyj\u0119ciu akcji ratunkowej, hiszpa\u0144skie Maritime Rescue natychmiast uda\u0142o si\u0119 do katamaranu, aby udzieli\u0107 pomocy medycznej. Hiszpa\u0144ski \u015bmig\u0142owiec poszukiwawczo-ratowniczy (SAR) zosta\u0142 wys\u0142any z Gran Canarii i dotar\u0142 do statku po oko\u0142o 4 godzinach, aby przetransportowa\u0107 rann\u0105 kobiet\u0119 do szpitala.<\/p>\n\n\n\n<p>To tragiczne wydarzenie jest bardzo rzadkim zjawiskiem na Atlantyku w pobli\u017cu Wysp Kanaryjskich. Wed\u0142ug Mi\u0119dzynarodowego Pliku Atak\u00f3w Rekin\u00f3w &#8211; International Shark Attack File (ISAF)\u00a0prowadzonego przez Muzeum Historii Naturalnej Florydy, na Wyspach Kanaryjskich odnotowano w ostatnich latach tylko 6 potwierdzonych incydent\u00f3w zwi\u0105zanych z rekinami, z kt\u00f3rych \u017caden wcze\u015bniejszy nie by\u0142 \u015bmiertelny. Kilka lat temu media informowa\u0142y o ataku przez 4-metrowego rekina na jedn\u0105 z turystek na Wyspach Kanaryjskich.<strong>\u00a0<\/strong>Zosta\u0142a ona dotkliwie pogryziona w r\u0119k\u0119. Kobieta, mieszkaj\u0105ca na co dzie\u0144 w stolicy Hiszpanii &#8211; Madrycie, by\u0142a na urlopie w rodzinnym gronie. P\u0142ywa\u0142a w Arinaga Beach w Aguimes na wschodnim wybrze\u017cu wyspy\u00a0Gran Canaria. To popularne miejsce w\u015br\u00f3d p\u0142etwonurk\u00f3w. Gdy by\u0142a ok. 20 metr\u00f3w od brzegu poczu\u0142a szarpanie. Okaza\u0142o si\u0119, \u017ce zaatakowa\u0142 j\u0105 prawdopodobnie \u017car\u0142acz jedwabisty, kt\u00f3ry \u017cyje na ca\u0142ym \u015bwiecie w morzach tropikalnych i ciep\u0142ych.<\/p>\n\n\n\n<figure class=\"wp-block-image size-full\"><img fetchpriority=\"high\" decoding=\"async\" width=\"383\" height=\"680\" src=\"http:\/\/nakanarach.pl\/wp-content\/uploads\/2021\/04\/Rekiny.jpg\" alt=\"\" class=\"wp-image-597\" srcset=\"https:\/\/nakanarach.pl\/wp-content\/uploads\/2021\/04\/Rekiny.jpg 383w, https:\/\/nakanarach.pl\/wp-content\/uploads\/2021\/04\/Rekiny-169x300.jpg 169w\" sizes=\"(max-width: 383px) 100vw, 383px\" \/><figcaption class=\"wp-element-caption\"><em><strong>Foto: Twitter\/Cris Ojeda Thies<\/strong><\/em><\/figcaption><\/figure>\n\n\n\n<p>Okazuje si\u0119, \u017ce to jeden z pierwszych takich incydent\u00f3w w tym rejonie, dlatego w\u0142adze przekonuj\u0105, \u017ce na tym hiszpa\u0144skim archipelagu nie ma si\u0119 czego obawia\u0107, a prawdopodobie\u0144stwo ataku przez rekina wyst\u0119puj\u0119 na Kanarach \u015brednio raz na 50 lat.<\/p>\n\n\n\n<p><strong>Z kolei latem 2024 roku zauwa\u017cono kolejnego rekina sporych rozmiar\u00f3w <\/strong>w pobli\u017cu pla\u017cy Salinetas i klif\u00f3w Clavelinas na wschodzie Gran Canarii. Lokalny portal Telde Actualidad pokaza\u0142 nagranie, kt\u00f3re otrzyma\u0142 od czytelnika, na kt\u00f3rym wyra\u017anie wida\u0107 p\u0142etw\u0119 rekina wystaj\u0105c\u0105 ponad wod\u0119. S\u0142u\u017cby ratunkowe obserwuj\u0105ce ten teren natychmiast wywiesi\u0142y czerwon\u0105 flag\u0119 na pla\u017cy i ewakuowa\u0142y k\u0105pi\u0105cych si\u0119 z wody. Tak\u017ce w po\u0142owie sierpnia 2024 r. zauwa\u017cono rekina m\u0142ota p\u0142ywaj\u0105cego w pobli\u017cu molo Santa Catalina w porcie Las Palmas na Gran Canarii.<\/p>\n\n\n\n<p>Foto: Policia Local Telde &#8211; Zdj\u0119cie ilustracyjne<\/p>\n","protected":false},"excerpt":{"rendered":"<p>WYSPY KANARYJSKIE: Tragiczna \u015bmier\u0107 kobiety pomi\u0119dzy Wyspami Kanaryjskimi a Sahar\u0105 Zachodni\u0105, po tym jak zaatakowa\u0142 j\u0105 rekin. &nbsp;&nbsp; 30-letnia obywatelka Niemiec zgin\u0119\u0142a tragicznie po ataku rekina na Oceanie Atlantyckim, oko\u0142o 514 kilometr\u00f3w od wybrze\u017cy Wysp Kanaryjskich. Hiszpa\u0144skie s\u0142u\u017cby ratunkowe Maritime Rescue (Salvamento Mar\u00edtimo) poinformowa\u0142y, \u017ce kobieta zmar\u0142a w wyniku odniesionych obra\u017ce\u0144, podczas transportu hiszpa\u0144skich si\u0142 [&hellip;]<\/p>\n","protected":false},"author":4,"featured_media":8292,"comment_status":"closed","ping_status":"open","sticky":false,"template":"","format":"standard","meta":{"om_disable_all_campaigns":false,"_monsterinsights_skip_tracking":false,"_monsterinsights_sitenote_active":false,"_monsterinsights_sitenote_note":"","_monsterinsights_sitenote_category":0,"footnotes":""},"categories":[12],"tags":[],"class_list":["post-8594","post","type-post","status-publish","format-standard","has-post-thumbnail","hentry","category-aktualnosci"],"aioseo_notices":[],"blog_post_layout_featured_media_urls":{"thumbnail":["https:\/\/nakanarach.pl\/wp-content\/uploads\/2022\/07\/Rekin-Foto-Policia-Local-Telde-150x150.jpg",150,150,true],"full":["https:\/\/nakanarach.pl\/wp-content\/uploads\/2022\/07\/Rekin-Foto-Policia-Local-Telde.jpg",1200,675,false]},"categories_names":{"12":{"name":"Aktualno\u015bci","link":"https:\/\/nakanarach.pl\/index.php\/category\/aktualnosci\/"}},"tags_names":[],"comments_number":"0","wpmagazine_modules_lite_featured_media_urls":{"thumbnail":["https:\/\/nakanarach.pl\/wp-content\/uploads\/2022\/07\/Rekin-Foto-Policia-Local-Telde-150x150.jpg",150,150,true],"cvmm-medium":["https:\/\/nakanarach.pl\/wp-content\/uploads\/2022\/07\/Rekin-Foto-Policia-Local-Telde-300x300.jpg",300,300,true],"cvmm-medium-plus":["https:\/\/nakanarach.pl\/wp-content\/uploads\/2022\/07\/Rekin-Foto-Policia-Local-Telde-305x207.jpg",305,207,true],"cvmm-portrait":["https:\/\/nakanarach.pl\/wp-content\/uploads\/2022\/07\/Rekin-Foto-Policia-Local-Telde-400x600.jpg",400,600,true],"cvmm-medium-square":["https:\/\/nakanarach.pl\/wp-content\/uploads\/2022\/07\/Rekin-Foto-Policia-Local-Telde-600x600.jpg",600,600,true],"cvmm-large":["https:\/\/nakanarach.pl\/wp-content\/uploads\/2022\/07\/Rekin-Foto-Policia-Local-Telde-1024x675.jpg",1024,675,true],"cvmm-small":["https:\/\/nakanarach.pl\/wp-content\/uploads\/2022\/07\/Rekin-Foto-Policia-Local-Telde-130x95.jpg",130,95,true],"full":["https:\/\/nakanarach.pl\/wp-content\/uploads\/2022\/07\/Rekin-Foto-Policia-Local-Telde.jpg",1200,675,false]},"_links":{"self":[{"href":"https:\/\/nakanarach.pl\/index.php\/wp-json\/wp\/v2\/posts\/8594","targetHints":{"allow":["GET"]}}],"collection":[{"href":"https:\/\/nakanarach.pl\/index.php\/wp-json\/wp\/v2\/posts"}],"about":[{"href":"https:\/\/nakanarach.pl\/index.php\/wp-json\/wp\/v2\/types\/post"}],"author":[{"embeddable":true,"href":"https:\/\/nakanarach.pl\/index.php\/wp-json\/wp\/v2\/users\/4"}],"replies":[{"embeddable":true,"href":"https:\/\/nakanarach.pl\/index.php\/wp-json\/wp\/v2\/comments?post=8594"}],"version-history":[{"count":1,"href":"https:\/\/nakanarach.pl\/index.php\/wp-json\/wp\/v2\/posts\/8594\/revisions"}],"predecessor-version":[{"id":8595,"href":"https:\/\/nakanarach.pl\/index.php\/wp-json\/wp\/v2\/posts\/8594\/revisions\/8595"}],"wp:featuredmedia":[{"embeddable":true,"href":"https:\/\/nakanarach.pl\/index.php\/wp-json\/wp\/v2\/media\/8292"}],"wp:attachment":[{"href":"https:\/\/nakanarach.pl\/index.php\/wp-json\/wp\/v2\/media?parent=8594"}],"wp:term":[{"taxonomy":"category","embeddable":true,"href":"https:\/\/nakanarach.pl\/index.php\/wp-json\/wp\/v2\/categories?post=8594"},{"taxonomy":"post_tag","embeddable":true,"href":"https:\/\/nakanarach.pl\/index.php\/wp-json\/wp\/v2\/tags?post=8594"}],"curies":[{"name":"wp","href":"https:\/\/api.w.org\/{rel}","templated":true}]}}