{"id":8601,"date":"2024-09-19T05:14:00","date_gmt":"2024-09-19T04:14:00","guid":{"rendered":"https:\/\/nakanarach.pl\/?p=8601"},"modified":"2025-01-06T06:53:54","modified_gmt":"2025-01-06T06:53:54","slug":"zamkniete-plaze-i-grozny-wirus","status":"publish","type":"post","link":"https:\/\/nakanarach.pl\/index.php\/2024\/09\/19\/zamkniete-plaze-i-grozny-wirus\/","title":{"rendered":"ZAMKNI\u0118TE PLA\u017bE I GRO\u0179NY WIRUS"},"content":{"rendered":"\n<p><strong>TENERYFA: W\u0142adze Teneryfy w po\u0142owie wrze\u015bnia 2024 roku zakaza\u0142y k\u0105pieli na trzech pla\u017cach na p\u00f3\u0142nocy tej kanaryjskiej wyspy. Innym problemem jest te\u017c rozprzestrzeniaj\u0105cy si\u0119 na archipelagu gro\u017any dla cz\u0142owieka wirus tzw. gor\u0105czki leniwc\u00f3w. <\/strong><\/p>\n\n\n\n<p>W\u0142adze archipelagu wyda\u0142y ostrze\u017cenie o zakazie k\u0105pieli na trzech popularnych pla\u017cach na Teneryfie. Powodem tym razem ma by\u0107 mocno zanieczyszczona woda. <\/p>\n\n\n\n<p>Mieszka\u0144cy i tury\u015bci zach\u0119cani s\u0105 do \u015bledzenia oficjalnych komunikat\u00f3w i znak\u00f3w informacyjnych w tych rejonach, aby unikn\u0105\u0107 niepotrzebnego ryzyka.  Na strze\u017conych pla\u017cach pojawi\u0142y si\u0119 czerwone flagi, kt\u00f3re w ty konkretnym przypadku oznaczaj\u0105 ca\u0142kowity zakaz wchodzenia do wody, ze wzgl\u0119du na zagro\u017cenie zdrowotne. Dodatkowo przestrzagania zakazu pilnuj\u0105 ratpownicy, kt\u00f3ry wyganiaj\u0105 ludzi z wody. <\/p>\n\n\n\n<p>Decyzj\u0119 podj\u0119to po ostatnich badaniach wody w Oceanie Atlantyckim przy brzegach p\u00f3\u0142nocnej Teneryfy, kt\u00f3re wykaza\u0142y z\u0142e wyniki epidemiologiczne i sanitarne, budz\u0105ce obawy o\u00a0bezpiecze\u0144stwo os\u00f3b przebywaj\u0105cych w\u00a0miejscach pomiar\u00f3w jako\u015bci wody.\u00a0Zar\u00f3wno w\u0142adze dzielnicy Anaga, jak i\u00a0Rada Miasta Santa Cruz w\u00a0pe\u0142ni popar\u0142y t\u0119 decyzj\u0119.<\/p>\n\n\n\n<p>Nie by\u0142 to pierwszy alert zdrowotny wydany przez w\u0142adze Teneryfy.\u00a0Niedawno turyst\u00f3w ostrzegano r\u00f3wnie\u017c przed rozprzestrzenianiem si\u0119 gor\u0105czki leniwc\u00f3w na Wyspach Kanaryjskich.<\/p>\n\n\n\n<p>W ci\u0105gu pierwszych siedmiu miesi\u0119cy 2024 r. odnotowano ponad 8 tys. przypadk\u00f3w tej choroby na ca\u0142ym \u015bwiecie, w tym w Europie. Na \u015bwiecie tylko we wrze\u015bniu 2024 roku wykryto 19 przypadk\u00f3w zachorowa\u0144 na tego wirusa, z czego a\u017c 12 w Hiszpanii, g\u0142\u00f3wnie na Wyspach Kanaryjskich. <\/p>\n\n\n\n<p>Ostatnio wykryto trzy kolejne przypadki\u00a0<a href=\"https:\/\/stronazdrowia.pl\/wirus-oropouche-pierwsze-przypadki-w-europie-ecdc-ostrzega-przed-zagrozeniem-tak-przenosi-sie-wirus-orov-oto-gdzie-mozna-sie\/ar\/c14-18740817#czym-jest-goraczka-oropouche-objawy-i-leczenie\" target=\"_blank\" rel=\"noreferrer noopener\">wirusa Oropuche<\/a>, na kt\u00f3rego nie ma lekarstwa. Ka\u017cda z os\u00f3b podr\u00f3\u017cowa\u0142a na Kub\u0119. Z kolei 36-letni m\u0119\u017cczyzna i 32-letnia kobieta pochodz\u0105 z Teneryfy, a 52-letni m\u0119\u017cczyzna z Gran Canarii. Wszyscy uzyskali pozytywny wynik testu na obecno\u015b\u0107 tajemniczego wirusa. Kolejne osoby czekaj\u0105 na wynik test\u00f3w. Tury\u015bci zostali ostrze\u017ceni przed rozprzestrzenianiem si\u0119 gor\u0105czki leniwc\u00f3w na Wyspach Kanaryjskich.<\/p>\n\n\n\n<p>Wed\u0142ug London School of Hygiene and Tropical Medicine ludzie mog\u0105 zachorowa\u0107 g\u0142\u00f3wnie poprzez uk\u0105szenia zaka\u017conych\u00a0krwiopijnych much\u00f3wek Culicoides paraensis, a wiadomo, \u017ce przenosz\u0105 j\u0105 r\u00f3wnie\u017c niekt\u00f3re komary.<strong> <\/strong>Naukowcy tego o\u015brodka wyja\u015bniaj\u0105 wi\u0119c, \u017ce podobnie jak w przypadku innych chor\u00f3b przenoszonych przez wektory (niewielkie cz\u0105steczki DNA zdolne do replikacji w kom\u00f3rce gospodarza), np. dengi, zmiany klimatyczne mog\u0105 mie\u0107 wp\u0142yw na ekspansj\u0119 wirusa Oropouche.<\/p>\n\n\n\n<blockquote class=\"wp-block-quote is-layout-flow wp-block-quote-is-layout-flow\">\n<p>\u2013 Objawy to&nbsp;<a href=\"https:\/\/stronazdrowia.pl\/jak-i-kiedy-nalezy-zbijac-goraczke-domowe-i-farmakologiczne-sposoby-na-obnizenie-wysokiej-temperatury-u-dzieci-i-doroslych\/ar\/c14-14485471\" rel=\"noreferrer noopener\" target=\"_blank\">gor\u0105czka<\/a>&nbsp;z b\u00f3lem g\u0142owy, nudno\u015bciami, wymiotami, b\u00f3lem mi\u0119\u015bni i staw\u00f3w, a czasami powa\u017cniejszymi dolegliwo\u015bciami. Rokowania co do wyzdrowienia s\u0105 przy tym dobre, a przypadki \u015bmiertelne zdarzaj\u0105 si\u0119 rzadko. Nie ma szczepionek zapobiegaj\u0105cych chorobie ani specyficznych lek\u00f3w \u2013 stosuje si\u0119 leczenie \u2013 pisz\u0119 na&nbsp;<a href=\"https:\/\/stronazdrowia.pl\/autorzy\/anna-rokicka-zuk\/au\/191337\" rel=\"noreferrer noopener\" target=\"_blank\">Stronie Zdrowia<\/a>&nbsp;Anna Rokicka-\u017buk.<\/p>\n\n\n\n<p>Foto: Archiwum NaKanarach.pl<\/p>\n<\/blockquote>\n\n\n\n<p><\/p>\n","protected":false},"excerpt":{"rendered":"<p>TENERYFA: W\u0142adze Teneryfy w po\u0142owie wrze\u015bnia 2024 roku zakaza\u0142y k\u0105pieli na trzech pla\u017cach na p\u00f3\u0142nocy tej kanaryjskiej wyspy. Innym problemem jest te\u017c rozprzestrzeniaj\u0105cy si\u0119 na archipelagu gro\u017any dla cz\u0142owieka wirus tzw. gor\u0105czki leniwc\u00f3w. W\u0142adze archipelagu wyda\u0142y ostrze\u017cenie o zakazie k\u0105pieli na trzech popularnych pla\u017cach na Teneryfie. Powodem tym razem ma by\u0107 mocno zanieczyszczona woda. Mieszka\u0144cy [&hellip;]<\/p>\n","protected":false},"author":4,"featured_media":227,"comment_status":"closed","ping_status":"open","sticky":false,"template":"","format":"standard","meta":{"om_disable_all_campaigns":false,"_monsterinsights_skip_tracking":false,"_monsterinsights_sitenote_active":false,"_monsterinsights_sitenote_note":"","_monsterinsights_sitenote_category":0,"footnotes":""},"categories":[26],"tags":[],"class_list":["post-8601","post","type-post","status-publish","format-standard","has-post-thumbnail","hentry","category-plaza"],"aioseo_notices":[],"blog_post_layout_featured_media_urls":{"thumbnail":["https:\/\/nakanarach.pl\/wp-content\/uploads\/2021\/03\/Opryski-komary-150x150.jpg",150,150,true],"full":["https:\/\/nakanarach.pl\/wp-content\/uploads\/2021\/03\/Opryski-komary.jpg",1200,1600,false]},"categories_names":{"26":{"name":"Pla\u017ca","link":"https:\/\/nakanarach.pl\/index.php\/category\/plaza\/"}},"tags_names":[],"comments_number":"0","wpmagazine_modules_lite_featured_media_urls":{"thumbnail":["https:\/\/nakanarach.pl\/wp-content\/uploads\/2021\/03\/Opryski-komary-150x150.jpg",150,150,true],"cvmm-medium":["https:\/\/nakanarach.pl\/wp-content\/uploads\/2021\/03\/Opryski-komary-300x300.jpg",300,300,true],"cvmm-medium-plus":["https:\/\/nakanarach.pl\/wp-content\/uploads\/2021\/03\/Opryski-komary-305x207.jpg",305,207,true],"cvmm-portrait":["https:\/\/nakanarach.pl\/wp-content\/uploads\/2021\/03\/Opryski-komary-400x600.jpg",400,600,true],"cvmm-medium-square":["https:\/\/nakanarach.pl\/wp-content\/uploads\/2021\/03\/Opryski-komary-600x600.jpg",600,600,true],"cvmm-large":["https:\/\/nakanarach.pl\/wp-content\/uploads\/2021\/03\/Opryski-komary-1024x1024.jpg",1024,1024,true],"cvmm-small":["https:\/\/nakanarach.pl\/wp-content\/uploads\/2021\/03\/Opryski-komary-130x95.jpg",130,95,true],"full":["https:\/\/nakanarach.pl\/wp-content\/uploads\/2021\/03\/Opryski-komary.jpg",1200,1600,false]},"_links":{"self":[{"href":"https:\/\/nakanarach.pl\/index.php\/wp-json\/wp\/v2\/posts\/8601","targetHints":{"allow":["GET"]}}],"collection":[{"href":"https:\/\/nakanarach.pl\/index.php\/wp-json\/wp\/v2\/posts"}],"about":[{"href":"https:\/\/nakanarach.pl\/index.php\/wp-json\/wp\/v2\/types\/post"}],"author":[{"embeddable":true,"href":"https:\/\/nakanarach.pl\/index.php\/wp-json\/wp\/v2\/users\/4"}],"replies":[{"embeddable":true,"href":"https:\/\/nakanarach.pl\/index.php\/wp-json\/wp\/v2\/comments?post=8601"}],"version-history":[{"count":2,"href":"https:\/\/nakanarach.pl\/index.php\/wp-json\/wp\/v2\/posts\/8601\/revisions"}],"predecessor-version":[{"id":8604,"href":"https:\/\/nakanarach.pl\/index.php\/wp-json\/wp\/v2\/posts\/8601\/revisions\/8604"}],"wp:featuredmedia":[{"embeddable":true,"href":"https:\/\/nakanarach.pl\/index.php\/wp-json\/wp\/v2\/media\/227"}],"wp:attachment":[{"href":"https:\/\/nakanarach.pl\/index.php\/wp-json\/wp\/v2\/media?parent=8601"}],"wp:term":[{"taxonomy":"category","embeddable":true,"href":"https:\/\/nakanarach.pl\/index.php\/wp-json\/wp\/v2\/categories?post=8601"},{"taxonomy":"post_tag","embeddable":true,"href":"https:\/\/nakanarach.pl\/index.php\/wp-json\/wp\/v2\/tags?post=8601"}],"curies":[{"name":"wp","href":"https:\/\/api.w.org\/{rel}","templated":true}]}}