{"id":8651,"date":"2024-09-24T11:06:23","date_gmt":"2024-09-24T10:06:23","guid":{"rendered":"https:\/\/nakanarach.pl\/?p=8651"},"modified":"2024-10-08T10:12:16","modified_gmt":"2024-10-08T09:12:16","slug":"kajakarz-pogonil-rekina","status":"publish","type":"post","link":"https:\/\/nakanarach.pl\/index.php\/2024\/09\/24\/kajakarz-pogonil-rekina\/","title":{"rendered":"KAJAKARZ POGONI\u0141 REKINA"},"content":{"rendered":"\n<p><strong>LA PALMA: Coraz cz\u0119\u015bciej do wybrze\u017cy Wysp Kanaryjskich przyp\u0142ywaj\u0105 rekiny, kt\u00f3re wcze\u015bniej by\u0142y tu rzadko spotykane. Tym razem jednego z nich przegoni\u0142 wios\u0142em kajakarz p\u0142ywaj\u0105cy po wodach Oceanu Atlantyckiego. Ca\u0142e zdarzenie mo\u017cna zobaczy\u0107 na filmie opublikowanym na kanale You Tube. <\/strong><\/p>\n\n\n\n<p>Do zdarzenia dosz\u0142o 21 wrze\u015bnia 2024 roku, kiedy to kajakarz mia\u0142 nerwowe spotkanie z rekinem podczas wios\u0142owania u wybrze\u017cy miejscowo\u015bci Tazacorte na kanaryjskiej wyspie La Palma. Na filmie wida\u0107, \u017ce rekin podp\u0142yn\u0105\u0142 niepokoj\u0105co blisko, co zmusi\u0142o kajakarza do obrony wios\u0142em\u2026 i kilkoma wybranymi s\u0142owami i przekle\u0144stwami po&nbsp;hiszpa\u0144sku. <\/p>\n\n\n\n<p>Kiedy rekin kr\u0105\u017cy\u0142 dooko\u0142a kajaka, m\u0119\u017cczyzna krzykn\u0105\u0142: \u201e\u00a1Cabr\u00f3n, sale pa&#8217; lla, pa&#8217; casa el carajo!\u201d (co w wolnym t\u0142umaczeniu z j\u0119zyka hiszpa\u0144skiego oznacza \u201eWyno\u015b si\u0119 st\u0105d, do cholery!\u201d), jednocze\u015bnie uderzaj\u0105c wios\u0142em o wod\u0119, aby go odstraszy\u0107.<\/p>\n\n\n\n<figure class=\"wp-block-embed is-type-video is-provider-youtube wp-block-embed-youtube wp-embed-aspect-16-9 wp-has-aspect-ratio\"><div class=\"wp-block-embed__wrapper\">\n<iframe title=\"Un tibur\u00f3n martillo sorprende joven en kayak La Palma.\u201d Cabr\u00f3n sale pa\u2019 all\u00e1, pa\u2019 casa del carajo&quot;\" width=\"640\" height=\"360\" src=\"https:\/\/www.youtube.com\/embed\/phaVeBUOBGw?feature=oembed\" frameborder=\"0\" allow=\"accelerometer; autoplay; clipboard-write; encrypted-media; gyroscope; picture-in-picture; web-share\" referrerpolicy=\"strict-origin-when-cross-origin\" allowfullscreen><\/iframe>\n<\/div><\/figure>\n\n\n\n<p>Na szcz\u0119\u015bcie rekin nie wykazywa\u0142 oznak agresji. Po kilku pr\u00f3bach nastraszenia, rekin w ko\u0144cu odp\u0142yn\u0105\u0142, pozostawiaj\u0105c kajakarza, aby kontynuowa\u0142 podr\u00f3\u017c, cho\u0107 z powodu olbrzymiego stresu bardzo szybko postanowi\u0142 on przep\u0142yn\u0105\u0107 w kierunku l\u0105du.<\/p>\n\n\n\n<p>Eksperci zauwa\u017caj\u0105, \u017ce gatunki takie jak rekin b\u0142\u0119kitny, cz\u0119sto spotykany w wodach Wysp Kanaryjskich, zazwyczaj unikaj\u0105 ludzi i \u0142odzi. <\/p>\n\n\n\n<p>Jednak jak informowali\u015bmy wcze\u015bniej na portalu NaKanarach.pl we wrze\u015bniu 2024 roku 30-letnia obywatelka Niemiec zgin\u0119\u0142a tragicznie po ataku rekina na Oceanie Atlantyckim, oko\u0142o 514 kilometr\u00f3w od wybrze\u017cy Wysp Kanaryjskich.<\/p>\n\n\n\n<p>Wed\u0142ug Mi\u0119dzynarodowego Rejestru Atak\u00f3w Rekin\u00f3w &#8211; International Shark Attack File (ISAF)&nbsp;prowadzonego przez Muzeum Historii Naturalnej Florydy, na Wyspach Kanaryjskich odnotowano w ostatnich latach tylko 6 potwierdzonych incydent\u00f3w zwi\u0105zanych z rekinami, z kt\u00f3rych \u017caden wcze\u015bniejszy nie by\u0142 \u015bmiertelny. <\/p>\n\n\n\n<p>Kilka lat temu media informowa\u0142y o ataku przez 4-metrowego rekina na jedn\u0105 z turystek na Wyspach Kanaryjskich.<strong>&nbsp;<\/strong>Zosta\u0142a ona dotkliwie pogryziona w r\u0119k\u0119. Kobieta, mieszkaj\u0105ca na co dzie\u0144 w stolicy Hiszpanii &#8211; Madrycie, p\u0142ywa\u0142a w Arinaga Beach w Aguimes na wschodnim wybrze\u017cu wyspy&nbsp;Gran Canaria. To popularne miejsce w\u015br\u00f3d p\u0142etwonurk\u00f3w. Gdy by\u0142a ok. 20 metr\u00f3w od brzegu poczu\u0142a szarpanie. Okaza\u0142o si\u0119, \u017ce zaatakowa\u0142 j\u0105 prawdopodobnie \u017car\u0142acz jedwabisty, kt\u00f3ry \u017cyje na ca\u0142ym \u015bwiecie w morzach tropikalnych i ciep\u0142ych.<\/p>\n\n\n\n<p>Z kolei latem 2024 roku zauwa\u017cono kolejnego rekina sporych rozmiar\u00f3w&nbsp;w pobli\u017cu pla\u017cy Salinetas i klif\u00f3w Clavelinas na wschodzie Gran Canarii. Lokalny portal Telde Actualidad pokaza\u0142 nagranie, kt\u00f3re otrzyma\u0142 od czytelnika, na kt\u00f3rym wyra\u017anie wida\u0107 p\u0142etw\u0119 rekina wystaj\u0105c\u0105 ponad wod\u0119. S\u0142u\u017cby ratunkowe obserwuj\u0105ce ten teren natychmiast wywiesi\u0142y czerwon\u0105 flag\u0119 na pla\u017cy i ewakuowa\u0142y k\u0105pi\u0105cych si\u0119 z wody. Tak\u017ce w po\u0142owie sierpnia 2024 r. zauwa\u017cono rekina m\u0142ota p\u0142ywaj\u0105cego w pobli\u017cu molo Santa Catalina w porcie Las Palmas na Gran Canarii.<\/p>\n\n\n\n<p>Zobacz nasz artyku\u0142 tak\u017ce na najwi\u0119kszym polskim portalu Wirtualna Polska: <\/p>\n\n\n\n<p><a href=\"https:\/\/turystyka.wp.pl\/s\/nakanarach-pl\/turysta-plynal-kajakiem-rekin-zblizyl-sie-niepokojaco-blisko-7074500107852288a\">https:\/\/turystyka.wp.pl\/s\/nakanarach-pl\/turysta-plynal-kajakiem-rekin-zblizyl-sie-niepokojaco-blisko-7074500107852288a<\/a><\/p>\n\n\n\n<p>Foto: Screen You Tube\/TV La Palma <\/p>\n","protected":false},"excerpt":{"rendered":"<p>LA PALMA: Coraz cz\u0119\u015bciej do wybrze\u017cy Wysp Kanaryjskich przyp\u0142ywaj\u0105 rekiny, kt\u00f3re wcze\u015bniej by\u0142y tu rzadko spotykane. Tym razem jednego z nich przegoni\u0142 wios\u0142em kajakarz p\u0142ywaj\u0105cy po wodach Oceanu Atlantyckiego. Ca\u0142e zdarzenie mo\u017cna zobaczy\u0107 na filmie opublikowanym na kanale You Tube. Do zdarzenia dosz\u0142o 21 wrze\u015bnia 2024 roku, kiedy to kajakarz mia\u0142 nerwowe spotkanie z rekinem [&hellip;]<\/p>\n","protected":false},"author":4,"featured_media":8652,"comment_status":"closed","ping_status":"open","sticky":false,"template":"","format":"standard","meta":{"om_disable_all_campaigns":false,"_monsterinsights_skip_tracking":false,"_monsterinsights_sitenote_active":false,"_monsterinsights_sitenote_note":"","_monsterinsights_sitenote_category":0,"footnotes":""},"categories":[12],"tags":[],"class_list":["post-8651","post","type-post","status-publish","format-standard","has-post-thumbnail","hentry","category-aktualnosci"],"aioseo_notices":[],"blog_post_layout_featured_media_urls":{"thumbnail":["https:\/\/nakanarach.pl\/wp-content\/uploads\/2024\/09\/Rekin-Kajakarz-La-Palma-150x150.jpg",150,150,true],"full":["https:\/\/nakanarach.pl\/wp-content\/uploads\/2024\/09\/Rekin-Kajakarz-La-Palma.jpg",1080,2316,false]},"categories_names":{"12":{"name":"Aktualno\u015bci","link":"https:\/\/nakanarach.pl\/index.php\/category\/aktualnosci\/"}},"tags_names":[],"comments_number":"0","wpmagazine_modules_lite_featured_media_urls":{"thumbnail":["https:\/\/nakanarach.pl\/wp-content\/uploads\/2024\/09\/Rekin-Kajakarz-La-Palma-150x150.jpg",150,150,true],"cvmm-medium":["https:\/\/nakanarach.pl\/wp-content\/uploads\/2024\/09\/Rekin-Kajakarz-La-Palma-300x300.jpg",300,300,true],"cvmm-medium-plus":["https:\/\/nakanarach.pl\/wp-content\/uploads\/2024\/09\/Rekin-Kajakarz-La-Palma-305x207.jpg",305,207,true],"cvmm-portrait":["https:\/\/nakanarach.pl\/wp-content\/uploads\/2024\/09\/Rekin-Kajakarz-La-Palma-400x600.jpg",400,600,true],"cvmm-medium-square":["https:\/\/nakanarach.pl\/wp-content\/uploads\/2024\/09\/Rekin-Kajakarz-La-Palma-600x600.jpg",600,600,true],"cvmm-large":["https:\/\/nakanarach.pl\/wp-content\/uploads\/2024\/09\/Rekin-Kajakarz-La-Palma-1024x1024.jpg",1024,1024,true],"cvmm-small":["https:\/\/nakanarach.pl\/wp-content\/uploads\/2024\/09\/Rekin-Kajakarz-La-Palma-130x95.jpg",130,95,true],"full":["https:\/\/nakanarach.pl\/wp-content\/uploads\/2024\/09\/Rekin-Kajakarz-La-Palma.jpg",1080,2316,false]},"_links":{"self":[{"href":"https:\/\/nakanarach.pl\/index.php\/wp-json\/wp\/v2\/posts\/8651","targetHints":{"allow":["GET"]}}],"collection":[{"href":"https:\/\/nakanarach.pl\/index.php\/wp-json\/wp\/v2\/posts"}],"about":[{"href":"https:\/\/nakanarach.pl\/index.php\/wp-json\/wp\/v2\/types\/post"}],"author":[{"embeddable":true,"href":"https:\/\/nakanarach.pl\/index.php\/wp-json\/wp\/v2\/users\/4"}],"replies":[{"embeddable":true,"href":"https:\/\/nakanarach.pl\/index.php\/wp-json\/wp\/v2\/comments?post=8651"}],"version-history":[{"count":3,"href":"https:\/\/nakanarach.pl\/index.php\/wp-json\/wp\/v2\/posts\/8651\/revisions"}],"predecessor-version":[{"id":8701,"href":"https:\/\/nakanarach.pl\/index.php\/wp-json\/wp\/v2\/posts\/8651\/revisions\/8701"}],"wp:featuredmedia":[{"embeddable":true,"href":"https:\/\/nakanarach.pl\/index.php\/wp-json\/wp\/v2\/media\/8652"}],"wp:attachment":[{"href":"https:\/\/nakanarach.pl\/index.php\/wp-json\/wp\/v2\/media?parent=8651"}],"wp:term":[{"taxonomy":"category","embeddable":true,"href":"https:\/\/nakanarach.pl\/index.php\/wp-json\/wp\/v2\/categories?post=8651"},{"taxonomy":"post_tag","embeddable":true,"href":"https:\/\/nakanarach.pl\/index.php\/wp-json\/wp\/v2\/tags?post=8651"}],"curies":[{"name":"wp","href":"https:\/\/api.w.org\/{rel}","templated":true}]}}