{"id":8741,"date":"2024-10-17T08:54:52","date_gmt":"2024-10-17T07:54:52","guid":{"rendered":"https:\/\/nakanarach.pl\/?p=8741"},"modified":"2024-10-17T11:30:34","modified_gmt":"2024-10-17T10:30:34","slug":"nielegalna-lodka-z-lotnia-video","status":"publish","type":"post","link":"https:\/\/nakanarach.pl\/index.php\/2024\/10\/17\/nielegalna-lodka-z-lotnia-video\/","title":{"rendered":"NIELEGALNA LATAJ\u0104CA \u0141\u00d3D\u0179 (VIDEO)"},"content":{"rendered":"\n<p><strong>GRAN CANARIA: Mundurowi z Wysp Kanaryjskich coraz cz\u0119\u015bciej w tym roku walcz\u0105 z nielegalnymi pojazdami wypo\u017cyczanymi licznie przybywaj\u0105cym na archipelag turystom. Skonfiskowali ju\u017c pojazdy typu tuk-tuk, skutery, a teraz ma\u0142\u0105 nadmuchiwan\u0105 \u0142\u00f3d\u017a Zodiac, wyposa\u017con\u0105 w zmotoryzowan\u0105 lotni\u0119, kt\u00f3ra lata\u0142a nad po\u0142udniowym wybrze\u017cem Gran Canarii. <\/strong><\/p>\n\n\n\n<p>Jak ustali\u0142a hiszpa\u0144ska Gwardia Cywilna lotnia przyczepiona do \u0142odzi lata\u0142a na wysoko\u015bci od 50 do 100 metr\u00f3w i porusza\u0142a si\u0119 z szacunkow\u0105 pr\u0119dko\u015bci\u0105 oko\u0142o 55 km\/h, wed\u0142ug odczyt\u00f3w z radaru z pobliskiej \u0142odzi patrolowej.<\/p>\n\n\n\n<p>Nadmuchiwana \u0142\u00f3d\u017a o d\u0142ugo\u015bci oko\u0142o 3 metr\u00f3w posiada\u0142a silnik, kt\u00f3ry umo\u017cliwia\u0142 jej latanie, a tym samym podziwianie bajecznych widok\u00f3w w okolicach s\u0142ynnej i urokliwej miejscowo\u015bci Puerto de Mogan, kt\u00f3ra popularnie okre\u015blana jest jako &#8222;Ma\u0142a Wenecja&#8221;, ze wzgl\u0119du na port jachtowy i liczne kana\u0142y. <\/p>\n\n\n\n<p>Agenci z Prowincjonalnej S\u0142u\u017cby Morskiej Guardia Civil zauwa\u017cyli lataj\u0105c\u0105 \u0142\u00f3d\u017a 13 pa\u017adziernika 2024 roku w pobli\u017cu Puerto de Mog\u00e1n, kiedy skr\u0119ci\u0142a w kierunku miejscowo\u015bci Arguinegu\u00edn i ostatecznie zni\u017cy\u0142a si\u0119 do l\u0105dowania na wodzie oko\u0142o 100 metr\u00f3w od wej\u015bcia do Port Escala w Puerto Rico.<\/p>\n\n\n\n<figure class=\"wp-block-image size-full\"><img fetchpriority=\"high\" decoding=\"async\" width=\"848\" height=\"477\" src=\"https:\/\/nakanarach.pl\/wp-content\/uploads\/2024\/10\/Nielegalna-latajaca-lodz2.jpg\" alt=\"\" class=\"wp-image-8742\" srcset=\"https:\/\/nakanarach.pl\/wp-content\/uploads\/2024\/10\/Nielegalna-latajaca-lodz2.jpg 848w, https:\/\/nakanarach.pl\/wp-content\/uploads\/2024\/10\/Nielegalna-latajaca-lodz2-300x169.jpg 300w, https:\/\/nakanarach.pl\/wp-content\/uploads\/2024\/10\/Nielegalna-latajaca-lodz2-768x432.jpg 768w\" sizes=\"(max-width: 848px) 100vw, 848px\" \/><figcaption class=\"wp-element-caption\"><strong><em>Foto: Ministerstwo Spraw Wewn\u0119trznych Hiszpanii\/Gwardia Cywilna (Guardia Civil)<\/em><\/strong><\/figcaption><\/figure>\n\n\n\n<p>Po wyl\u0105dowaniu \u0142\u00f3d\u017a patrolowa Gwardii Cywilnej zbli\u017cy\u0142a si\u0119 do nietypowej \u0142\u00f3dki, w kt\u00f3rej by\u0142o dw\u00f3ch pasa\u017cer\u00f3w, ubranych w kaski, pasy bezpiecze\u0144stwa i kamizelki ratunkowe. Obaj siedzieli na siedzeniach ustawionych wzd\u0142u\u017c nadmuchiwanej podstawy \u0142odzi.<\/p>\n\n\n\n<p><strong>ZOBACZ VIDEO: <\/strong><\/p>\n\n\n\n<figure class=\"wp-block-embed is-type-video is-provider-youtube wp-block-embed-youtube wp-embed-aspect-16-9 wp-has-aspect-ratio\"><div class=\"wp-block-embed__wrapper\">\n<iframe title=\"Zodiac voladora en Gran Canaria\" width=\"640\" height=\"360\" src=\"https:\/\/www.youtube.com\/embed\/Y5cHxpLxXxQ?feature=oembed\" frameborder=\"0\" allow=\"accelerometer; autoplay; clipboard-write; encrypted-media; gyroscope; picture-in-picture; web-share\" referrerpolicy=\"strict-origin-when-cross-origin\" allowfullscreen><\/iframe>\n<\/div><\/figure>\n\n\n\n<p>Po kontroli okaza\u0142o si\u0119, \u017ce pasa\u017cer by\u0142 klientem, kt\u00f3ry uczestniczy\u0142 w us\u0142udze komercyjnej oferowanej turystom przez lokaln\u0105 firm\u0119. <\/p>\n\n\n\n<p>Po analizie dokumentacji Gwardia Cywilna poinformowa\u0142a, \u017ce sklasyfikowa\u0142a \u0142\u00f3d\u017a jako lotnia z nap\u0119dem silnikowym przeznaczona do wynajmu bez pilota, czyli us\u0142uga inna ni\u017c ta, kt\u00f3ra faktycznie by\u0142a prowadzona w momencie przechwycenia. Ponadto dzia\u0142alno\u015b\u0107 ta nie by\u0142a zgodna z przepisami reguluj\u0105cymi transport morski w celach turystycznych.<\/p>\n\n\n\n<p>Z powodu naruszenia przepis\u00f3w sprawa zosta\u0142a zg\u0142oszona do Hiszpa\u0144skiej Agencji Bezpiecze\u0144stwa Lotniczego (AESA), Kapitanatu Morskiego Las Palmas i rz\u0105du Wysp Kanaryjskich. Ta atrakcja wskazuje na rosn\u0105c\u0105 potrzeb\u0119 jasnych ram regulacyjnych w miar\u0119 pojawiania si\u0119 niekonwencjonalnych \u015brodk\u00f3w transportu i turystyki w ca\u0142ej Hiszpanii. <\/p>\n\n\n\n<p>Jak informowali\u015bmy na portalu NaKanarach.pl w\u0142adze turystycznego kurortu\u00a0w Maspalomas na po\u0142udniu Gran Canarii zakaza\u0142y wycieczek pojazdami typu tuk-tuk. Podczas gdy w innych miejscach istniej\u0105 prace nad ustanowieniem przepis\u00f3w dotycz\u0105cych tuk-tuk\u00f3w, to w\u0142a\u015bnie Maspalomas \u2013 jeden z trzech najwa\u017cniejszych region\u00f3w turystycznych w Hiszpanii wprowadzi\u0142o zakaz ich stosowania. <\/p>\n\n\n\n<figure class=\"wp-block-image size-large\"><img decoding=\"async\" width=\"1024\" height=\"555\" src=\"http:\/\/nakanarach.pl\/wp-content\/uploads\/2024\/09\/Zakazane-Tuktuki-1024x555.jpg\" alt=\"\" class=\"wp-image-8589\" srcset=\"https:\/\/nakanarach.pl\/wp-content\/uploads\/2024\/09\/Zakazane-Tuktuki-1024x555.jpg 1024w, https:\/\/nakanarach.pl\/wp-content\/uploads\/2024\/09\/Zakazane-Tuktuki-300x163.jpg 300w, https:\/\/nakanarach.pl\/wp-content\/uploads\/2024\/09\/Zakazane-Tuktuki-768x416.jpg 768w, https:\/\/nakanarach.pl\/wp-content\/uploads\/2024\/09\/Zakazane-Tuktuki.jpg 1200w\" sizes=\"(max-width: 1024px) 100vw, 1024px\" \/><figcaption class=\"wp-element-caption\"><strong><em>Foto. Ayuntamiento de San Bartolom\u00e9 de Tirajana<\/em><\/strong><\/figcaption><\/figure>\n\n\n\n<p>Tak\u017ce jesieni\u0105 lokalna policja na kanaryjskiej Fuerteventurze skonfiskowa\u0142a w turystycznej miejscowo\u015bci Corralejo 242 skutery i hulajnogi elektryczne, twierdz\u0105c, \u017ce nie mia\u0142y wymaganych zezwole\u0144 i zosta\u0142y zaparkowane nielegalnie w miejscach publicznych.<\/p>\n\n\n\n<figure class=\"wp-block-image size-large\"><img decoding=\"async\" width=\"1024\" height=\"768\" src=\"http:\/\/nakanarach.pl\/wp-content\/uploads\/2024\/10\/Skonfiskowali-pojazdy-1024x768.jpg\" alt=\"\" class=\"wp-image-8680\" srcset=\"https:\/\/nakanarach.pl\/wp-content\/uploads\/2024\/10\/Skonfiskowali-pojazdy-1024x768.jpg 1024w, https:\/\/nakanarach.pl\/wp-content\/uploads\/2024\/10\/Skonfiskowali-pojazdy-300x225.jpg 300w, https:\/\/nakanarach.pl\/wp-content\/uploads\/2024\/10\/Skonfiskowali-pojazdy-768x576.jpg 768w, https:\/\/nakanarach.pl\/wp-content\/uploads\/2024\/10\/Skonfiskowali-pojazdy-1536x1152.jpg 1536w, https:\/\/nakanarach.pl\/wp-content\/uploads\/2024\/10\/Skonfiskowali-pojazdy-136x102.jpg 136w, https:\/\/nakanarach.pl\/wp-content\/uploads\/2024\/10\/Skonfiskowali-pojazdy.jpg 2048w\" sizes=\"(max-width: 1024px) 100vw, 1024px\" \/><figcaption class=\"wp-element-caption\"><strong><em>Foto: Facebook\/Polic\u00eda Local de La OLiva\u00a0<\/em><\/strong><\/figcaption><\/figure>\n\n\n\n<p><\/p>\n","protected":false},"excerpt":{"rendered":"<p>GRAN CANARIA: Mundurowi z Wysp Kanaryjskich coraz cz\u0119\u015bciej w tym roku walcz\u0105 z nielegalnymi pojazdami wypo\u017cyczanymi licznie przybywaj\u0105cym na archipelag turystom. Skonfiskowali ju\u017c pojazdy typu tuk-tuk, skutery, a teraz ma\u0142\u0105 nadmuchiwan\u0105 \u0142\u00f3d\u017a Zodiac, wyposa\u017con\u0105 w zmotoryzowan\u0105 lotni\u0119, kt\u00f3ra lata\u0142a nad po\u0142udniowym wybrze\u017cem Gran Canarii. Jak ustali\u0142a hiszpa\u0144ska Gwardia Cywilna lotnia przyczepiona do \u0142odzi lata\u0142a na [&hellip;]<\/p>\n","protected":false},"author":4,"featured_media":8743,"comment_status":"closed","ping_status":"open","sticky":false,"template":"","format":"standard","meta":{"om_disable_all_campaigns":false,"_monsterinsights_skip_tracking":false,"_monsterinsights_sitenote_active":false,"_monsterinsights_sitenote_note":"","_monsterinsights_sitenote_category":0,"footnotes":""},"categories":[12,78],"tags":[],"class_list":["post-8741","post","type-post","status-publish","format-standard","has-post-thumbnail","hentry","category-aktualnosci","category-interwencje"],"aioseo_notices":[],"blog_post_layout_featured_media_urls":{"thumbnail":["https:\/\/nakanarach.pl\/wp-content\/uploads\/2024\/10\/Nielegalna-lodz-Fot.-Guardia-Civil-150x150.jpg",150,150,true],"full":["https:\/\/nakanarach.pl\/wp-content\/uploads\/2024\/10\/Nielegalna-lodz-Fot.-Guardia-Civil.jpg",848,477,false]},"categories_names":{"12":{"name":"Aktualno\u015bci","link":"https:\/\/nakanarach.pl\/index.php\/category\/aktualnosci\/"},"78":{"name":"Interwencje","link":"https:\/\/nakanarach.pl\/index.php\/category\/interwencje\/"}},"tags_names":[],"comments_number":"0","wpmagazine_modules_lite_featured_media_urls":{"thumbnail":["https:\/\/nakanarach.pl\/wp-content\/uploads\/2024\/10\/Nielegalna-lodz-Fot.-Guardia-Civil-150x150.jpg",150,150,true],"cvmm-medium":["https:\/\/nakanarach.pl\/wp-content\/uploads\/2024\/10\/Nielegalna-lodz-Fot.-Guardia-Civil-300x300.jpg",300,300,true],"cvmm-medium-plus":["https:\/\/nakanarach.pl\/wp-content\/uploads\/2024\/10\/Nielegalna-lodz-Fot.-Guardia-Civil-305x207.jpg",305,207,true],"cvmm-portrait":["https:\/\/nakanarach.pl\/wp-content\/uploads\/2024\/10\/Nielegalna-lodz-Fot.-Guardia-Civil-400x477.jpg",400,477,true],"cvmm-medium-square":["https:\/\/nakanarach.pl\/wp-content\/uploads\/2024\/10\/Nielegalna-lodz-Fot.-Guardia-Civil-600x477.jpg",600,477,true],"cvmm-large":["https:\/\/nakanarach.pl\/wp-content\/uploads\/2024\/10\/Nielegalna-lodz-Fot.-Guardia-Civil.jpg",848,477,false],"cvmm-small":["https:\/\/nakanarach.pl\/wp-content\/uploads\/2024\/10\/Nielegalna-lodz-Fot.-Guardia-Civil-130x95.jpg",130,95,true],"full":["https:\/\/nakanarach.pl\/wp-content\/uploads\/2024\/10\/Nielegalna-lodz-Fot.-Guardia-Civil.jpg",848,477,false]},"_links":{"self":[{"href":"https:\/\/nakanarach.pl\/index.php\/wp-json\/wp\/v2\/posts\/8741","targetHints":{"allow":["GET"]}}],"collection":[{"href":"https:\/\/nakanarach.pl\/index.php\/wp-json\/wp\/v2\/posts"}],"about":[{"href":"https:\/\/nakanarach.pl\/index.php\/wp-json\/wp\/v2\/types\/post"}],"author":[{"embeddable":true,"href":"https:\/\/nakanarach.pl\/index.php\/wp-json\/wp\/v2\/users\/4"}],"replies":[{"embeddable":true,"href":"https:\/\/nakanarach.pl\/index.php\/wp-json\/wp\/v2\/comments?post=8741"}],"version-history":[{"count":4,"href":"https:\/\/nakanarach.pl\/index.php\/wp-json\/wp\/v2\/posts\/8741\/revisions"}],"predecessor-version":[{"id":8749,"href":"https:\/\/nakanarach.pl\/index.php\/wp-json\/wp\/v2\/posts\/8741\/revisions\/8749"}],"wp:featuredmedia":[{"embeddable":true,"href":"https:\/\/nakanarach.pl\/index.php\/wp-json\/wp\/v2\/media\/8743"}],"wp:attachment":[{"href":"https:\/\/nakanarach.pl\/index.php\/wp-json\/wp\/v2\/media?parent=8741"}],"wp:term":[{"taxonomy":"category","embeddable":true,"href":"https:\/\/nakanarach.pl\/index.php\/wp-json\/wp\/v2\/categories?post=8741"},{"taxonomy":"post_tag","embeddable":true,"href":"https:\/\/nakanarach.pl\/index.php\/wp-json\/wp\/v2\/tags?post=8741"}],"curies":[{"name":"wp","href":"https:\/\/api.w.org\/{rel}","templated":true}]}}