{"id":8751,"date":"2024-10-18T07:49:37","date_gmt":"2024-10-18T06:49:37","guid":{"rendered":"https:\/\/nakanarach.pl\/?p=8751"},"modified":"2024-10-20T15:14:05","modified_gmt":"2024-10-20T14:14:05","slug":"kolejne-antyturystyczne-protesty","status":"publish","type":"post","link":"https:\/\/nakanarach.pl\/index.php\/2024\/10\/18\/kolejne-antyturystyczne-protesty\/","title":{"rendered":"KOLEJNE ANTYTURYSTYCZNE PROTESTY"},"content":{"rendered":"\n<p><strong>HISZPANIA\/WYSPY KANARYJSKIE: Mieszka\u0144cy Wysp Kanaryjskich, kt\u00f3rzy w wi\u0119kszo\u015bci utrzymuj\u0105 si\u0119 dzi\u0119ki turystyce ponownie wyjd\u0105 20 pa\u017adziernika na ulice w kilku miastach archipelagu. Tydzie\u0144 wcze\u015bniej protestowali mieszka\u0144cy Madrytu i Barcelony, \u017c\u0105daj\u0105c od rz\u0105du podj\u0119cia dzia\u0142a\u0144, aby obni\u017cy\u0107 ceny wynajmu mieszka\u0144. Ich zdaniem tak wysokie kwoty maj\u0105 zwi\u0105zek z masow\u0105 turystyk\u0105. \u201eMieszkania s\u0105 do mieszkania, a nie do robienia interes\u00f3w &#8211; wykrzykiwali demonstranci. W stolicy Hiszpanii protestowa\u0142o prawie 150 tys. os\u00f3b. &nbsp;&nbsp;&nbsp;&nbsp;&nbsp;&nbsp;&nbsp;&nbsp;<\/strong><\/p>\n\n\n\n<p>Wyspy Kanaryjskie to archipelag 7 du\u017cych i kilku mniejszych wysp nale\u017c\u0105cy geograficznie do Makaronezji przy Afryce, a politycznie do Hiszpanii, czyli tak\u017ce do Unii Europejskiej. Oddalony jest od P\u00f3\u0142wyspu Iberyjskiego o prawie 1500 km. Archipelag przyci\u0105ga pi\u0119knymi, d\u0142ugimi i szerokimi piaszczystymi pla\u017cami oraz pogod\u0105 przez niemal ca\u0142y rok. Jest tu ponad 300 s\u0142onecznych dni.&nbsp;<\/p>\n\n\n\n<figure class=\"wp-block-image size-large\"><img fetchpriority=\"high\" decoding=\"async\" width=\"1024\" height=\"461\" src=\"http:\/\/nakanarach.pl\/wp-content\/uploads\/2022\/08\/Plaza-Parasole-duzo-ludzi-1024x461.jpg\" alt=\"\" class=\"wp-image-5450\" srcset=\"https:\/\/nakanarach.pl\/wp-content\/uploads\/2022\/08\/Plaza-Parasole-duzo-ludzi-1024x461.jpg 1024w, https:\/\/nakanarach.pl\/wp-content\/uploads\/2022\/08\/Plaza-Parasole-duzo-ludzi-300x135.jpg 300w, https:\/\/nakanarach.pl\/wp-content\/uploads\/2022\/08\/Plaza-Parasole-duzo-ludzi-768x346.jpg 768w, https:\/\/nakanarach.pl\/wp-content\/uploads\/2022\/08\/Plaza-Parasole-duzo-ludzi-1536x691.jpg 1536w, https:\/\/nakanarach.pl\/wp-content\/uploads\/2022\/08\/Plaza-Parasole-duzo-ludzi-2048x922.jpg 2048w\" sizes=\"(max-width: 1024px) 100vw, 1024px\" \/><figcaption class=\"wp-element-caption\"><strong><em>Foto: NaKanarach.pl<\/em><\/strong><\/figcaption><\/figure>\n\n\n\n<p>G\u0142\u00f3wn\u0105 ga\u0142\u0119zi\u0105 przemys\u0142u Kanar\u00f3w jest turystyka oraz cz\u0119sto powi\u0105zane z ni\u0105 budownictwo. Ponad po\u0142owa zatrudnionych w wi\u0119kszym lub mniejszym stopniu jest zale\u017cna od przybywaj\u0105cych tu turyst\u00f3w. Pozosta\u0142a cz\u0119\u015b\u0107 gospodarki archipelagu zale\u017cy od rolnictwa, administracji publicznej i przemys\u0142u, w kt\u00f3rym dominuj\u0105 ma\u0142e i \u015brednie przedsi\u0119biorstwa.<\/p>\n\n\n\n<p>Ale to w\u0142a\u015bnie nadmiar turyst\u00f3w nie podoba si\u0119 mieszka\u0144com Wysp Kanaryjskich.<\/p>\n\n\n\n<p>W kwietniu 2024 roku odby\u0142y si\u0119 pierwsze demonstracje przeciwko obecnemu modelowi turystyki na archipelagu, kt\u00f3re \u0142\u0105cznie na kilku wyspach zgromadzi\u0142y w\u00f3wczas prawie 200 tys. os\u00f3b. Manifestanci pikietowali na rzecz ochrony obszar\u00f3w naturalnych, moratorium turystycznego i surowszych przepis\u00f3w dla obcokrajowc\u00f3w kupuj\u0105cych nieruchomo\u015bci\u201d, cho\u0107 obowi\u0105zuj\u0105 tu takie same przepisy, jak w ca\u0142ej Unii Europejskiej.<\/p>\n\n\n\n<p><strong>ZOBACZ VIDEO: <\/strong><\/p>\n\n\n\n<p><a href=\"https:\/\/www.youtube.com\/watch?v=MogNO4gtWOU\">https:\/\/www.youtube.com\/watch?v=MogNO4gtWOU<\/a><\/p>\n\n\n\n<p>W brytyjskiej gazecie Daily Mail autor artyku\u0142u napisa\u0142, \u017ce brytyjscy tury\u015bci (najliczniejsza grupa turyst\u00f3w na Kanarach &#8211; ponad 4 mln os\u00f3b rocznie) podr\u00f3\u017cuj\u0105cy na Wyspy Kanaryjskie spotkali nie tylko \u201eantyturystyczne graffiti, ale te\u017c napi\u0119te przyj\u0119cie ze strony miejscowych\u201d.<\/p>\n\n\n\n<p>Mieszka\u0144cy twierdz\u0105, \u017ce maj\u0105 do\u015b\u0107 ha\u0142asu i zanieczyszczenia \u015bmieciami, kt\u00f3re pojawiaj\u0105 si\u0119 wraz z sezonowym nap\u0142ywem turyst\u00f3w, g\u0142\u00f3wnie w okresie letnim. Dodatkowo obwiniaj\u0105&nbsp; jeden z popularnych portali rezerwacyjnych za podnoszenie koszt\u00f3w wynajmu nieruchomo\u015bci i koszt\u00f3w \u017cycia mieszka\u0144c\u00f3w wyspy. Wielu w\u0142a\u015bcicieli nieruchomo\u015bci wybiera wynajem kr\u00f3tkoterminowy i wi\u0119ksze zyski, ni\u017c wynajem d\u0142ugoterminowy. W tym drugim przypadku s\u0105 wi\u0119ksze obwarowania prawne, a czynszu nie mo\u017cna podnosi\u0107 w ci\u0105gu roku o wi\u0119cej ni\u017c ok. 2 procent. Nie wspominaj\u0105c ju\u017c o wynajmuj\u0105cych, kt\u00f3rzy czynsz przestaj\u0105 p\u0142aci\u0107 w trakcie trwaj\u0105cej umowy i w\u00f3wczas takie osoby bardzo trudno usun\u0105\u0107 z zajmowanego domu. A w\u0142a\u015bciciel musi im zapewni\u0107 zgodnie z prawem bie\u017c\u0105ce media, aby nie narazi\u0107 si\u0119 na zarzut\u2026 n\u0119kania lokator\u00f3w.&nbsp;&nbsp;&nbsp;&nbsp;&nbsp;&nbsp;&nbsp;<\/p>\n\n\n\n<p>Wiosn\u0105 br. w niekt\u00f3rych miejscach na budynkach i murach przy deptakach spacerowych pojawi\u0142y si\u0119 w tym roku antyturystyczne napisy: \u201eTury\u015bci, wracajcie do domu\u201d, \u201eMoja n\u0119dza, wasz raj\u201d lub \u201e\u015arednia pensja na Wyspach Kanaryjskich wynosi 1200 euro na r\u0119k\u0119\u201d.<\/p>\n\n\n\n<p>Kolejnym etapem nienawi\u015bci do turyst\u00f3w jest fakt z Teneryfy (najliczniej odwiedzanej wyspy przez turyst\u00f3w). Jak pisze kanaryjska gazeta El Dia wiosn\u0105 nieznany sprawca na samochodzie wypo\u017cyczanym od znanej firmy Cicar namalowa\u0142 antyturystyczne napis. Zdj\u0119cie pojazdu udost\u0119pni\u0142 w mediach spo\u0142eczno\u015bciowych dziennikarz Yendy Hern\u00e1ndez. Na boku auta pojawi\u0142y si\u0119 dwa namalowane s\u0142owa: \u201eGo Home\u201d (ang. Do domu).<\/p>\n\n\n\n<p>Hiszpa\u0144ska Socjalistyczna Partia Robotnicza&nbsp;(PSOE) z Lanzarote jest zaniepokojona \u201ealarmuj\u0105cym wzrostem\u201d liczby zarejestrowanych dom\u00f3w wakacyjnych na wyspie. Od czasu obj\u0119cia prezydencji Urz\u0119du Wyspy przez Oswaldo Betancorta (Koalicja Kanaryjska CC) w czerwcu 2023 roku, liczba ta wzros\u0142a o 52% z 5198 do 7891 dom\u00f3w w kwietniu 2024 roku. Oznacza to, \u017ce w ci\u0105gu niespe\u0142na jednego roku na wyspie przyby\u0142o 2693 nieruchomo\u015bci przeznaczonych do u\u017cytku turystycznego.<\/p>\n\n\n\n<p>Mar\u00eda Dolores Corujo, sekretarz PSOE na wyspie Lanzarote i deputowana do Kongresu, w oficjalnym o\u015bwiadczeniu podkre\u015bli\u0142a, \u017ce sta\u0142o si\u0119 to po og\u0142oszeniu, \u017ce nowe prawo ograniczy tworzenie nowych dom\u00f3w wakacyjnych przez nast\u0119pne 5 lat.<\/p>\n\n\n\n<p>Corujo zwr\u00f3ci\u0142a uwag\u0119 na ju\u017c istniej\u0105cy problem mieszkaniowy na wyspie, gdzie rodziny \u201ewydaj\u0105 do 70% swojej pensji na wynajem\u201d. Dla socjalist\u00f3w sytuacja ta \u201ejest nie tylko niezr\u00f3wnowa\u017cona, ale tak\u017ce niesprawiedliwa\u201d.<\/p>\n\n\n\n<p>Prezydent rz\u0105du Wysp Kanaryjskich Fernando Clavijo z prawicowo-konserwatywnej Partii Ludowej &#8211; Partido Popular odnosz\u0105c si\u0119 do procesu zmian, podkre\u015bla\u0142 podczas spotkania w redakcji gazety Canarias7, \u017ce Wyspy Kanaryjskie&nbsp;nie mog\u0105 utrzymywa\u0107 si\u0119 z niczego innego ni\u017c z turystyki, ale mog\u0105 przyczyni\u0107 si\u0119 do poprawy zamo\u017cno\u015bci i redystrybucji dochod\u00f3w w archipelagu.<\/p>\n\n\n\n<p>Rz\u0105d centralny Hiszpanii, na czele kt\u00f3rego stoi Pedro S\u00e1nchez&nbsp;(PSOE) przygotowa\u0142 dekret z moc\u0105 ustawy, kt\u00f3ry b\u0119dzie zach\u0119ca\u0142 w\u0142a\u015bcicieli pustych mieszka\u0144 do przekazywania ich sp\u00f3\u0142ce publicznej w zamian za ubezpieczenie i zapewnienie dochod\u00f3w powy\u017cej \u015bredniej rynkowej.<\/p>\n\n\n\n<p>Z kolei Stowarzyszenie Wynajmu Wakacyjnego Wysp Kanaryjskich (ASCAV) opowiada si\u0119 za wprowadzeniem podatku ekologicznego na Wyspach Kanaryjskich. Op\u0142ata ta mia\u0142aby dotyczy\u0107 \u201ewszystkich obiekt\u00f3w zakwaterowania turystycznego znajduj\u0105cych si\u0119 na Wyspach Kanaryjskich\u201d, a dochody mia\u0142yby zosta\u0107 \u201ew ca\u0142o\u015bci przeznaczone na tworzenie mieszka\u0144 socjalnych dla rodzin z Wysp Kanaryjskich\u201d &#8211; wyja\u015bnia prezes organizacji Doris Borrego, w wypowiedzi dla angielskoj\u0119zycznej gazety Canarian Weekly. Wed\u0142ug plan\u00f3w mia\u0142oby to by\u0107 od 1-3 euro za ka\u017cd\u0105 dob\u0119.<\/p>\n\n\n\n<p>W tym roku Wyspy Kanaryjskie ma odwiedzi\u0107 rekordowa liczba turyst\u00f3w. Wed\u0142ug szacunk\u00f3w liczba odwiedzaj\u0105cych ten rajski archipelag ma wzrosn\u0105\u0107 z 16,2 mln w 2023 roku do progu bliskiego lub nawet przekraczaj\u0105cego 18 milion\u00f3w w 2024 roku.<\/p>\n\n\n\n<p>Foto: Facebook\/Salvar Canarias &#8211; zdj\u0119cie ilustracyjne <\/p>\n\n\n\n<p><\/p>\n","protected":false},"excerpt":{"rendered":"<p>HISZPANIA\/WYSPY KANARYJSKIE: Mieszka\u0144cy Wysp Kanaryjskich, kt\u00f3rzy w wi\u0119kszo\u015bci utrzymuj\u0105 si\u0119 dzi\u0119ki turystyce ponownie wyjd\u0105 20 pa\u017adziernika na ulice w kilku miastach archipelagu. Tydzie\u0144 wcze\u015bniej protestowali mieszka\u0144cy Madrytu i Barcelony, \u017c\u0105daj\u0105c od rz\u0105du podj\u0119cia dzia\u0142a\u0144, aby obni\u017cy\u0107 ceny wynajmu mieszka\u0144. Ich zdaniem tak wysokie kwoty maj\u0105 zwi\u0105zek z masow\u0105 turystyk\u0105. \u201eMieszkania s\u0105 do mieszkania, a nie [&hellip;]<\/p>\n","protected":false},"author":4,"featured_media":8754,"comment_status":"closed","ping_status":"open","sticky":false,"template":"","format":"standard","meta":{"om_disable_all_campaigns":false,"_monsterinsights_skip_tracking":false,"_monsterinsights_sitenote_active":false,"_monsterinsights_sitenote_note":"","_monsterinsights_sitenote_category":0,"footnotes":""},"categories":[17],"tags":[],"class_list":["post-8751","post","type-post","status-publish","format-standard","has-post-thumbnail","hentry","category-turystyka"],"aioseo_notices":[],"blog_post_layout_featured_media_urls":{"thumbnail":["https:\/\/nakanarach.pl\/wp-content\/uploads\/2024\/10\/Protest-Salvar-Canarias-FB-150x150.jpg",150,150,true],"full":["https:\/\/nakanarach.pl\/wp-content\/uploads\/2024\/10\/Protest-Salvar-Canarias-FB.jpg",960,955,false]},"categories_names":{"17":{"name":"Turystyka","link":"https:\/\/nakanarach.pl\/index.php\/category\/turystyka\/"}},"tags_names":[],"comments_number":"0","wpmagazine_modules_lite_featured_media_urls":{"thumbnail":["https:\/\/nakanarach.pl\/wp-content\/uploads\/2024\/10\/Protest-Salvar-Canarias-FB-150x150.jpg",150,150,true],"cvmm-medium":["https:\/\/nakanarach.pl\/wp-content\/uploads\/2024\/10\/Protest-Salvar-Canarias-FB-300x300.jpg",300,300,true],"cvmm-medium-plus":["https:\/\/nakanarach.pl\/wp-content\/uploads\/2024\/10\/Protest-Salvar-Canarias-FB-305x207.jpg",305,207,true],"cvmm-portrait":["https:\/\/nakanarach.pl\/wp-content\/uploads\/2024\/10\/Protest-Salvar-Canarias-FB-400x600.jpg",400,600,true],"cvmm-medium-square":["https:\/\/nakanarach.pl\/wp-content\/uploads\/2024\/10\/Protest-Salvar-Canarias-FB-600x600.jpg",600,600,true],"cvmm-large":["https:\/\/nakanarach.pl\/wp-content\/uploads\/2024\/10\/Protest-Salvar-Canarias-FB.jpg",960,955,false],"cvmm-small":["https:\/\/nakanarach.pl\/wp-content\/uploads\/2024\/10\/Protest-Salvar-Canarias-FB-130x95.jpg",130,95,true],"full":["https:\/\/nakanarach.pl\/wp-content\/uploads\/2024\/10\/Protest-Salvar-Canarias-FB.jpg",960,955,false]},"_links":{"self":[{"href":"https:\/\/nakanarach.pl\/index.php\/wp-json\/wp\/v2\/posts\/8751","targetHints":{"allow":["GET"]}}],"collection":[{"href":"https:\/\/nakanarach.pl\/index.php\/wp-json\/wp\/v2\/posts"}],"about":[{"href":"https:\/\/nakanarach.pl\/index.php\/wp-json\/wp\/v2\/types\/post"}],"author":[{"embeddable":true,"href":"https:\/\/nakanarach.pl\/index.php\/wp-json\/wp\/v2\/users\/4"}],"replies":[{"embeddable":true,"href":"https:\/\/nakanarach.pl\/index.php\/wp-json\/wp\/v2\/comments?post=8751"}],"version-history":[{"count":6,"href":"https:\/\/nakanarach.pl\/index.php\/wp-json\/wp\/v2\/posts\/8751\/revisions"}],"predecessor-version":[{"id":8762,"href":"https:\/\/nakanarach.pl\/index.php\/wp-json\/wp\/v2\/posts\/8751\/revisions\/8762"}],"wp:featuredmedia":[{"embeddable":true,"href":"https:\/\/nakanarach.pl\/index.php\/wp-json\/wp\/v2\/media\/8754"}],"wp:attachment":[{"href":"https:\/\/nakanarach.pl\/index.php\/wp-json\/wp\/v2\/media?parent=8751"}],"wp:term":[{"taxonomy":"category","embeddable":true,"href":"https:\/\/nakanarach.pl\/index.php\/wp-json\/wp\/v2\/categories?post=8751"},{"taxonomy":"post_tag","embeddable":true,"href":"https:\/\/nakanarach.pl\/index.php\/wp-json\/wp\/v2\/tags?post=8751"}],"curies":[{"name":"wp","href":"https:\/\/api.w.org\/{rel}","templated":true}]}}