{"id":8763,"date":"2024-10-20T14:49:54","date_gmt":"2024-10-20T13:49:54","guid":{"rendered":"https:\/\/nakanarach.pl\/?p=8763"},"modified":"2024-10-21T12:41:07","modified_gmt":"2024-10-21T11:41:07","slug":"kanary-maja-swoje-limity-video","status":"publish","type":"post","link":"https:\/\/nakanarach.pl\/index.php\/2024\/10\/20\/kanary-maja-swoje-limity-video\/","title":{"rendered":"KANARY MAJ\u0104 SWOJE LIMITY&#8230; (VIDEO)"},"content":{"rendered":"\n<p><strong>HISZPANIA\/WYSPY KANARYJSKIE: &#8222;Kanary maj\u0105 swoje limity&#8221; &#8211; to jedno z wielu hase\u0142 podczas demonstracji na tym rajskim archipelagu. 20 pa\u017adziernika, po&nbsp;p\u00f3\u0142 roku bierno\u015bci politycznej,&nbsp;mieszka\u0144cy ponowne wyszli na ulice kilku wysp, a tak\u017ce na P\u00f3\u0142wyspie Iberyjskim, narzekaj\u0105c na nadmiar turyst\u00f3w i \u017c\u0105daj\u0105c zmian modelu w tym zakresie.<\/strong><\/p>\n\n\n\n<p>Jedna z manifestacji odby\u0142a si\u0119 w s\u0142ynnym turystycznym kurorcie Maspalomas, na po\u0142udniu Gran Canarii. <\/p>\n\n\n\n<figure class=\"wp-block-gallery has-nested-images columns-default is-cropped wp-block-gallery-1 is-layout-flex wp-block-gallery-is-layout-flex\">\n<figure class=\"wp-block-image size-large\"><img fetchpriority=\"high\" decoding=\"async\" width=\"1024\" height=\"576\" data-id=\"8765\" src=\"https:\/\/nakanarach.pl\/wp-content\/uploads\/2024\/10\/GC1-1024x576.jpg\" alt=\"\" class=\"wp-image-8765\" srcset=\"https:\/\/nakanarach.pl\/wp-content\/uploads\/2024\/10\/GC1-1024x576.jpg 1024w, https:\/\/nakanarach.pl\/wp-content\/uploads\/2024\/10\/GC1-300x169.jpg 300w, https:\/\/nakanarach.pl\/wp-content\/uploads\/2024\/10\/GC1-768x432.jpg 768w, https:\/\/nakanarach.pl\/wp-content\/uploads\/2024\/10\/GC1-1536x864.jpg 1536w, https:\/\/nakanarach.pl\/wp-content\/uploads\/2024\/10\/GC1.jpg 2048w\" sizes=\"(max-width: 1024px) 100vw, 1024px\" \/><\/figure>\n<\/figure>\n\n\n\n<p>Demonstracja zosta\u0142a zatrzymana jednak przez policj\u0119, kt\u00f3ra wylegitymowa\u0142a jednego z protestuj\u0105cych w zwi\u0105zku z naklejeniem naklejek w jednej z tablic luksusowego hotelu Riu Palace.<\/p>\n\n\n\n<p>Wed\u0142ug danych&nbsp;Delegatury Rz\u0105du na Wyspach Kanaryjskich&nbsp;w&nbsp;demonstracjach na&nbsp;Teneryfie&nbsp;wzi\u0119\u0142o udzia\u0142&nbsp;6500 os\u00f3b, a&nbsp;na Gran Canarii 1500, chocia\u017c organizatorzy twierdz\u0105, \u017ce frekwencja by\u0142a&nbsp;znacznie wi\u0119ksza&nbsp;&#8211;&nbsp;w demonstracji, kt\u00f3ra odby\u0142a si\u0119 w regionie turystycznym,&nbsp;wzi\u0119\u0142o udzia\u0142&nbsp;8000 os\u00f3b&nbsp;w Maspalomas-Meloneras, w gminie&nbsp;San Bartolom\u00e9 de Tirajana&nbsp;na Gran Canarii. Na&nbsp;La Palmie&nbsp;lokalna policja oszacowa\u0142a liczb\u0119 uczestnik\u00f3w na&nbsp;250 os\u00f3b, a organizacja zapewni\u0142a, \u017ce&nbsp;\u200b\u200bw&nbsp;Los Llanos de Aridane, gdzie rozpocz\u0119\u0142a si\u0119 mobilizacja, zebra\u0142o si\u0119 ponad&nbsp;400 os\u00f3b<strong>.<\/strong> Na pozosta\u0142ych wyspach demonstracje odby\u0142y si\u0119 na&nbsp;promenadzie w Puerto del Carmen&nbsp;na&nbsp;Lanzarote&nbsp;; w&nbsp;parku wodnym Corralejo&nbsp;na&nbsp;Fuerteventurze&nbsp; oraz na wyspie<strong> <\/strong>El Hierro. R\u00f3wnocze\u015bnie protestowano w Madrycie, Maladze, Granadzie i Berlinie. <\/p>\n\n\n\n<p><strong>ZOBACZ VIDEO: <\/strong><\/p>\n\n\n\n<figure class=\"wp-block-embed is-type-video is-provider-youtube wp-block-embed-youtube wp-embed-aspect-16-9 wp-has-aspect-ratio\"><div class=\"wp-block-embed__wrapper\">\n<iframe title=\"ANTYTURYSTYCZNE PROTESTY NA KANARACH 20.10.2024\" width=\"640\" height=\"360\" src=\"https:\/\/www.youtube.com\/embed\/J_FuKdrcNB8?feature=oembed\" frameborder=\"0\" allow=\"accelerometer; autoplay; clipboard-write; encrypted-media; gyroscope; picture-in-picture; web-share\" referrerpolicy=\"strict-origin-when-cross-origin\" allowfullscreen><\/iframe>\n<\/div><\/figure>\n\n\n\n<p>Protestuj\u0105cy domagaj\u0105 si\u0119 m.in. zmiany modelu turystycznego na tym rajskim archipelagu i przyspieszenia prac przez rz\u0105dz\u0105cych w tym zakresie, na\u0142o\u017cenia dodatkowych op\u0142at dla przybywaj\u0105cych na wyspy, ograniczenia sprzeda\u017cy dom\u00f3w cudzoziemcom oraz podj\u0119cia dzia\u0142a\u0144 przez rz\u0105d w celu obni\u017cenia op\u0142at za wynajem nieruchomo\u015bci. <\/p>\n\n\n\n<figure class=\"wp-block-gallery has-nested-images columns-default is-cropped wp-block-gallery-2 is-layout-flex wp-block-gallery-is-layout-flex\">\n<figure class=\"wp-block-image size-large\"><img decoding=\"async\" width=\"1024\" height=\"576\" data-id=\"8768\" src=\"https:\/\/nakanarach.pl\/wp-content\/uploads\/2024\/10\/Gc3-2-1024x576.jpg\" alt=\"\" class=\"wp-image-8768\" srcset=\"https:\/\/nakanarach.pl\/wp-content\/uploads\/2024\/10\/Gc3-2-1024x576.jpg 1024w, https:\/\/nakanarach.pl\/wp-content\/uploads\/2024\/10\/Gc3-2-300x169.jpg 300w, https:\/\/nakanarach.pl\/wp-content\/uploads\/2024\/10\/Gc3-2-768x432.jpg 768w, https:\/\/nakanarach.pl\/wp-content\/uploads\/2024\/10\/Gc3-2-1536x864.jpg 1536w, https:\/\/nakanarach.pl\/wp-content\/uploads\/2024\/10\/Gc3-2.jpg 2048w\" sizes=\"(max-width: 1024px) 100vw, 1024px\" \/><\/figure>\n\n\n\n<figure class=\"wp-block-image size-large\"><img decoding=\"async\" width=\"1024\" height=\"576\" data-id=\"8769\" src=\"https:\/\/nakanarach.pl\/wp-content\/uploads\/2024\/10\/Gc3-3-1024x576.jpg\" alt=\"\" class=\"wp-image-8769\" srcset=\"https:\/\/nakanarach.pl\/wp-content\/uploads\/2024\/10\/Gc3-3-1024x576.jpg 1024w, https:\/\/nakanarach.pl\/wp-content\/uploads\/2024\/10\/Gc3-3-300x169.jpg 300w, https:\/\/nakanarach.pl\/wp-content\/uploads\/2024\/10\/Gc3-3-768x432.jpg 768w, https:\/\/nakanarach.pl\/wp-content\/uploads\/2024\/10\/Gc3-3-1536x864.jpg 1536w, https:\/\/nakanarach.pl\/wp-content\/uploads\/2024\/10\/Gc3-3.jpg 2048w\" sizes=\"(max-width: 1024px) 100vw, 1024px\" \/><\/figure>\n<\/figure>\n\n\n\n<p>W czasie pandemii koronawirusa pozamykano hotele, a bezrobocie na Kanarach si\u0119ga\u0142o prawie 40 procent. Wielu mieszka\u0144c\u00f3w pozosta\u0142o bez pracy i \u015brodk\u00f3w do \u017cycia. <\/p>\n\n\n\n<p>Teraz mieszka\u0144cy twierdz\u0105, \u017ce maj\u0105 do\u015b\u0107 ha\u0142asu i zanieczyszczenia \u015bmieciami, kt\u00f3re pojawiaj\u0105 si\u0119 wraz z sezonowym nap\u0142ywem turyst\u00f3w, g\u0142\u00f3wnie w okresie letnim. <\/p>\n\n\n\n<figure class=\"wp-block-gallery has-nested-images columns-default is-cropped wp-block-gallery-3 is-layout-flex wp-block-gallery-is-layout-flex\">\n<figure class=\"wp-block-image size-large\"><img loading=\"lazy\" decoding=\"async\" width=\"1024\" height=\"576\" data-id=\"8767\" src=\"https:\/\/nakanarach.pl\/wp-content\/uploads\/2024\/10\/Gc3-1-1024x576.jpg\" alt=\"\" class=\"wp-image-8767\" srcset=\"https:\/\/nakanarach.pl\/wp-content\/uploads\/2024\/10\/Gc3-1-1024x576.jpg 1024w, https:\/\/nakanarach.pl\/wp-content\/uploads\/2024\/10\/Gc3-1-300x169.jpg 300w, https:\/\/nakanarach.pl\/wp-content\/uploads\/2024\/10\/Gc3-1-768x432.jpg 768w, https:\/\/nakanarach.pl\/wp-content\/uploads\/2024\/10\/Gc3-1-1536x864.jpg 1536w, https:\/\/nakanarach.pl\/wp-content\/uploads\/2024\/10\/Gc3-1.jpg 2048w\" sizes=\"(max-width: 1024px) 100vw, 1024px\" \/><\/figure>\n<\/figure>\n\n\n\n<p>Dodatkowo obwiniaj\u0105&nbsp; jeden z popularnych portali rezerwacyjnych za podnoszenie koszt\u00f3w wynajmu nieruchomo\u015bci i koszt\u00f3w \u017cycia mieszka\u0144c\u00f3w wyspy. Wielu w\u0142a\u015bcicieli nieruchomo\u015bci wybiera wynajem kr\u00f3tkoterminowy i wi\u0119ksze zyski, ni\u017c wynajem d\u0142ugoterminowy. W tym drugim przypadku s\u0105 wi\u0119ksze obwarowania prawne, a czynszu nie mo\u017cna podnosi\u0107 w ci\u0105gu roku o wi\u0119cej ni\u017c ok. 2 procent. Nie wspominaj\u0105c ju\u017c o wynajmuj\u0105cych, kt\u00f3rzy czynsz przestaj\u0105 p\u0142aci\u0107 w trakcie trwaj\u0105cej umowy i w\u00f3wczas takie osoby bardzo trudno usun\u0105\u0107 z zajmowanego domu. A w\u0142a\u015bciciel musi im zapewni\u0107 zgodnie z prawem bie\u017c\u0105ce media, aby nie narazi\u0107 si\u0119 na zarzut\u2026 n\u0119kania lokator\u00f3w.&nbsp;&nbsp;&nbsp;&nbsp;&nbsp;&nbsp;&nbsp;<\/p>\n\n\n\n<p>Wiosn\u0105 br. w niekt\u00f3rych miejscach na budynkach i murach przy deptakach spacerowych pojawi\u0142y si\u0119 w tym roku antyturystyczne napisy: \u201eTury\u015bci, wracajcie do domu\u201d, \u201eMoja n\u0119dza, wasz raj\u201d lub \u201e\u015arednia pensja na Wyspach Kanaryjskich wynosi 1200 euro na r\u0119k\u0119\u201d.<\/p>\n\n\n\n<p>Hiszpa\u0144ska Socjalistyczna Partia Robotnicza&nbsp;(PSOE) z Lanzarote jest zaniepokojona \u201ealarmuj\u0105cym wzrostem\u201d liczby zarejestrowanych dom\u00f3w wakacyjnych na wyspie. Od czasu obj\u0119cia prezydencji Urz\u0119du Wyspy przez Oswaldo Betancorta (Koalicja Kanaryjska CC) w czerwcu 2023 roku, liczba ta wzros\u0142a o 52% z 5198 do 7891 dom\u00f3w w kwietniu 2024 roku. Oznacza to, \u017ce w ci\u0105gu niespe\u0142na jednego roku na wyspie przyby\u0142o 2693 nieruchomo\u015bci przeznaczonych do u\u017cytku turystycznego.<\/p>\n\n\n\n<p>Mar\u00eda Dolores Corujo, sekretarz PSOE na wyspie Lanzarote i deputowana do Kongresu, w oficjalnym o\u015bwiadczeniu podkre\u015bli\u0142a, \u017ce sta\u0142o si\u0119 to po og\u0142oszeniu, \u017ce nowe prawo ograniczy tworzenie nowych dom\u00f3w wakacyjnych przez nast\u0119pne 5 lat.<\/p>\n\n\n\n<p>Corujo zwr\u00f3ci\u0142a uwag\u0119 na ju\u017c istniej\u0105cy problem mieszkaniowy na wyspie, gdzie rodziny \u201ewydaj\u0105 do 70% swojej pensji na wynajem\u201d. Dla socjalist\u00f3w sytuacja ta \u201ejest nie tylko niezr\u00f3wnowa\u017cona, ale tak\u017ce niesprawiedliwa\u201d.<\/p>\n\n\n\n<figure class=\"wp-block-gallery has-nested-images columns-default is-cropped wp-block-gallery-4 is-layout-flex wp-block-gallery-is-layout-flex\">\n<figure class=\"wp-block-image size-large\"><img loading=\"lazy\" decoding=\"async\" width=\"576\" height=\"1024\" data-id=\"8766\" src=\"https:\/\/nakanarach.pl\/wp-content\/uploads\/2024\/10\/Gc2-576x1024.jpg\" alt=\"\" class=\"wp-image-8766\" srcset=\"https:\/\/nakanarach.pl\/wp-content\/uploads\/2024\/10\/Gc2-576x1024.jpg 576w, https:\/\/nakanarach.pl\/wp-content\/uploads\/2024\/10\/Gc2-169x300.jpg 169w, https:\/\/nakanarach.pl\/wp-content\/uploads\/2024\/10\/Gc2-768x1365.jpg 768w, https:\/\/nakanarach.pl\/wp-content\/uploads\/2024\/10\/Gc2-864x1536.jpg 864w, https:\/\/nakanarach.pl\/wp-content\/uploads\/2024\/10\/Gc2.jpg 1152w\" sizes=\"(max-width: 576px) 100vw, 576px\" \/><\/figure>\n\n\n\n<figure class=\"wp-block-image size-large\"><img decoding=\"async\" width=\"1024\" height=\"576\" data-id=\"8768\" src=\"https:\/\/nakanarach.pl\/wp-content\/uploads\/2024\/10\/Gc3-2-1024x576.jpg\" alt=\"\" class=\"wp-image-8768\" srcset=\"https:\/\/nakanarach.pl\/wp-content\/uploads\/2024\/10\/Gc3-2-1024x576.jpg 1024w, https:\/\/nakanarach.pl\/wp-content\/uploads\/2024\/10\/Gc3-2-300x169.jpg 300w, https:\/\/nakanarach.pl\/wp-content\/uploads\/2024\/10\/Gc3-2-768x432.jpg 768w, https:\/\/nakanarach.pl\/wp-content\/uploads\/2024\/10\/Gc3-2-1536x864.jpg 1536w, https:\/\/nakanarach.pl\/wp-content\/uploads\/2024\/10\/Gc3-2.jpg 2048w\" sizes=\"(max-width: 1024px) 100vw, 1024px\" \/><\/figure>\n<\/figure>\n\n\n\n<p>W tym roku Wyspy Kanaryjskie ma odwiedzi\u0107 rekordowa liczba turyst\u00f3w. Wed\u0142ug szacunk\u00f3w liczba ta ma wzrosn\u0105\u0107 z 16,2 mln w 2023 roku do progu bliskiego lub nawet przekraczaj\u0105cego 18 milion\u00f3w w 2024 roku przybywaj\u0105cych, g\u0142\u00f3wnie spoza Hiszpanii.<\/p>\n\n\n\n<p>Nasz artyku\u0142 tak\u017ce na najwi\u0119kszym polskim portalu Wirtualna Polska: <\/p>\n\n\n\n<p><a href=\"https:\/\/turystyka.wp.pl\/s\/nakanarach-pl\/maja-dosc-turystow-wyszli-na-ulice-7084031192042080a?utm_source=combreak\">https:\/\/turystyka.wp.pl\/s\/nakanarach-pl\/maja-dosc-turystow-wyszli-na-ulice-7084031192042080a?utm_source=combreak<\/a><\/p>\n\n\n\n<p>Foto: NaKanarach.pl<\/p>\n","protected":false},"excerpt":{"rendered":"<p>HISZPANIA\/WYSPY KANARYJSKIE: &#8222;Kanary maj\u0105 swoje limity&#8221; &#8211; to jedno z wielu hase\u0142 podczas demonstracji na tym rajskim archipelagu. 20 pa\u017adziernika, po&nbsp;p\u00f3\u0142 roku bierno\u015bci politycznej,&nbsp;mieszka\u0144cy ponowne wyszli na ulice kilku wysp, a tak\u017ce na P\u00f3\u0142wyspie Iberyjskim, narzekaj\u0105c na nadmiar turyst\u00f3w i \u017c\u0105daj\u0105c zmian modelu w tym zakresie. Jedna z manifestacji odby\u0142a si\u0119 w s\u0142ynnym turystycznym kurorcie [&hellip;]<\/p>\n","protected":false},"author":4,"featured_media":8770,"comment_status":"closed","ping_status":"open","sticky":false,"template":"","format":"standard","meta":{"om_disable_all_campaigns":false,"_monsterinsights_skip_tracking":false,"_monsterinsights_sitenote_active":false,"_monsterinsights_sitenote_note":"","_monsterinsights_sitenote_category":0,"footnotes":""},"categories":[12],"tags":[],"class_list":["post-8763","post","type-post","status-publish","format-standard","has-post-thumbnail","hentry","category-aktualnosci"],"aioseo_notices":[],"blog_post_layout_featured_media_urls":{"thumbnail":["https:\/\/nakanarach.pl\/wp-content\/uploads\/2024\/10\/GC0-150x150.jpg",150,150,true],"full":["https:\/\/nakanarach.pl\/wp-content\/uploads\/2024\/10\/GC0.jpg",2048,1152,false]},"categories_names":{"12":{"name":"Aktualno\u015bci","link":"https:\/\/nakanarach.pl\/index.php\/category\/aktualnosci\/"}},"tags_names":[],"comments_number":"0","wpmagazine_modules_lite_featured_media_urls":{"thumbnail":["https:\/\/nakanarach.pl\/wp-content\/uploads\/2024\/10\/GC0-150x150.jpg",150,150,true],"cvmm-medium":["https:\/\/nakanarach.pl\/wp-content\/uploads\/2024\/10\/GC0-300x300.jpg",300,300,true],"cvmm-medium-plus":["https:\/\/nakanarach.pl\/wp-content\/uploads\/2024\/10\/GC0-305x207.jpg",305,207,true],"cvmm-portrait":["https:\/\/nakanarach.pl\/wp-content\/uploads\/2024\/10\/GC0-400x600.jpg",400,600,true],"cvmm-medium-square":["https:\/\/nakanarach.pl\/wp-content\/uploads\/2024\/10\/GC0-600x600.jpg",600,600,true],"cvmm-large":["https:\/\/nakanarach.pl\/wp-content\/uploads\/2024\/10\/GC0-1024x1024.jpg",1024,1024,true],"cvmm-small":["https:\/\/nakanarach.pl\/wp-content\/uploads\/2024\/10\/GC0-130x95.jpg",130,95,true],"full":["https:\/\/nakanarach.pl\/wp-content\/uploads\/2024\/10\/GC0.jpg",2048,1152,false]},"_links":{"self":[{"href":"https:\/\/nakanarach.pl\/index.php\/wp-json\/wp\/v2\/posts\/8763","targetHints":{"allow":["GET"]}}],"collection":[{"href":"https:\/\/nakanarach.pl\/index.php\/wp-json\/wp\/v2\/posts"}],"about":[{"href":"https:\/\/nakanarach.pl\/index.php\/wp-json\/wp\/v2\/types\/post"}],"author":[{"embeddable":true,"href":"https:\/\/nakanarach.pl\/index.php\/wp-json\/wp\/v2\/users\/4"}],"replies":[{"embeddable":true,"href":"https:\/\/nakanarach.pl\/index.php\/wp-json\/wp\/v2\/comments?post=8763"}],"version-history":[{"count":5,"href":"https:\/\/nakanarach.pl\/index.php\/wp-json\/wp\/v2\/posts\/8763\/revisions"}],"predecessor-version":[{"id":8776,"href":"https:\/\/nakanarach.pl\/index.php\/wp-json\/wp\/v2\/posts\/8763\/revisions\/8776"}],"wp:featuredmedia":[{"embeddable":true,"href":"https:\/\/nakanarach.pl\/index.php\/wp-json\/wp\/v2\/media\/8770"}],"wp:attachment":[{"href":"https:\/\/nakanarach.pl\/index.php\/wp-json\/wp\/v2\/media?parent=8763"}],"wp:term":[{"taxonomy":"category","embeddable":true,"href":"https:\/\/nakanarach.pl\/index.php\/wp-json\/wp\/v2\/categories?post=8763"},{"taxonomy":"post_tag","embeddable":true,"href":"https:\/\/nakanarach.pl\/index.php\/wp-json\/wp\/v2\/tags?post=8763"}],"curies":[{"name":"wp","href":"https:\/\/api.w.org\/{rel}","templated":true}]}}