{"id":8824,"date":"2024-11-08T10:08:39","date_gmt":"2024-11-08T10:08:39","guid":{"rendered":"https:\/\/nakanarach.pl\/?p=8824"},"modified":"2024-11-08T10:16:26","modified_gmt":"2024-11-08T10:16:26","slug":"upaly-i-alert-pozarowy","status":"publish","type":"post","link":"https:\/\/nakanarach.pl\/index.php\/2024\/11\/08\/upaly-i-alert-pozarowy\/","title":{"rendered":"UPA\u0141Y I ALERT PO\u017bAROWY"},"content":{"rendered":"\n<p><strong>WYSPY KANARYJSKIE: Pomimo trwaj\u0105cej jesieni, gdzie temperatury zazwyczaj s\u0105 ni\u017csze, na tym rajskim archipelagu pojawi\u0142y si\u0119 upa\u0142y dochodz\u0105ce do 32 stopni Celsjusza. A wraz z nimi w\u0142adze wprowadzi\u0142y alert po\u017carowy w lasach. <\/strong><\/p>\n\n\n\n<p>\u015arednia temperatura w listopadzie na Wyspach Kanaryjskich wynosi ok. 22 stopni, a w nocy 18. Na Wyspach Kanaryjskich pojawi\u0142a si\u0119 ponownie w tym roku kalima, czyli drobny py\u0142 znad afryka\u0144skiej Sahary. Wraz z ni\u0105 na archipelag nap\u0142yn\u0119\u0142y masy ciep\u0142ego i gor\u0105cego powietrza, co jest rzadko spotykane w tym rejonie o tej porze roku. W\u0142adze Wysp Kanaryjskich ostrzegaj\u0105, \u017ce warunki pogodowe i zamglenie spowodowane tym drobnym py\u0142em mog\u0105 powodowa\u0107 problemy zdrowotne u os\u00f3b cierpi\u0105cych na choroby przewlek\u0142e i\/lub choroby uk\u0142adu oddechowego oraz u alergik\u00f3w. Dwutlenek azotu podczas kalimy jest niebezpieczny szczeg\u00f3lnie w ciep\u0142e miesi\u0105ce roku, podra\u017cniaj\u0105c przede wszystkim uk\u0142ad oddechowy, stanowi\u0105c zagro\u017cenie zw\u0142aszcza dla os\u00f3b choruj\u0105cych na astm\u0119 i chorob\u0119 obturacyjn\u0105 p\u0142uc. Dodatkowo kalima powoduje czasem podra\u017cnienie oczu, a w ustach mo\u017cna wyczu\u0107 charakterystyczny drobny piasek.<\/p>\n\n\n\n<p>Rz\u0105d Wysp Kanaryjskich i Dyrekcji Generalnej ds. Sytuacji Nadzwyczajnych, og\u0142osi\u0142y r\u00f3wnie\u017c stan ostrzegawczy w zwi\u0105zku z ryzykiem wyst\u0105pienia po\u017car\u00f3w las\u00f3w na wyspach El Hierro, La Palma, La Gomera, Teneryfa i Gran Canaria. Alert obowi\u0105zuje od 7 listopada 2024 roku do odwo\u0142ania. <\/p>\n\n\n\n<p>Decyzj\u0119 podj\u0119to po informacjach od Pa\u0144stwowej Agencji Meteorologicznej Aemet. Przy okazji wdro\u017cono te\u017c Specjalny Plan Ochrony Ludno\u015bci i Sytuacji Kryzysowych dla Po\u017car\u00f3w Las\u00f3w we Wsp\u00f3lnocie Autonomicznej Wysp Kanaryjskich (INFOCA).<\/p>\n\n\n\n<p>Na Gran Canarii, od wysoko\u015bci 400 metr\u00f3w nad poziomem morza, prognoza pogody przewiduje epizod suchego, ciep\u0142ego powietrza. Temu zjawisku towarzysz\u0105 po\u0142udniowe i po\u0142udniowo-wschodnie wiatry.<\/p>\n\n\n\n<p>Przewiduje si\u0119 r\u00f3wnie\u017c inwersj\u0119 temperatury na niskich wysoko\u015bciach, z wilgotno\u015bci\u0105 wzgl\u0119dn\u0105 poni\u017cej 30% od 600 metr\u00f3w nad poziomem morza w dniu 8 listopada 2024 roku i na wysoko\u015bci od 400 metr\u00f3w nad poziomem morza w najbli\u017cszy weekend. Te warunki s\u0105 uzupe\u0142nieniem d\u0142ugotrwa\u0142ej suszy meteorologicznej na wschodnich, po\u0142udniowych i zachodnich zboczach wysp, kt\u00f3ra trwa ju\u017c od wiosny br.<\/p>\n\n\n\n<p>Dyrekcja Generalna ds. Sytuacji Nadzwyczajnych zach\u0119ca mieszka\u0144c\u00f3w do przestrzegania nast\u0119puj\u0105cych porad dotycz\u0105cych samoobrony:<\/p>\n\n\n\n<p>\u2013 Zachowaj ostro\u017cno\u015b\u0107 przy korzystaniu z ognia w obszarach le\u015bnych i ich okolicach.<br>\u2013 Nie wyrzucaj niedopa\u0142k\u00f3w papieros\u00f3w ani zapa\u0142ek z pojazd\u00f3w.<br>\u2013 Nie zostawiaj \u015bmieci ani odpadk\u00f3w w lesie, mog\u0105 one sta\u0107 si\u0119 \u0142atwopalnym materia\u0142em.<\/p>\n\n\n\n<p>W\u0142adze apeluj\u0105 te\u017c do mieszka\u0144c\u00f3w Wysp Kanaryjskich, aby<\/p>\n\n\n\n<p>\u2013 Przygotowa\u0107 plan ewakuacji uwzgl\u0119dniaj\u0105cy zwierz\u0119ta.<br>\u2013 Upewni\u0107 si\u0119, \u017ce mamy odpowiednie transportery i smycze dla swoich zwierz\u0105t.<br>\u2013 Przygotowa\u0107 zapas karmy i wody dla zwierz\u0105t na wypadek ewakuacji.<\/p>\n\n\n\n<p>Tymczasem prezydent Tenetyfy Rosa D\u00e1vila wskazuje, \u017ce celem odbudowy lasu na Teneryfie, zniszczonego przez olbrzymi po\u017car, kt\u00f3ry w 2023 r. obj\u0105\u0142 50 km obwodu, jest jak najszybsze przywr\u00f3cenie r\u00f3wnowagi ekologicznej na terenach dotkni\u0119tych po\u017carem w Parku Narodowym Teide, g\u0142\u00f3wnie kanaryjskich las\u00f3w sosnowych i zaro\u015bli szczytowych. W\u00f3wczas z powodu zagro\u017cenia ewakuowano kilkana\u015bcie tysi\u0119cy mieszka\u0144c\u00f3w. <\/p>\n\n\n\n<p>Wyspiarska korporacja realizuje kompleksowy plan renaturyzacji z \u0142\u0105cznym bud\u017cetem 11 milion\u00f3w euro, kt\u00f3ry umo\u017cliwi odtworzenie mas le\u015bnych Parku Narodowego Teide.<\/p>\n\n\n\n<p>W\u0142adze Teneryfy zatwierdzi\u0142y zlecenie sp\u00f3\u0142ce publicznej Gesplan na wykonanie prac renaturyzacyjnych las\u00f3w na terenie Parku Narodowego Teide, dotkni\u0119tych wielkim po\u017carem w 2023 r. Okres realizacji pierwszego etapu tej inwestycji na ponad 1235 hektarach wynosi 9 miesi\u0119cy.<\/p>\n\n\n\n<p>W nadchodz\u0105cych miesi\u0105cach planowane s\u0105 prace maj\u0105ce na celu likwidacj\u0119 spalonych okaz\u00f3w sosny kanaryjskiej, wykarczowanie dotkni\u0119tych krzak\u00f3w i budow\u0119 faszyn z materia\u0142u pochodz\u0105cego z po\u017caru, aby zapobiec erozji gleby na zboczach . Podobnie, pozosta\u0142o\u015bci ro\u015blinne zostan\u0105 poddane obr\u00f3bce, aby zmniejszy\u0107 ryzyko przysz\u0142ych po\u017car\u00f3w. Warto doda\u0107, \u017ce sosna kanaryjska jest ciekawym gatunkiem, poniewa\u017c ma pewne cechy, kt\u00f3re czyni\u0105 j\u0105 wyj\u0105tkow\u0105 i siln\u0105. Jedn\u0105 z nich jest odporno\u015b\u0107 na ogie\u0144 , dlatego szczyty archipelagu wci\u0105\u017c poro\u015bni\u0119te s\u0105 ro\u015blinno\u015bci\u0105.Ze wzgl\u0119du na grubo\u015b\u0107 kory, a tak\u017ce zdolno\u015b\u0107 pnia do rozkwitu, kt\u00f3ry \u201eodradza si\u0119 ponownie, nawet gdy straci\u0142 wszystkie li\u015bcie i ga\u0142\u0119zie\u201d. Dlatego mo\u017ce przetrwa\u0107 powa\u017cne po\u017cary.<\/p>\n\n\n\n<p><em>\u2013 \u015arodki te s\u0105 niezb\u0119dne, aby powstrzyma\u0107 utrat\u0119 gleby i zagwarantowa\u0107 odnow\u0119 ekosystemu, a tak\u017ce zapobiec rozprzestrzenianiu si\u0119 nowych ognisk w przypadku niesprzyjaj\u0105cych warunk\u00f3w<\/em>\u00a0&#8211; doda\u0142a D\u00e1vila.<\/p>\n\n\n\n<p>Podobne dzia\u0142ania podj\u0119\u0142y w\u0142adze s\u0105siedniej wyspy La Palma, aby odbudowa\u0107 las po wielkim po\u017carze w 2023 roku. W\u00f3wczas ewakuowano prawie 4 tys. os\u00f3b. <\/p>\n\n\n\n<p>Foto: NaKanarach.pl<\/p>\n","protected":false},"excerpt":{"rendered":"<p>WYSPY KANARYJSKIE: Pomimo trwaj\u0105cej jesieni, gdzie temperatury zazwyczaj s\u0105 ni\u017csze, na tym rajskim archipelagu pojawi\u0142y si\u0119 upa\u0142y dochodz\u0105ce do 32 stopni Celsjusza. A wraz z nimi w\u0142adze wprowadzi\u0142y alert po\u017carowy w lasach. \u015arednia temperatura w listopadzie na Wyspach Kanaryjskich wynosi ok. 22 stopni, a w nocy 18. Na Wyspach Kanaryjskich pojawi\u0142a si\u0119 ponownie w tym [&hellip;]<\/p>\n","protected":false},"author":4,"featured_media":4858,"comment_status":"closed","ping_status":"open","sticky":false,"template":"","format":"standard","meta":{"om_disable_all_campaigns":false,"_monsterinsights_skip_tracking":false,"_monsterinsights_sitenote_active":false,"_monsterinsights_sitenote_note":"","_monsterinsights_sitenote_category":0,"footnotes":""},"categories":[12],"tags":[],"class_list":["post-8824","post","type-post","status-publish","format-standard","has-post-thumbnail","hentry","category-aktualnosci"],"aioseo_notices":[],"blog_post_layout_featured_media_urls":{"thumbnail":["https:\/\/nakanarach.pl\/wp-content\/uploads\/2022\/05\/Termometr-32-stopnie-150x150.jpg",150,150,true],"full":["https:\/\/nakanarach.pl\/wp-content\/uploads\/2022\/05\/Termometr-32-stopnie.jpg",1750,788,false]},"categories_names":{"12":{"name":"Aktualno\u015bci","link":"https:\/\/nakanarach.pl\/index.php\/category\/aktualnosci\/"}},"tags_names":[],"comments_number":"0","wpmagazine_modules_lite_featured_media_urls":{"thumbnail":["https:\/\/nakanarach.pl\/wp-content\/uploads\/2022\/05\/Termometr-32-stopnie-150x150.jpg",150,150,true],"cvmm-medium":["https:\/\/nakanarach.pl\/wp-content\/uploads\/2022\/05\/Termometr-32-stopnie-300x300.jpg",300,300,true],"cvmm-medium-plus":["https:\/\/nakanarach.pl\/wp-content\/uploads\/2022\/05\/Termometr-32-stopnie-305x207.jpg",305,207,true],"cvmm-portrait":["https:\/\/nakanarach.pl\/wp-content\/uploads\/2022\/05\/Termometr-32-stopnie-400x600.jpg",400,600,true],"cvmm-medium-square":["https:\/\/nakanarach.pl\/wp-content\/uploads\/2022\/05\/Termometr-32-stopnie-600x600.jpg",600,600,true],"cvmm-large":["https:\/\/nakanarach.pl\/wp-content\/uploads\/2022\/05\/Termometr-32-stopnie-1024x788.jpg",1024,788,true],"cvmm-small":["https:\/\/nakanarach.pl\/wp-content\/uploads\/2022\/05\/Termometr-32-stopnie-130x95.jpg",130,95,true],"full":["https:\/\/nakanarach.pl\/wp-content\/uploads\/2022\/05\/Termometr-32-stopnie.jpg",1750,788,false]},"_links":{"self":[{"href":"https:\/\/nakanarach.pl\/index.php\/wp-json\/wp\/v2\/posts\/8824","targetHints":{"allow":["GET"]}}],"collection":[{"href":"https:\/\/nakanarach.pl\/index.php\/wp-json\/wp\/v2\/posts"}],"about":[{"href":"https:\/\/nakanarach.pl\/index.php\/wp-json\/wp\/v2\/types\/post"}],"author":[{"embeddable":true,"href":"https:\/\/nakanarach.pl\/index.php\/wp-json\/wp\/v2\/users\/4"}],"replies":[{"embeddable":true,"href":"https:\/\/nakanarach.pl\/index.php\/wp-json\/wp\/v2\/comments?post=8824"}],"version-history":[{"count":1,"href":"https:\/\/nakanarach.pl\/index.php\/wp-json\/wp\/v2\/posts\/8824\/revisions"}],"predecessor-version":[{"id":8825,"href":"https:\/\/nakanarach.pl\/index.php\/wp-json\/wp\/v2\/posts\/8824\/revisions\/8825"}],"wp:featuredmedia":[{"embeddable":true,"href":"https:\/\/nakanarach.pl\/index.php\/wp-json\/wp\/v2\/media\/4858"}],"wp:attachment":[{"href":"https:\/\/nakanarach.pl\/index.php\/wp-json\/wp\/v2\/media?parent=8824"}],"wp:term":[{"taxonomy":"category","embeddable":true,"href":"https:\/\/nakanarach.pl\/index.php\/wp-json\/wp\/v2\/categories?post=8824"},{"taxonomy":"post_tag","embeddable":true,"href":"https:\/\/nakanarach.pl\/index.php\/wp-json\/wp\/v2\/tags?post=8824"}],"curies":[{"name":"wp","href":"https:\/\/api.w.org\/{rel}","templated":true}]}}