{"id":8893,"date":"2024-11-26T11:01:50","date_gmt":"2024-11-26T11:01:50","guid":{"rendered":"http:\/\/nakanarach.pl\/?p=8893"},"modified":"2024-11-26T14:20:17","modified_gmt":"2024-11-26T14:20:17","slug":"sztormowy-alert","status":"publish","type":"post","link":"https:\/\/nakanarach.pl\/index.php\/2024\/11\/26\/sztormowy-alert\/","title":{"rendered":"SZTORMOWY ALERT"},"content":{"rendered":"\n<p><strong>HISZPANIA\/WYSPY KANARYJSKIE: To nie koniec alert\u00f3w i \u017cywio\u0142\u00f3w w Hiszpanii. Po tragicznej w skutkach jesiennej powodzi, burzach i ulewnych deszczach teraz pojawi\u0142o si\u0119 ostrze\u017cenie przed <strong>przed sztormem i intensywnymi opadami m.in. w turystycznych regionach na P\u00f3\u0142wyspie Iberyjskim i na Wyspach Kanaryjskich. <\/strong><\/strong><\/p>\n\n\n\n<p>To nie jest dobra wiadomo\u015b\u0107 dla wielu turyst\u00f3w, kt\u00f3rzy w\u0142a\u015bnie sp\u0119dzaj\u0105 wakacje na po\u0142udniu Hiszpanii oraz na oddalonych o ok. 1,5 tys. km od P\u00f3\u0142wyspu Iberyjskiego Wyspach Kanaryjskich. <\/p>\n\n\n\n<p>Pa\u0144stwowa Agencja Meteorologiczna (AEMET) wyda\u0142a ostrze\u017cenia pogodowe, kt\u00f3re obowi\u0105zuj\u0105 w wi\u0119kszo\u015bci miejsc w\u0142\u0105cznie do 1 grudnia br. dla 14 region\u00f3w Hiszpanii, w tym Wysp Kanaryjskich. W tym rejonie pojawi\u0142 si\u0119 zimny front zwi\u0105zany ze sztormem Bert, kt\u00f3ry przynosi silne i porywiste wiatry, ulewne i du\u017ce opady deszczu oraz zjawiska przybrze\u017cne, czyli wysokie dochodz\u0105ce do kilku metr\u00f3w fale. Dlatego na niekt\u00f3rych pla\u017cach mog\u0105 pojawi\u0107 si\u0119 czerwone flagi, czyli ca\u0142kowity zakaz k\u0105pieli. W praktyce to ratownicy strzeg\u0105cy dan\u0105 pla\u017c\u0119 w sytuacji zagro\u017cenia b\u0119d\u0105 nakazywa\u0107 natychmiastowe wyj\u015bcie z wody na brzeg. <\/p>\n\n\n\n<p>AEMET utrzymuje do ko\u0144ca tego tygodnia pomara\u0144czowy poziom ostrze\u017cenia (znaczne ryzyko) dla nast\u0119puj\u0105cych region\u00f3w: Asturia, Kantabria, Kastylia i Le\u00f3n, Galicja i Nawarra. <\/p>\n\n\n\n<p>Z kolei nieco ni\u017cszy, bo \u017c\u00f3\u0142ty poziom (\u015brednie ryzyko) ostrze\u017cenia obowi\u0105zuje w nast\u0119puj\u0105cych regionach, tak\u017ce turystycznych: Andaluzja, Aragonia, Katalonia, Estremadura Kraj Bask\u00f3w i La Rioja, a tak\u017ce na Wyspach Kanaryjskich, gdzie alert dotyczy w szczeg\u00f3lno\u015bci wysp La Palma, La Gomera i El Hierro, gdzie spodziewane s\u0105 obfite deszcze i silny wiatr. Na tym archipelagu deszcz pada niezwykle rzadko i jest tu ok. 300 s\u0142onecznych dni w roku. <\/p>\n\n\n\n<p>Pa\u0144stwowa Agencja Meteorologiczna (Aemet) og\u0142osi\u0142a kilkudniowe okresy zachmurzenia na archipelagu, spowodowane kolejn\u0105 kalim\u0105 (drobny py\u0142 z afryka\u0144skiej Sahary), z przewag\u0105 pochmurnego nieba na p\u00f3\u0142nocy najwa\u017cniejszych Wysp Kanaryjskich oraz \u015bredniego i du\u017cego zachmurzenia na pozosta\u0142ych. Mo\u017cliwe jest te\u017c lekkie zamglenie na wyspach najbardziej wysuni\u0119tych na wsch\u00f3d (Lanzarote i Fuerteventura). <\/p>\n\n\n\n<p>Na ca\u0142ym rajskim archipelagu maksymalne temperatury nieco spadn\u0105 w ci\u0105gu dnia od 24 &#8211; 26 stopni Celsjusza, a w nocy od 17 &#8211; 20.<\/p>\n\n\n\n<p>Nasz artyku\u0142 tak\u017ce na najwi\u0119kszym polskim portalu Wirtualna Polska: <\/p>\n\n\n\n<p><a href=\"https:\/\/turystyka.wp.pl\/s\/nakanarach-pl\/alerty-pogodowe-w-hiszpanii-moze-byc-niebezpiecznie-7096816860191296a\">https:\/\/turystyka.wp.pl\/s\/nakanarach-pl\/alerty-pogodowe-w-hiszpanii-moze-byc-niebezpiecznie-7096816860191296a<\/a><\/p>\n\n\n\n<p>Foto: Zdj\u0119cie ilustracyjne NaKanarach.pl<\/p>\n","protected":false},"excerpt":{"rendered":"<p>HISZPANIA\/WYSPY KANARYJSKIE: To nie koniec alert\u00f3w i \u017cywio\u0142\u00f3w w Hiszpanii. Po tragicznej w skutkach jesiennej powodzi, burzach i ulewnych deszczach teraz pojawi\u0142o si\u0119 ostrze\u017cenie przed przed sztormem i intensywnymi opadami m.in. w turystycznych regionach na P\u00f3\u0142wyspie Iberyjskim i na Wyspach Kanaryjskich. To nie jest dobra wiadomo\u015b\u0107 dla wielu turyst\u00f3w, kt\u00f3rzy w\u0142a\u015bnie sp\u0119dzaj\u0105 wakacje na po\u0142udniu [&hellip;]<\/p>\n","protected":false},"author":4,"featured_media":8894,"comment_status":"closed","ping_status":"open","sticky":false,"template":"","format":"standard","meta":{"om_disable_all_campaigns":false,"_monsterinsights_skip_tracking":false,"_monsterinsights_sitenote_active":false,"_monsterinsights_sitenote_note":"","_monsterinsights_sitenote_category":0,"footnotes":""},"categories":[12],"tags":[],"class_list":["post-8893","post","type-post","status-publish","format-standard","has-post-thumbnail","hentry","category-aktualnosci"],"aioseo_notices":[],"blog_post_layout_featured_media_urls":{"thumbnail":["https:\/\/nakanarach.pl\/wp-content\/uploads\/2024\/11\/fale-pochmurno-plaza-las-palmas-_optimized-150x150.jpg",150,150,true],"full":["https:\/\/nakanarach.pl\/wp-content\/uploads\/2024\/11\/fale-pochmurno-plaza-las-palmas-_optimized-scaled.jpg",2560,1440,false]},"categories_names":{"12":{"name":"Aktualno\u015bci","link":"https:\/\/nakanarach.pl\/index.php\/category\/aktualnosci\/"}},"tags_names":[],"comments_number":"0","wpmagazine_modules_lite_featured_media_urls":{"thumbnail":["https:\/\/nakanarach.pl\/wp-content\/uploads\/2024\/11\/fale-pochmurno-plaza-las-palmas-_optimized-150x150.jpg",150,150,true],"cvmm-medium":["https:\/\/nakanarach.pl\/wp-content\/uploads\/2024\/11\/fale-pochmurno-plaza-las-palmas-_optimized-300x300.jpg",300,300,true],"cvmm-medium-plus":["https:\/\/nakanarach.pl\/wp-content\/uploads\/2024\/11\/fale-pochmurno-plaza-las-palmas-_optimized-305x207.jpg",305,207,true],"cvmm-portrait":["https:\/\/nakanarach.pl\/wp-content\/uploads\/2024\/11\/fale-pochmurno-plaza-las-palmas-_optimized-400x600.jpg",400,600,true],"cvmm-medium-square":["https:\/\/nakanarach.pl\/wp-content\/uploads\/2024\/11\/fale-pochmurno-plaza-las-palmas-_optimized-600x600.jpg",600,600,true],"cvmm-large":["https:\/\/nakanarach.pl\/wp-content\/uploads\/2024\/11\/fale-pochmurno-plaza-las-palmas-_optimized-1024x1024.jpg",1024,1024,true],"cvmm-small":["https:\/\/nakanarach.pl\/wp-content\/uploads\/2024\/11\/fale-pochmurno-plaza-las-palmas-_optimized-130x95.jpg",130,95,true],"full":["https:\/\/nakanarach.pl\/wp-content\/uploads\/2024\/11\/fale-pochmurno-plaza-las-palmas-_optimized-scaled.jpg",2560,1440,false]},"_links":{"self":[{"href":"https:\/\/nakanarach.pl\/index.php\/wp-json\/wp\/v2\/posts\/8893","targetHints":{"allow":["GET"]}}],"collection":[{"href":"https:\/\/nakanarach.pl\/index.php\/wp-json\/wp\/v2\/posts"}],"about":[{"href":"https:\/\/nakanarach.pl\/index.php\/wp-json\/wp\/v2\/types\/post"}],"author":[{"embeddable":true,"href":"https:\/\/nakanarach.pl\/index.php\/wp-json\/wp\/v2\/users\/4"}],"replies":[{"embeddable":true,"href":"https:\/\/nakanarach.pl\/index.php\/wp-json\/wp\/v2\/comments?post=8893"}],"version-history":[{"count":7,"href":"https:\/\/nakanarach.pl\/index.php\/wp-json\/wp\/v2\/posts\/8893\/revisions"}],"predecessor-version":[{"id":8904,"href":"https:\/\/nakanarach.pl\/index.php\/wp-json\/wp\/v2\/posts\/8893\/revisions\/8904"}],"wp:featuredmedia":[{"embeddable":true,"href":"https:\/\/nakanarach.pl\/index.php\/wp-json\/wp\/v2\/media\/8894"}],"wp:attachment":[{"href":"https:\/\/nakanarach.pl\/index.php\/wp-json\/wp\/v2\/media?parent=8893"}],"wp:term":[{"taxonomy":"category","embeddable":true,"href":"https:\/\/nakanarach.pl\/index.php\/wp-json\/wp\/v2\/categories?post=8893"},{"taxonomy":"post_tag","embeddable":true,"href":"https:\/\/nakanarach.pl\/index.php\/wp-json\/wp\/v2\/tags?post=8893"}],"curies":[{"name":"wp","href":"https:\/\/api.w.org\/{rel}","templated":true}]}}