{"id":8905,"date":"2024-11-27T09:16:23","date_gmt":"2024-11-27T09:16:23","guid":{"rendered":"https:\/\/nakanarach.pl\/?p=8905"},"modified":"2024-11-27T10:27:18","modified_gmt":"2024-11-27T10:27:18","slug":"seria-trzesien-ziemi","status":"publish","type":"post","link":"https:\/\/nakanarach.pl\/index.php\/2024\/11\/27\/seria-trzesien-ziemi\/","title":{"rendered":"SERIA TRZ\u0118SIE\u0143 ZIEMI"},"content":{"rendered":"\n<p><strong>EL HIERRO: W ostatnich kilku dniach National Geographic Institute (IGN) zaobserwowa\u0142 seri\u0119 9 trz\u0119sie\u0144 ziemi na kanaryjskiej wyspie El Hierro. Naukowcy zastanawiaj\u0105 si\u0119, czy mo\u017ce to wywo\u0142a\u0107 ponowny wybuch czynnego wulkanu na tej ma\u0142ej kanaryjskiej wyspie. <\/strong><\/p>\n\n\n\n<p>Najsilniejszy wstrz\u0105s mia\u0142 si\u0142\u0119 3,0 mbLg w skali Richtera i zosta\u0142 zarejestrowany 22 listopada 2024 roku na g\u0142\u0119boko\u015bci 30 kilometr\u00f3w na zach\u00f3d od gminy Frontera.<\/p>\n\n\n\n<p>Warto doda\u0107, \u017ce dr\u017cenie o sile od 3 w skali Richtera mo\u017ce by\u0107 odczuwalne w pomieszczeniach, zw\u0142aszcza na wy\u017cszych pi\u0119trach budynk\u00f3w, ale wiele os\u00f3b nie kojarzy tego faktu z trz\u0119sieniem ziemi. Zaparkowane pojazdy mog\u0105 si\u0119 w\u00f3wczas lekko porusza\u0107. Wibracje s\u0105 takie, jak te spowodowane przejazdem ci\u0119\u017ckich pojazd\u00f3w. Dopiero od 4 stopnia wzwy\u017c w skali Richtera skutki trz\u0119sienia ziemi mog\u0105 by\u0107 bardziej odczuwalne przez ludzi powodowa\u0107 powa\u017cniejsze zniszczenia budynk\u00f3w.<\/p>\n\n\n\n<p>IGN informuje, \u017ce pierwsze trz\u0119sienie ziemi odnotowano 22 listopada o godzinie 16:05 czasu kanaryjskiego. Zanotowano magnitud\u0119 2,6 mbLg i wyst\u0105pi\u0142o na g\u0142\u0119boko\u015bci 30 kilometr\u00f3w w Oceanie Atlantyckim na po\u0142udniowy zach\u00f3d od Frontery. Kolejne wstrz\u0105sy nast\u0119powa\u0142y w kr\u00f3tkich odst\u0119pach czasowych: <\/p>\n\n\n\n<ul class=\"wp-block-list\">\n<li>17:30 \u2013 magnituda 2,8 mbLg, g\u0142\u0119boko\u015b\u0107 33 km, na zach\u00f3d od Frontery<\/li>\n\n\n\n<li>17:56 \u2013 magnituda 2,6, g\u0142\u0119boko\u015b\u0107 30 km<\/li>\n\n\n\n<li>19:01 \u2013 magnituda 2,3, g\u0142\u0119boko\u015b\u0107 36 km, na zach\u00f3d od Fronter, a nast\u0119pnie odnotowano wstrz\u0105s o magnitudzie 2,8 na g\u0142\u0119boko\u015bci 37 km na zach\u00f3d od El Pinar.<\/li>\n<\/ul>\n\n\n\n<p>Cztery ostatnie ruchy sejsmiczne zlokalizowano na po\u0142udniowym zachodzie od Frontery. Ich magnitudy wynosi\u0142y odpowiednio 3,0; 1,5 (na wsch\u00f3d na g\u0142\u0119boko\u015bci 15 km); 2,5 oraz 2,2. Ostatni wstrz\u0105s wykryto o godzinie 01:23 w sobot\u0119 na g\u0142\u0119boko\u015bci 33 km.<\/p>\n\n\n\n<p>Ithaiza Dom\u00ednguez, dyrektor IGN na Wyspach Kanaryjskich powiedzia\u0142a agencji EFE, \u017ce aktywno\u015b\u0107 sejsmiczna w tym obszarze jest obserwowana od ponad 10 lat, czyli od kryzysu erupcyjnego na El Hierro w 2013 roku. Ka\u017cdego roku w tym rejonie rejestruje si\u0119 oko\u0142o 50 trz\u0119sie\u0144 ziemi na g\u0142\u0119boko\u015bci od 10-15 do 30 kilometr\u00f3w na zach\u00f3d od wyspy.<\/p>\n\n\n\n<p>Dom\u00ednguez podkre\u015bli\u0142a, \u017ce obecna seria wstrz\u0105s\u00f3w nie jest czym\u015b niezwyk\u0142ym. Niepokoj\u0105ce by\u0142oby, gdyby co godzin\u0119 rejestrowano dziesi\u0105tki lub setki trz\u0119sie\u0144 ziemi, co mog\u0142oby wskazywa\u0107 na intruzj\u0119 magmow\u0105. Dyrektor IGN na Wyspach Kanaryjskich zapewni\u0142a jednak, \u017ce sytuacja jest \u201euwa\u017cnie\u201d monitorowana na wypadek zmiany aktywno\u015bci sejsmicznej, aby w por\u0119 wykry\u0107 ewentualne zagro\u017cenia. Obecnie nie ma powod\u00f3w do niepokoju, a mieszka\u0144cy i tury\u015bci mog\u0105 czu\u0107 si\u0119 bezpiecznie na wyspie.<\/p>\n\n\n\n<p>Dla przypomnienia w 2023 roku o\u017cy\u0142 wulkan pod El Hierro. W ci\u0105gu niespe\u0142na doby zanotowano tam 31 wstrz\u0105s\u00f3w. Jeden z nich mia\u0142 ponad 5 stopni w skali Richtera, co spowodowa\u0142o ewakuacj\u0119 mieszka\u0144c\u00f3w. Z kolei w 2011 r. zanotowano wi\u0119ksz\u0105 aktywno\u015b\u0107 sejsmiczn\u0105\u00a0Volcan de Lomo Negro\u00a0na El Hierro. Ostatnio wybuch nast\u0105pi\u0142 w 1973 r. W ostatnich latach uaktywnia\u0142 si\u0119 podmorski wulkan, produkuj\u0105c spore ilo\u015bci lawy. Ewakuowano 10 tys. mieszka\u0144c\u00f3w La Restinga na tej wyspie, ze wzgl\u0119du na zagro\u017cenie powstania tsunami. Wulkan jednak uspokoi\u0142 si\u0119. Naukowcy nie wykluczaj\u0105 jednak, \u017ce w najbli\u017cszym czasie mo\u017ce doj\u015b\u0107 do\u00a0erupcji wulkanu. Najwi\u0119kszy wybuch wulkanu Hierro by\u0142 50 tysi\u0119cy lat temu i spowodowa\u0142o to olbrzymie tsunami, kt\u00f3re dotar\u0142o a\u017c do wybrze\u017cy Ameryki.<\/p>\n\n\n\n<p>W ostatnim dziesi\u0119cioleciu na Wyspach Kanaryjskich pojawi\u0142o si\u0119 9 tys. wstrz\u0105s\u00f3w, z czego ponad 50 by\u0142o odczuwalne dla mieszka\u0144c\u00f3w. Z tego powodu zamkni\u0119to w\u00f3wczas wszystkie instytucje publiczne i tunel \u0142\u0105cz\u0105cy dwa miasta na tej wyspie. <\/p>\n\n\n\n<p>Foto: Zdj\u0119cie ilustracyjne NaKanarach.pl<\/p>\n","protected":false},"excerpt":{"rendered":"<p>EL HIERRO: W ostatnich kilku dniach National Geographic Institute (IGN) zaobserwowa\u0142 seri\u0119 9 trz\u0119sie\u0144 ziemi na kanaryjskiej wyspie El Hierro. Naukowcy zastanawiaj\u0105 si\u0119, czy mo\u017ce to wywo\u0142a\u0107 ponowny wybuch czynnego wulkanu na tej ma\u0142ej kanaryjskiej wyspie. Najsilniejszy wstrz\u0105s mia\u0142 si\u0142\u0119 3,0 mbLg w skali Richtera i zosta\u0142 zarejestrowany 22 listopada 2024 roku na g\u0142\u0119boko\u015bci 30 [&hellip;]<\/p>\n","protected":false},"author":4,"featured_media":6680,"comment_status":"closed","ping_status":"open","sticky":false,"template":"","format":"standard","meta":{"om_disable_all_campaigns":false,"_monsterinsights_skip_tracking":false,"_monsterinsights_sitenote_active":false,"_monsterinsights_sitenote_note":"","_monsterinsights_sitenote_category":0,"footnotes":""},"categories":[12,76],"tags":[],"class_list":["post-8905","post","type-post","status-publish","format-standard","has-post-thumbnail","hentry","category-aktualnosci","category-wulkany"],"aioseo_notices":[],"blog_post_layout_featured_media_urls":{"thumbnail":["https:\/\/nakanarach.pl\/wp-content\/uploads\/2023\/05\/Gran-Canaria-Wulkan-z-gory-150x150.jpeg",150,150,true],"full":["https:\/\/nakanarach.pl\/wp-content\/uploads\/2023\/05\/Gran-Canaria-Wulkan-z-gory.jpeg",2048,1536,false]},"categories_names":{"12":{"name":"Aktualno\u015bci","link":"https:\/\/nakanarach.pl\/index.php\/category\/aktualnosci\/"},"76":{"name":"Wulkany","link":"https:\/\/nakanarach.pl\/index.php\/category\/turystyka\/wulkany\/"}},"tags_names":[],"comments_number":"0","wpmagazine_modules_lite_featured_media_urls":{"thumbnail":["https:\/\/nakanarach.pl\/wp-content\/uploads\/2023\/05\/Gran-Canaria-Wulkan-z-gory-150x150.jpeg",150,150,true],"cvmm-medium":["https:\/\/nakanarach.pl\/wp-content\/uploads\/2023\/05\/Gran-Canaria-Wulkan-z-gory-300x300.jpeg",300,300,true],"cvmm-medium-plus":["https:\/\/nakanarach.pl\/wp-content\/uploads\/2023\/05\/Gran-Canaria-Wulkan-z-gory-305x207.jpeg",305,207,true],"cvmm-portrait":["https:\/\/nakanarach.pl\/wp-content\/uploads\/2023\/05\/Gran-Canaria-Wulkan-z-gory-400x600.jpeg",400,600,true],"cvmm-medium-square":["https:\/\/nakanarach.pl\/wp-content\/uploads\/2023\/05\/Gran-Canaria-Wulkan-z-gory-600x600.jpeg",600,600,true],"cvmm-large":["https:\/\/nakanarach.pl\/wp-content\/uploads\/2023\/05\/Gran-Canaria-Wulkan-z-gory-1024x1024.jpeg",1024,1024,true],"cvmm-small":["https:\/\/nakanarach.pl\/wp-content\/uploads\/2023\/05\/Gran-Canaria-Wulkan-z-gory-130x95.jpeg",130,95,true],"full":["https:\/\/nakanarach.pl\/wp-content\/uploads\/2023\/05\/Gran-Canaria-Wulkan-z-gory.jpeg",2048,1536,false]},"_links":{"self":[{"href":"https:\/\/nakanarach.pl\/index.php\/wp-json\/wp\/v2\/posts\/8905","targetHints":{"allow":["GET"]}}],"collection":[{"href":"https:\/\/nakanarach.pl\/index.php\/wp-json\/wp\/v2\/posts"}],"about":[{"href":"https:\/\/nakanarach.pl\/index.php\/wp-json\/wp\/v2\/types\/post"}],"author":[{"embeddable":true,"href":"https:\/\/nakanarach.pl\/index.php\/wp-json\/wp\/v2\/users\/4"}],"replies":[{"embeddable":true,"href":"https:\/\/nakanarach.pl\/index.php\/wp-json\/wp\/v2\/comments?post=8905"}],"version-history":[{"count":1,"href":"https:\/\/nakanarach.pl\/index.php\/wp-json\/wp\/v2\/posts\/8905\/revisions"}],"predecessor-version":[{"id":8906,"href":"https:\/\/nakanarach.pl\/index.php\/wp-json\/wp\/v2\/posts\/8905\/revisions\/8906"}],"wp:featuredmedia":[{"embeddable":true,"href":"https:\/\/nakanarach.pl\/index.php\/wp-json\/wp\/v2\/media\/6680"}],"wp:attachment":[{"href":"https:\/\/nakanarach.pl\/index.php\/wp-json\/wp\/v2\/media?parent=8905"}],"wp:term":[{"taxonomy":"category","embeddable":true,"href":"https:\/\/nakanarach.pl\/index.php\/wp-json\/wp\/v2\/categories?post=8905"},{"taxonomy":"post_tag","embeddable":true,"href":"https:\/\/nakanarach.pl\/index.php\/wp-json\/wp\/v2\/tags?post=8905"}],"curies":[{"name":"wp","href":"https:\/\/api.w.org\/{rel}","templated":true}]}}