{"id":8972,"date":"2024-12-10T09:39:04","date_gmt":"2024-12-10T09:39:04","guid":{"rendered":"https:\/\/nakanarach.pl\/?p=8972"},"modified":"2024-12-10T12:35:30","modified_gmt":"2024-12-10T12:35:30","slug":"trzesienie-ziemi-na-teneryfie","status":"publish","type":"post","link":"https:\/\/nakanarach.pl\/index.php\/2024\/12\/10\/trzesienie-ziemi-na-teneryfie\/","title":{"rendered":"TRZ\u0118SIENIE ZIEMI NA TENERYFIE"},"content":{"rendered":"\n<p><strong>TENERYFA: Zn\u00f3w zatrz\u0119s\u0142a si\u0119 ziemia, co tym razem by\u0142o odczuwalne dla mieszka\u0144c\u00f3w kanaryjskiej wyspy. I dlatego ta sytuacja zaniepokoi\u0142a wiele os\u00f3b, kt\u00f3re \u017cyj\u0105 w pobli\u017cu wci\u0105\u017c czynnego wulkanu Teide, kt\u00f3ry ostatni raz wybuch\u0142 w 1909 roku. <\/strong><\/p>\n\n\n\n<p>Mieszka\u0144cy i tury\u015bci przebywaj\u0105cy na najch\u0119tniej odwiedzanej spo\u015br\u00f3d wszystkich wysp archipelagu (prawie 7 mln os\u00f3b rocznie) do\u015bwiadczyli niepokoj\u0105cego zjawiska. 8 grudnia o godz. 15:04 odnotowano trz\u0119sienie ziemi o magnitudzie 3,3, kt\u00f3re by\u0142o odczuwalne w kilku miejscowo\u015bciach na wyspie. Jak poinformowa\u0142 National Geographic Institute (IGN), epicentrum trz\u0119sienia ziemi znajdowa\u0142o si\u0119 w gminie Puerto de la Cruz na p\u00f3\u0142nocy Teneryfy. Ruch sejsmiczny pojawi\u0142 si\u0119 w Oceanie Atlantyckim na g\u0142\u0119boko\u015bci oko\u0142o 20 kilometr\u00f3w, gdzie znajduje si\u0119 wiele podwodnych wulkan\u00f3w, ale tym razem by\u0142 tak silny, \u017ce odczuwano go w wielu okolicznych gminach: Fasnia, G\u00fc\u00edmar, Candelaria, Los Realejos, Tacoronte, El Sauzal, La Orotava, La Matanza i La Guancha.<\/p>\n\n\n\n<p>Zdaniem sejsmolog\u00f3w nie by\u0142 to jedyny incydent sejsmiczny w ostatnim czasie na Teneryfie. Oko\u0142o 12 godzin wcze\u015bniej, w gminie Buenavista del Norte, wykryto trz\u0119sienie ziemi o magnitudzie 1,5. Ten fakt mo\u017ce sugerowa\u0107 zwi\u0119kszon\u0105 aktywno\u015b\u0107 sejsmiczn\u0105 w rejonie tej najpopularniejszej w\u015br\u00f3d turyst\u00f3w kanaryjskiej wyspy.<\/p>\n\n\n\n<p>Na razie nie ma doniesie\u0144 o powa\u017cnych zniszczeniach czy ofiarach, ale to trz\u0119sienie ziemi wzbudzi\u0142o niepok\u00f3j w\u015br\u00f3d mieszka\u0144c\u00f3w i turyst\u00f3w, bo tym razem by\u0142o bezpo\u015brednio przez nich odczuwalne. W\u0142adze lokalne monitoruj\u0105 sytuacj\u0119 i apeluj\u0105 o zachowanie spokoju, jednocze\u015bnie przypominaj\u0105c o zasadach bezpiecze\u0144stwa w przypadku wyst\u0105pienia kolejnych wstrz\u0105s\u00f3w.<\/p>\n\n\n\n<p>Dr\u017cenie o sile od 3 w skali Richtera mo\u017ce by\u0107 odczuwalne w pomieszczeniach, zw\u0142aszcza na wy\u017cszych pi\u0119trach budynk\u00f3w, ale wiele os\u00f3b nie kojarzy tego faktu z trz\u0119sieniem ziemi. Zaparkowane pojazdy mog\u0105 si\u0119 w\u00f3wczas lekko porusza\u0107. Wibracje s\u0105 takie, jak te spowodowane przejazdem ci\u0119\u017ckich pojazd\u00f3w. Dopiero od 4 stopnia wzwy\u017c w skali Richtera skutki trz\u0119sienia ziemi mog\u0105 by\u0107 bardziej odczuwalne przez ludzi powodowa\u0107 powa\u017cniejsze zniszczenia budynk\u00f3w.<\/p>\n\n\n\n<p>Trz\u0119sienie ziemi o magnitudzie 3,3 na Teneryfie pokazuje, \u017ce nawet popularne obszary &nbsp;turystyczne mog\u0105 by\u0107 nara\u017cone na wstrz\u0105sy ziemi. Warto \u015bledzi\u0107 komunikaty lokalnych w\u0142adz i by\u0107 przygotowanym na ewentualne sytuacje kryzysowe i mo\u017cliw\u0105 ewakuacj\u0119 podczas pobytu na wyspie.<\/p>\n\n\n\n<p>W ostatnim dziesi\u0119cioleciu na Wyspach Kanaryjskich pojawi\u0142o si\u0119 9 tys. wstrz\u0105s\u00f3w, z czego zaledwie ponad 50 by\u0142o bezpo\u015brednio odczuwalne przez mieszka\u0144c\u00f3w. Wyst\u0119puj\u0105 on w Oceanie Atlantyckim na du\u017cych g\u0142\u0119boko\u015bciach ok. 11-30 km, gdzie s\u0105 podwodne wulkany.<\/p>\n\n\n\n<p>W 2024 roku inny odczuwalny przez mieszka\u0144c\u00f3w wstrz\u0105s &#8211; wed\u0142ug raportu National Geographic Institute (IGN) &#8211; pojawi\u0142 si\u0119 we wrze\u015bniu na g\u0142\u0119boko\u015bci 20 kilometr\u00f3w i by\u0142 odczuwalny na wi\u0119kszo\u015bci obszaru p\u00f3\u0142nocnej Gran Canarii, osi\u0105gaj\u0105c intensywno\u015b\u0107 IV w Europejskiej Skali Makrosejsmicznej. Pojawi\u0142 si\u0119 u wybrze\u017cy p\u00f3\u0142nocnej cz\u0119\u015bci wyspy Gran Canaria, w pobli\u017cu miejscowo\u015bci Santa Mar\u00eda de Gu\u00eda, gdzie odnotowano trz\u0119sienie ziemi o magnitudzie 3,8. By\u0142o to odczuwalne, w zale\u017cno\u015bci od stopnia intensywno\u015bci jedynie w p\u00f3\u0142nocnej i wschodniej cz\u0119\u015bci wyspy. Nie obj\u0119\u0142o natomiast turystycznych kurort\u00f3w na po\u0142udniu Gran Canarii, oddalonych od epicentrum o oko\u0142o 60 km. Dr\u017cenie spowodowa\u0142o lekkie dr\u017cenie naczy\u0144, szk\u0142a, okien i drzwi, a wisz\u0105ce przedmioty lekko si\u0119 ko\u0142ysa\u0142y. W kilku przypadkach lekkie meble mog\u0142y si\u0119 widocznie potrz\u0105sn\u0105\u0107, a tak\u017ce odnotowano niewielkie skrzypienie w konstrukcjach budynk\u00f3w.<\/p>\n\n\n\n<p>National Geographic Institute (IGN) zaobserwowa\u0142 te\u017c w ci\u0105gu jednej doby seri\u0119 9 trz\u0119sie\u0144 ziemi na niewielkiej kanaryjskiej wyspie El Hierro. Naukowcy zastanawiaj\u0105 si\u0119, czy mo\u017ce to wywo\u0142a\u0107 ponowny wybuch czynnego wulkanu na tej ma\u0142ej kanaryjskiej wyspie. Najsilniejszy wstrz\u0105s mia\u0142 si\u0142\u0119 3,0 mbLg w skali Richtera i zosta\u0142 zarejestrowany 22 listopada 2024 roku na g\u0142\u0119boko\u015bci 30 kilometr\u00f3w na zach\u00f3d od gminy Frontera.<\/p>\n\n\n\n<p>Foto: Zdj\u0119cie ilustracyjne &#8211; archiwum NaKanarach.pl<\/p>\n","protected":false},"excerpt":{"rendered":"<p>TENERYFA: Zn\u00f3w zatrz\u0119s\u0142a si\u0119 ziemia, co tym razem by\u0142o odczuwalne dla mieszka\u0144c\u00f3w kanaryjskiej wyspy. I dlatego ta sytuacja zaniepokoi\u0142a wiele os\u00f3b, kt\u00f3re \u017cyj\u0105 w pobli\u017cu wci\u0105\u017c czynnego wulkanu Teide, kt\u00f3ry ostatni raz wybuch\u0142 w 1909 roku. Mieszka\u0144cy i tury\u015bci przebywaj\u0105cy na najch\u0119tniej odwiedzanej spo\u015br\u00f3d wszystkich wysp archipelagu (prawie 7 mln os\u00f3b rocznie) do\u015bwiadczyli niepokoj\u0105cego zjawiska. [&hellip;]<\/p>\n","protected":false},"author":4,"featured_media":6680,"comment_status":"closed","ping_status":"open","sticky":false,"template":"","format":"standard","meta":{"om_disable_all_campaigns":false,"_monsterinsights_skip_tracking":false,"_monsterinsights_sitenote_active":false,"_monsterinsights_sitenote_note":"","_monsterinsights_sitenote_category":0,"footnotes":""},"categories":[12],"tags":[],"class_list":["post-8972","post","type-post","status-publish","format-standard","has-post-thumbnail","hentry","category-aktualnosci"],"aioseo_notices":[],"blog_post_layout_featured_media_urls":{"thumbnail":["https:\/\/nakanarach.pl\/wp-content\/uploads\/2023\/05\/Gran-Canaria-Wulkan-z-gory-150x150.jpeg",150,150,true],"full":["https:\/\/nakanarach.pl\/wp-content\/uploads\/2023\/05\/Gran-Canaria-Wulkan-z-gory.jpeg",2048,1536,false]},"categories_names":{"12":{"name":"Aktualno\u015bci","link":"https:\/\/nakanarach.pl\/index.php\/category\/aktualnosci\/"}},"tags_names":[],"comments_number":"0","wpmagazine_modules_lite_featured_media_urls":{"thumbnail":["https:\/\/nakanarach.pl\/wp-content\/uploads\/2023\/05\/Gran-Canaria-Wulkan-z-gory-150x150.jpeg",150,150,true],"cvmm-medium":["https:\/\/nakanarach.pl\/wp-content\/uploads\/2023\/05\/Gran-Canaria-Wulkan-z-gory-300x300.jpeg",300,300,true],"cvmm-medium-plus":["https:\/\/nakanarach.pl\/wp-content\/uploads\/2023\/05\/Gran-Canaria-Wulkan-z-gory-305x207.jpeg",305,207,true],"cvmm-portrait":["https:\/\/nakanarach.pl\/wp-content\/uploads\/2023\/05\/Gran-Canaria-Wulkan-z-gory-400x600.jpeg",400,600,true],"cvmm-medium-square":["https:\/\/nakanarach.pl\/wp-content\/uploads\/2023\/05\/Gran-Canaria-Wulkan-z-gory-600x600.jpeg",600,600,true],"cvmm-large":["https:\/\/nakanarach.pl\/wp-content\/uploads\/2023\/05\/Gran-Canaria-Wulkan-z-gory-1024x1024.jpeg",1024,1024,true],"cvmm-small":["https:\/\/nakanarach.pl\/wp-content\/uploads\/2023\/05\/Gran-Canaria-Wulkan-z-gory-130x95.jpeg",130,95,true],"full":["https:\/\/nakanarach.pl\/wp-content\/uploads\/2023\/05\/Gran-Canaria-Wulkan-z-gory.jpeg",2048,1536,false]},"_links":{"self":[{"href":"https:\/\/nakanarach.pl\/index.php\/wp-json\/wp\/v2\/posts\/8972","targetHints":{"allow":["GET"]}}],"collection":[{"href":"https:\/\/nakanarach.pl\/index.php\/wp-json\/wp\/v2\/posts"}],"about":[{"href":"https:\/\/nakanarach.pl\/index.php\/wp-json\/wp\/v2\/types\/post"}],"author":[{"embeddable":true,"href":"https:\/\/nakanarach.pl\/index.php\/wp-json\/wp\/v2\/users\/4"}],"replies":[{"embeddable":true,"href":"https:\/\/nakanarach.pl\/index.php\/wp-json\/wp\/v2\/comments?post=8972"}],"version-history":[{"count":2,"href":"https:\/\/nakanarach.pl\/index.php\/wp-json\/wp\/v2\/posts\/8972\/revisions"}],"predecessor-version":[{"id":8983,"href":"https:\/\/nakanarach.pl\/index.php\/wp-json\/wp\/v2\/posts\/8972\/revisions\/8983"}],"wp:featuredmedia":[{"embeddable":true,"href":"https:\/\/nakanarach.pl\/index.php\/wp-json\/wp\/v2\/media\/6680"}],"wp:attachment":[{"href":"https:\/\/nakanarach.pl\/index.php\/wp-json\/wp\/v2\/media?parent=8972"}],"wp:term":[{"taxonomy":"category","embeddable":true,"href":"https:\/\/nakanarach.pl\/index.php\/wp-json\/wp\/v2\/categories?post=8972"},{"taxonomy":"post_tag","embeddable":true,"href":"https:\/\/nakanarach.pl\/index.php\/wp-json\/wp\/v2\/tags?post=8972"}],"curies":[{"name":"wp","href":"https:\/\/api.w.org\/{rel}","templated":true}]}}