{"id":9002,"date":"2024-12-24T07:39:41","date_gmt":"2024-12-24T07:39:41","guid":{"rendered":"https:\/\/nakanarach.pl\/?p=9002"},"modified":"2024-12-23T15:20:06","modified_gmt":"2024-12-23T15:20:06","slug":"najlepsze-dekoracje-swiateczne-w-hiszpanii","status":"publish","type":"post","link":"https:\/\/nakanarach.pl\/index.php\/2024\/12\/24\/najlepsze-dekoracje-swiateczne-w-hiszpanii\/","title":{"rendered":"NAJLEPSZE DEKORACJE \u015aWI\u0104TECZNE W HISZPANII"},"content":{"rendered":"\n<p><strong>HISZPANIA\/WYSPY KANARYJSKIE: W grudniu wybrano najlepiej udekorowane miasta w ca\u0142ej Hiszpanii. W rankingu znalaz\u0142a si\u0119 tak\u017ce jedna miejscowo\u015b\u0107 z Wysp Kanaryjskich, kt\u00f3rych mieszka\u0144cy uwielbiaj\u0105 czu\u0107 \u015bwi\u0105teczn\u0105 atmosfer\u0119, ale w tym katolickim kraju obyczaje s\u0105 nieco inne ni\u017c w Polsce. <\/strong><\/p>\n\n\n\n<p>Specjalistyczny portal Casasrurales.net umie\u015bci\u0142 Telde ze \u015brodkowej Gran Canarii jako jedno z hiszpa\u0144skich miast o\u00a0najbardziej rozwini\u0119tej\u00a0dekoracji bo\u017conarodzeniowej, umieszczaj\u0105c je na swojej li\u015bcie po charakterystycznych miejscowo\u015bciach: Quijano de Pi\u00e9lagos (Kantabria) &#8211; na zdj\u0119ciach poni\u017cej, Ponferrada (Le\u00f3n), Puebla de Sanabria (Zamora) i Vitoria-Gasteiz (Kraj Bask\u00f3w).<\/p>\n\n\n\n<figure class=\"wp-block-gallery has-nested-images columns-default is-cropped wp-block-gallery-1 is-layout-flex wp-block-gallery-is-layout-flex\">\n<figure class=\"wp-block-image size-large\"><img fetchpriority=\"high\" decoding=\"async\" width=\"1024\" height=\"760\" data-id=\"9053\" src=\"https:\/\/nakanarach.pl\/wp-content\/uploads\/2024\/12\/Swieta1-1024x760.jpg\" alt=\"\" class=\"wp-image-9053\" srcset=\"https:\/\/nakanarach.pl\/wp-content\/uploads\/2024\/12\/Swieta1-1024x760.jpg 1024w, https:\/\/nakanarach.pl\/wp-content\/uploads\/2024\/12\/Swieta1-300x223.jpg 300w, https:\/\/nakanarach.pl\/wp-content\/uploads\/2024\/12\/Swieta1-768x570.jpg 768w, https:\/\/nakanarach.pl\/wp-content\/uploads\/2024\/12\/Swieta1-130x95.jpg 130w, https:\/\/nakanarach.pl\/wp-content\/uploads\/2024\/12\/Swieta1-136x102.jpg 136w, https:\/\/nakanarach.pl\/wp-content\/uploads\/2024\/12\/Swieta1.jpg 1078w\" sizes=\"(max-width: 1024px) 100vw, 1024px\" \/><figcaption class=\"wp-element-caption\"><em><strong>Facebook\/Lugares del Mundo<\/strong><\/em><\/figcaption><\/figure>\n\n\n\n<figure class=\"wp-block-image size-large\"><img decoding=\"async\" width=\"1024\" height=\"634\" data-id=\"9055\" src=\"https:\/\/nakanarach.pl\/wp-content\/uploads\/2024\/12\/Swieta2-1024x634.jpg\" alt=\"\" class=\"wp-image-9055\" srcset=\"https:\/\/nakanarach.pl\/wp-content\/uploads\/2024\/12\/Swieta2-1024x634.jpg 1024w, https:\/\/nakanarach.pl\/wp-content\/uploads\/2024\/12\/Swieta2-300x186.jpg 300w, https:\/\/nakanarach.pl\/wp-content\/uploads\/2024\/12\/Swieta2-768x476.jpg 768w, https:\/\/nakanarach.pl\/wp-content\/uploads\/2024\/12\/Swieta2.jpg 1080w\" sizes=\"(max-width: 1024px) 100vw, 1024px\" \/><figcaption class=\"wp-element-caption\"><em><strong>Facebook\/Lugares del Mundo<\/strong><\/em><\/figcaption><\/figure>\n\n\n\n<figure class=\"wp-block-image size-large\"><img decoding=\"async\" width=\"1024\" height=\"576\" data-id=\"9054\" src=\"https:\/\/nakanarach.pl\/wp-content\/uploads\/2024\/12\/Swieta3-1024x576.jpg\" alt=\"\" class=\"wp-image-9054\" srcset=\"https:\/\/nakanarach.pl\/wp-content\/uploads\/2024\/12\/Swieta3-1024x576.jpg 1024w, https:\/\/nakanarach.pl\/wp-content\/uploads\/2024\/12\/Swieta3-300x169.jpg 300w, https:\/\/nakanarach.pl\/wp-content\/uploads\/2024\/12\/Swieta3-768x432.jpg 768w, https:\/\/nakanarach.pl\/wp-content\/uploads\/2024\/12\/Swieta3.jpg 1080w\" sizes=\"(max-width: 1024px) 100vw, 1024px\" \/><figcaption class=\"wp-element-caption\"><em><strong>Facebook\/Lugares del Mundo<\/strong><\/em><\/figcaption><\/figure>\n<\/figure>\n\n\n\n<p>Park Arnao<strong>&nbsp;<\/strong>z Telde znajduje si\u0119 w magicznym ogrodzie bo\u017conarodzeniowym, w kt\u00f3rym s\u0105 neony, \u015bwietliste figury 3D, kt\u00f3re nie tylko upi\u0119kszaj\u0105, ale tak\u017ce s\u0105 podnosz\u0105 wra\u017cenia wizualne.<\/p>\n\n\n\n<p>Ale ze \u015bwi\u0119tami nieprzerwanie kojarzy si\u0119 te\u017c organizowana od 1812 roku loteria narodowa &#8222;El Gordo&#8221; (t\u0142um. z hiszp. T\u0142u\u015bcioch), gdzie do wygrania w tym roku by\u0142o 2 miliardy 700 milion\u00f3w euro. G\u0142\u00f3wna nagroda w losowaniu, kt\u00f3re odby\u0142o si\u0119 tradycyjnie 22 grudnia wynios\u0142a 4 mln euro (ponad 16 mln z\u0142). Jest to mniej ni\u017c g\u0142\u00f3wna wygrana w Polsce w 2017 r. \u2013 36 mln z\u0142 w miejscowo\u015bci Skrzysz\u00f3w, ale r\u00f3\u017cnica jest taka, \u017ce kochaj\u0105cy muzyk\u0119 i taniec Hiszpanie traktuj\u0105 to jako kolejn\u0105 okazj\u0119 do \u015bwi\u0119towania i zabawy. Poza tym s\u0105 tu wy\u017csze szanse, \u017ce wi\u0119cej os\u00f3b b\u0119dzie posiadaczami szcz\u0119\u015bliwych kupon\u00f3w i wysokich wygranych ni\u017c w naszym kraju. W El Gordo szansa na wygran\u0105 jest 1 na 100 tys. mieszka\u0144c\u00f3w, a w Lotto 1 na 13 milion\u00f3w os\u00f3b. <\/p>\n\n\n\n<p>W ka\u017cdym losowaniu s\u0105 dost\u0119pne \u015brednio 172 miliony kupon\u00f3w. Im wi\u0119cej si\u0119 ich kupi, tym wy\u017csza mo\u017ce by\u0107 potencjalna wygrana. Losy mo\u017cna kupi\u0107 u sprzedawc\u00f3w przed sklepami, w kolekturach loterii, w niekt\u00f3rych samolotach podr\u00f3\u017cuj\u0105cych do Hiszpanii, a nawet przy ulicy, nie wysiadaj\u0105c z samochodu. Ka\u017cdy kupon na Loter\u00eda de Navidad ma dziesi\u0119\u0107 udzia\u0142\u00f3w. Oznacza to, \u017ce do kupienia b\u0119dzie dziesi\u0119\u0107 bilet\u00f3w o tym samym numerze. B\u0119d\u0105 jednak mia\u0142y r\u00f3\u017cne \u201eudzia\u0142y\u201d.<\/p>\n\n\n\n<figure class=\"wp-block-image size-large\"><img loading=\"lazy\" decoding=\"async\" width=\"1024\" height=\"576\" src=\"http:\/\/nakanarach.pl\/wp-content\/uploads\/2023\/12\/Loteria1-1024x576.jpg\" alt=\"\" class=\"wp-image-7700\" srcset=\"https:\/\/nakanarach.pl\/wp-content\/uploads\/2023\/12\/Loteria1-1024x576.jpg 1024w, https:\/\/nakanarach.pl\/wp-content\/uploads\/2023\/12\/Loteria1-300x169.jpg 300w, https:\/\/nakanarach.pl\/wp-content\/uploads\/2023\/12\/Loteria1-768x432.jpg 768w, https:\/\/nakanarach.pl\/wp-content\/uploads\/2023\/12\/Loteria1-1536x864.jpg 1536w, https:\/\/nakanarach.pl\/wp-content\/uploads\/2023\/12\/Loteria1-2048x1152.jpg 2048w\" sizes=\"(max-width: 1024px) 100vw, 1024px\" \/><\/figure>\n\n\n\n<p>Jeden kupon loterii El Gordo kosztuje ok. 200 \u20ac.&nbsp;Na ka\u017cdym z nich znajduje si\u0119 dziesi\u0119\u0107 pi\u0119ciocyfrowych numer\u00f3w, dlatego trzeba drukowa\u0107 ka\u017cdy kupon w kilku seriach. Nast\u0119pnie pi\u0119ciocyfrowy numer drukuje si\u0119 na ka\u017cdym kuponie i na jego p\u00f3\u017aniejszych seriach (w tym roku ma by\u0107 185 serii). Z powodu wysokiego kosztu pojedynczego kuponu, sprzedawane s\u0105 r\u00f3wnie\u017c tak zwane&nbsp;<em>d\u00e9cimos<\/em>, czyli jeden numer z kuponu za<strong>&nbsp;<\/strong>20&nbsp;\u20ac<strong>.<\/strong>&nbsp;Je\u017celi jego posiadacz oka\u017ce si\u0119 zwyci\u0119zc\u0105 dostanie 10%&nbsp;nagrody.<\/p>\n\n\n\n<p>Wed\u0142ug wylicze\u0144 statystycznie ka\u017cdy z ponad 2 milion\u00f3w mieszka\u0144c\u00f3w Wysp Kanaryjskich na zakup los\u00f3w wydaje \u015brednio po 50 euro.<\/p>\n\n\n\n<p>Tymczasem w Wigili\u0119 na Wyspach Kanaryjskich mo\u017cna spotka\u0107 w ci\u0105gu dnia ludzi w czapkach lub strojach Miko\u0142aja na pla\u017cy. Tutaj nadal jest ciep\u0142o i mo\u017cna si\u0119 z powodzeniem opala\u0107 i k\u0105pa\u0107 w Oceanie Atlantyckim, gdzie woda ma temperatur\u0119 ok. 20 stopni Celsjusza. Dla por\u00f3wnania latem polski Ba\u0142tyk ma \u015brednio 18 stopni Celsjusza.<\/p>\n\n\n\n<figure class=\"wp-block-gallery has-nested-images columns-default is-cropped wp-block-gallery-2 is-layout-flex wp-block-gallery-is-layout-flex\">\n<figure class=\"wp-block-image size-large\"><img loading=\"lazy\" decoding=\"async\" width=\"1024\" height=\"576\" data-id=\"3517\" src=\"https:\/\/nakanarach.pl\/wp-content\/uploads\/2021\/12\/Plaza-Swieta-Mikolaje-1024x576.jpg\" alt=\"\" class=\"wp-image-3517\" srcset=\"https:\/\/nakanarach.pl\/wp-content\/uploads\/2021\/12\/Plaza-Swieta-Mikolaje-1024x576.jpg 1024w, https:\/\/nakanarach.pl\/wp-content\/uploads\/2021\/12\/Plaza-Swieta-Mikolaje-300x169.jpg 300w, https:\/\/nakanarach.pl\/wp-content\/uploads\/2021\/12\/Plaza-Swieta-Mikolaje-768x432.jpg 768w, https:\/\/nakanarach.pl\/wp-content\/uploads\/2021\/12\/Plaza-Swieta-Mikolaje-1536x864.jpg 1536w, https:\/\/nakanarach.pl\/wp-content\/uploads\/2021\/12\/Plaza-Swieta-Mikolaje-2048x1152.jpg 2048w\" sizes=\"(max-width: 1024px) 100vw, 1024px\" \/><\/figure>\n<\/figure>\n\n\n\n<p>Na Wyspach Kanaryjskich pierwsza gwiazdka pojawia si\u0119 dopiero ok. godz. 18:30 czasu lokalnego, czyli 19:30 czasu polskiego. <\/p>\n\n\n\n<p>W Wigili\u0119, znan\u0105 jako&nbsp;<em>Nochebuena<\/em>&nbsp;(t\u0142um. Noc Dobra) rodzinne \u015bwi\u0119towanie w kanaryjskich domach rozpoczyna si\u0119 dopiero p\u00f3\u017anym wieczorem od uroczystej kolacji. Nie serwuje si\u0119 tu \u2013 jak w Polsce -12 potraw. Dla wielu Hiszpan\u00f3w to normalny dzie\u0144 pracy, a niekt\u00f3re sklepy s\u0105 czynne do wieczora. W tym kraju bardziej celebrowany jest nast\u0119pny dzie\u0144, czyli Bo\u017ce Narodzenie i to jest jedyny \u015bwi\u0105teczny dzie\u0144 wolny w tym kraju. Nie poszcz\u0105 oni w Wigili\u0119 i normalnie jedz\u0105 mi\u0119so. Podczas wieczerzy wigilijnej czy \u015bwi\u0105tecznego obiadu w Hiszpanii, a tak\u017ce na Wyspach Kanaryjskich oddalonych od P\u00f3\u0142wyspu Iberyjskiego o prawie 1,5 tys. km jedn\u0105 z g\u0142\u00f3wnych potraw jest pieczone prosie lub kr\u00f3lik w sosie&nbsp;<em>salmorejo<\/em>&nbsp;oraz indyk lub jagni\u0119cina. A jak na kanaryjsk\u0105 kuchni\u0119 przysta\u0142o podawany jest z ma\u0142ymi ziemniakami&nbsp;<em>(papas arrugadas)<\/em>.&nbsp; Na \u015bwi\u0105tecznym stole znajdziemy te\u017c w\u0119dliny, sery, krewetki i inne owoce morza.&nbsp;Rol\u0119 op\u0142atka pe\u0142ni tzw. turron, czyli mieszanka nugatu, sk\u0142adaj\u0105ca si\u0119 mi\u0119dzy innymi z miodu, orzech\u00f3w i migda\u0142\u00f3w.<\/p>\n\n\n\n<p>Dzieci dostaj\u0105 prezenty dopiero 6 stycznia. Dzie\u0144 wcze\u015bniej na ulicach mo\u017cna spotka\u0107 osoby przebrane za Trzech Kr\u00f3li, je\u017cd\u017c\u0105cych samochodem i rozdaj\u0105cych np. cukierki. Organizowane s\u0105 te\u017c barwne korowody. W Hiszpanii nie obchodzi si\u0119 Miko\u0142ajek 6 grudnia. &nbsp;&nbsp;&nbsp;&nbsp;<\/p>\n\n\n\n<p>Tutaj bardziej popularna ni\u017c przystrojona kolorowymi bombkami, \u0142a\u0144cuchami i lampkami choinka jest Szopka Betlejemska<strong>.<\/strong>&nbsp;W niej najbardziej popularn\u0105 postaci\u0105 jest s\u0142ynny \u201eEl Caganer\u201d. Wikipedia pisze, \u017ce \u201ezwykle ukryta jest w k\u0105cie, za krzakiem, gdzie si\u0119 wypr\u00f3\u017cnia. Powszechnie uwa\u017ca si\u0119, \u017ce El Caganer swoimi odchodami u\u017cy\u017ania ziemi\u0119, dlatego jest uwa\u017cany za symbol dobrobytu i powodzenia na nast\u0119pny rok. Ta tradycja jest w pe\u0142ni akceptowana przez Ko\u015bci\u00f3\u0142. Umieszczenie tej postaci w szopce ma przynosi\u0107 szcz\u0119\u015bcie i rado\u015b\u0107, niezastosowanie si\u0119 do tradycji poci\u0105ga za sob\u0105 nieszcz\u0119\u015bcie.\u201d&nbsp;<\/p>\n\n\n\n<p>Foto: Facebook\/Ayuntamiento de Telde, <a href=\"https:\/\/www.facebook.com\/groups\/lugaresycuriosidadesdelmundo\/\">Lugares del Mundo<\/a>, archiwum NaKanarach.pl<\/p>\n","protected":false},"excerpt":{"rendered":"<p>HISZPANIA\/WYSPY KANARYJSKIE: W grudniu wybrano najlepiej udekorowane miasta w ca\u0142ej Hiszpanii. W rankingu znalaz\u0142a si\u0119 tak\u017ce jedna miejscowo\u015b\u0107 z Wysp Kanaryjskich, kt\u00f3rych mieszka\u0144cy uwielbiaj\u0105 czu\u0107 \u015bwi\u0105teczn\u0105 atmosfer\u0119, ale w tym katolickim kraju obyczaje s\u0105 nieco inne ni\u017c w Polsce. Specjalistyczny portal Casasrurales.net umie\u015bci\u0142 Telde ze \u015brodkowej Gran Canarii jako jedno z hiszpa\u0144skich miast o\u00a0najbardziej rozwini\u0119tej\u00a0dekoracji [&hellip;]<\/p>\n","protected":false},"author":4,"featured_media":9052,"comment_status":"closed","ping_status":"open","sticky":false,"template":"","format":"standard","meta":{"om_disable_all_campaigns":false,"_monsterinsights_skip_tracking":false,"_monsterinsights_sitenote_active":false,"_monsterinsights_sitenote_note":"","_monsterinsights_sitenote_category":0,"footnotes":""},"categories":[12],"tags":[],"class_list":["post-9002","post","type-post","status-publish","format-standard","has-post-thumbnail","hentry","category-aktualnosci"],"aioseo_notices":[],"blog_post_layout_featured_media_urls":{"thumbnail":["https:\/\/nakanarach.pl\/wp-content\/uploads\/2024\/12\/Telde-swieta-150x150.jpg",150,150,true],"full":["https:\/\/nakanarach.pl\/wp-content\/uploads\/2024\/12\/Telde-swieta.jpg",2048,1536,false]},"categories_names":{"12":{"name":"Aktualno\u015bci","link":"https:\/\/nakanarach.pl\/index.php\/category\/aktualnosci\/"}},"tags_names":[],"comments_number":"0","wpmagazine_modules_lite_featured_media_urls":{"thumbnail":["https:\/\/nakanarach.pl\/wp-content\/uploads\/2024\/12\/Telde-swieta-150x150.jpg",150,150,true],"cvmm-medium":["https:\/\/nakanarach.pl\/wp-content\/uploads\/2024\/12\/Telde-swieta-300x300.jpg",300,300,true],"cvmm-medium-plus":["https:\/\/nakanarach.pl\/wp-content\/uploads\/2024\/12\/Telde-swieta-305x207.jpg",305,207,true],"cvmm-portrait":["https:\/\/nakanarach.pl\/wp-content\/uploads\/2024\/12\/Telde-swieta-400x600.jpg",400,600,true],"cvmm-medium-square":["https:\/\/nakanarach.pl\/wp-content\/uploads\/2024\/12\/Telde-swieta-600x600.jpg",600,600,true],"cvmm-large":["https:\/\/nakanarach.pl\/wp-content\/uploads\/2024\/12\/Telde-swieta-1024x1024.jpg",1024,1024,true],"cvmm-small":["https:\/\/nakanarach.pl\/wp-content\/uploads\/2024\/12\/Telde-swieta-130x95.jpg",130,95,true],"full":["https:\/\/nakanarach.pl\/wp-content\/uploads\/2024\/12\/Telde-swieta.jpg",2048,1536,false]},"_links":{"self":[{"href":"https:\/\/nakanarach.pl\/index.php\/wp-json\/wp\/v2\/posts\/9002","targetHints":{"allow":["GET"]}}],"collection":[{"href":"https:\/\/nakanarach.pl\/index.php\/wp-json\/wp\/v2\/posts"}],"about":[{"href":"https:\/\/nakanarach.pl\/index.php\/wp-json\/wp\/v2\/types\/post"}],"author":[{"embeddable":true,"href":"https:\/\/nakanarach.pl\/index.php\/wp-json\/wp\/v2\/users\/4"}],"replies":[{"embeddable":true,"href":"https:\/\/nakanarach.pl\/index.php\/wp-json\/wp\/v2\/comments?post=9002"}],"version-history":[{"count":6,"href":"https:\/\/nakanarach.pl\/index.php\/wp-json\/wp\/v2\/posts\/9002\/revisions"}],"predecessor-version":[{"id":9063,"href":"https:\/\/nakanarach.pl\/index.php\/wp-json\/wp\/v2\/posts\/9002\/revisions\/9063"}],"wp:featuredmedia":[{"embeddable":true,"href":"https:\/\/nakanarach.pl\/index.php\/wp-json\/wp\/v2\/media\/9052"}],"wp:attachment":[{"href":"https:\/\/nakanarach.pl\/index.php\/wp-json\/wp\/v2\/media?parent=9002"}],"wp:term":[{"taxonomy":"category","embeddable":true,"href":"https:\/\/nakanarach.pl\/index.php\/wp-json\/wp\/v2\/categories?post=9002"},{"taxonomy":"post_tag","embeddable":true,"href":"https:\/\/nakanarach.pl\/index.php\/wp-json\/wp\/v2\/tags?post=9002"}],"curies":[{"name":"wp","href":"https:\/\/api.w.org\/{rel}","templated":true}]}}