{"id":9034,"date":"2024-12-20T11:03:56","date_gmt":"2024-12-20T11:03:56","guid":{"rendered":"https:\/\/nakanarach.pl\/?p=9034"},"modified":"2025-01-23T05:49:15","modified_gmt":"2025-01-23T05:49:15","slug":"rekordowy-naplyw-imigrantow-trwa","status":"publish","type":"post","link":"https:\/\/nakanarach.pl\/index.php\/2024\/12\/20\/rekordowy-naplyw-imigrantow-trwa\/","title":{"rendered":"REKORDOWY NAP\u0141YW IMIGRANT\u00d3W TRWA"},"content":{"rendered":"\n<p><strong>WYSPY KANARYJSKIE: Cho\u0107 nie zako\u0144czy\u0142 si\u0119 jeszcze rok 2024 to ju\u017c wiadomo, \u017ce pad\u0142 kolejny rekord w liczbie imigrant\u00f3w, kt\u00f3rzy przyp\u0142ywaj\u0105 z Afryki na Wyspy Kanaryjskie. Tylko w ci\u0105gu doby uratowano na Oceanie Atlantyckim ponad p\u00f3\u0142 tysi\u0105ca os\u00f3b. A w\u0142adze archipelagu wci\u0105\u017c nie potrafi\u0105 rozwi\u0105za\u0107 problemu, dlatego w przysz\u0142orocznym bud\u017cecie rz\u0105d centralny Hiszpanii postanowi\u0142 da\u0107 pieni\u0105dze na budow\u0119 kolejnych o\u015brodk\u00f3w i dofinansowa\u0107 ju\u017c istniej\u0105ce. <\/strong><\/p>\n\n\n\n<p>Mi\u0119dzy 1 stycznia a 30 listopada tego roku na Wyspy Kanaryjskie przyby\u0142o 41425 imigrant\u00f3w &#8211; wynika z danych Ministerstwa Spraw Wewn\u0119trznych Hiszpanii. Do po\u0142owy grudnia 2024 roku ta liczba przekroczy\u0142a ju\u017c 42 tys. os\u00f3b z Afryki. Dla por\u00f3wnania w 2023 roku na Kanary przyby\u0142o 39910 os\u00f3b. W\u0142adze rz\u0105du autonomicznego obawiaj\u0105 si\u0119, \u017ce ta liczba mo\u017ce w tym roku si\u0119gn\u0105\u0107 nawet 50 tys. przybysz\u00f3w z Afryki. <\/p>\n\n\n\n<p>Sytuacja sta\u0142a si\u0119 wr\u0119cz dramatyczna, bo o\u015brodki tymczasowej opieki dla cudzoziemc\u00f3w s\u0105 przepe\u0142nione. Pocz\u0105tkowo imigranci byli lokowani w specjalnie instalowanych namiotach, jednak nie mogli tam przebywa\u0107 d\u0142ugo ze wzgl\u0119du na ekstremalne upa\u0142y, kt\u00f3re nawet teraz, w grudniu si\u0119gaj\u0105 prawie 32 stopnie w cieniu.<\/p>\n\n\n\n<p>Na Teneryfie setki imigrant\u00f3w nocuje w gara\u017cu komisariatu policji w turystycznym kurorcie Playa de Las Americas oraz na molo w porcie Los Cristianos ze wzgl\u0119du na brak miejsc w o\u015brodku dla cudzoziemc\u00f3w. <\/p>\n\n\n\n<p>Na zdj\u0119ciu opublikowanym przez gazet\u0119 &#8222;El Pais&#8221; wida\u0107 ok. setki imigrant\u00f3w le\u017c\u0105cych blisko siebie na matach. Wcze\u015bniej lokowano ludzi w magazynach.<\/p>\n\n\n\n<p>19 grudnia, czyli zaledwie w ci\u0105gu 24 godzin ratownictwo morskie uratowa\u0142o\u00a0\u0142\u0105cznie\u00a0a\u017c 578 imigrant\u00f3w z\u00a0dziewi\u0119ciu ponton\u00f3w i kajak\u00f3w\u00a0na\u00a0Lanzarote, Gran Canarii i El Hierro\u00a0podczas nowego dramatycznego dnia na niebezpiecznym, ze wzgl\u0119du na silne pr\u0105dy morskie Szlaku Kanaryjskim, gdzie niedawno wrak statku poch\u0142on\u0105\u0142 \u017cycie 8 os\u00f3b, kt\u00f3re z Afryki pr\u00f3bowa\u0142y dosta\u0107 si\u0119 na Kanary.<\/p>\n\n\n\n<p>Wed\u0142ug najnowszych danych, opublikowanych w tym roku przez unijn\u0105 agencj\u0119 ochrony granic Frontex, trzy narodowo\u015bci, z kt\u00f3rych najliczniej przybywaj\u0105 na Wyspy Kanaryjskie migranci to Mali, Senegal i Maroko. Aby odwr\u00f3ci\u0107 t\u0119 tendencj\u0119, w\u0142adze Hiszpanii zwr\u00f3ci\u0142y si\u0119 do Frontexu z pro\u015bb\u0105 o wznowienie wzmo\u017conych operacji nadzoru powietrznego i morskiego, kt\u00f3ra zako\u0144czy\u0142a si\u0119 w 2018 r. w Mauretanii, Senegalu i Gambii.<\/p>\n\n\n\n<p>Tymczasem jesieni\u0105 2024 roku rz\u0105d centralny Hiszpanii zatwierdzi\u0142 fundusze na t\u0119 inwestycj\u0119 w trybie nadzwyczajnym, co zdaniem wielu mieszka\u0144c\u00f3w nie rozwi\u0105\u017ce rekordowego nap\u0142ywu imigrant\u00f3w. Wiadomo ju\u017c, \u017ce o\u015brodki opieki tymczasowej dla cudzoziemc\u00f3w\u00a0(CATE) na\u00a0Fuerteventurze b\u0119d\u0105 mie\u0107 600 miejsc, a w turystycznym popularnym kurorcie Adeje na po\u0142udniu Teneryfy b\u0119dzie 350 miejsc.<\/p>\n\n\n\n<p>Adeje&nbsp;CATE&nbsp;b\u0119dzie sk\u0142ada\u0107 si\u0119 z&nbsp;obiektu modu\u0142owego, kt\u00f3ry b\u0119dzie zlokalizowany na terenie Ministerstwa&nbsp;Spraw Wewn\u0119trznych.<\/p>\n\n\n\n<p>Ponadto, dzi\u0119ki zatwierdzonej pozycji bud\u017cetowej, us\u0142ugi i dostawy do rozbudowy ju\u017c istniej\u0105cych o\u015brodk\u00f3w na Lanzarote, El Hierro i Gran Canarii, kt\u00f3re&nbsp;zostan\u0105 wzmocnione, ulepszone i rozszerzone, tak aby m\u00f3c&nbsp;pomaga\u0107 i s\u0142u\u017cy\u0107&nbsp;wszystkim ludziom przybywaj\u0105cym na Wyspy Kanaryjskie.<\/p>\n\n\n\n<p>Obecno\u015b\u0107 tak du\u017cej liczby imigrant\u00f3w nie podoba si\u0119 to tak\u017ce mieszka\u0144com Wysp Kanaryjskich, kt\u00f3rzy 26 pa\u017adziernika 2024 roku protestowali przeciwko ich nadmiernemu nap\u0142ywowi. W demonstracji w Santa Cruz de Tenerife uczestniczy\u0142o tysi\u0105c os\u00f3b, a w stolicy Gran Canarii 1500. <strong>ZOBACZ VIDEO: <\/strong><\/p>\n\n\n\n<figure class=\"wp-block-embed is-type-video is-provider-youtube wp-block-embed-youtube wp-embed-aspect-16-9 wp-has-aspect-ratio\"><div class=\"wp-block-embed__wrapper\">\n<iframe title=\"Manifestaci\u00f3n en CANARIAS &quot;INMIGRACION ILEGAL&quot; 27 OCTUBRE\" width=\"640\" height=\"360\" src=\"https:\/\/www.youtube.com\/embed\/hunKYtLhdZ8?feature=oembed\" frameborder=\"0\" allow=\"accelerometer; autoplay; clipboard-write; encrypted-media; gyroscope; picture-in-picture; web-share\" referrerpolicy=\"strict-origin-when-cross-origin\" allowfullscreen><\/iframe>\n<\/div><\/figure>\n\n\n\n<p>W stolicy Teneryfy &#8211; Santa Cruz de Tenerife, kanaryjski influencer Rudy Ruym\u00e1n podkre\u015bli\u0142 rosn\u0105cy strach w\u015br\u00f3d Kanaryjczyk\u00f3w, wspominaj\u0105c o strachu, kt\u00f3ry wielu odczuwa wychodz\u0105c na ulice. \u201eJe\u015bli dzi\u015b si\u0119 boimy, to co b\u0119dzie za dwadzie\u015bcia lat\u201d \u2013 zapyta\u0142. Wed\u0142ug niego rosn\u0105ca obecno\u015b\u0107 imigrant\u00f3w na ulicach generuje niepewno\u015b\u0107 w\u015br\u00f3d miejscowej ludno\u015bci.\u00a0<\/p>\n\n\n\n<p>Fot. Zdj\u0119cie ilustracyjne Salvamento Maritimo<\/p>\n","protected":false},"excerpt":{"rendered":"<p>WYSPY KANARYJSKIE: Cho\u0107 nie zako\u0144czy\u0142 si\u0119 jeszcze rok 2024 to ju\u017c wiadomo, \u017ce pad\u0142 kolejny rekord w liczbie imigrant\u00f3w, kt\u00f3rzy przyp\u0142ywaj\u0105 z Afryki na Wyspy Kanaryjskie. Tylko w ci\u0105gu doby uratowano na Oceanie Atlantyckim ponad p\u00f3\u0142 tysi\u0105ca os\u00f3b. A w\u0142adze archipelagu wci\u0105\u017c nie potrafi\u0105 rozwi\u0105za\u0107 problemu, dlatego w przysz\u0142orocznym bud\u017cecie rz\u0105d centralny Hiszpanii postanowi\u0142 da\u0107 [&hellip;]<\/p>\n","protected":false},"author":4,"featured_media":3702,"comment_status":"closed","ping_status":"open","sticky":false,"template":"","format":"standard","meta":{"om_disable_all_campaigns":false,"_monsterinsights_skip_tracking":false,"_monsterinsights_sitenote_active":false,"_monsterinsights_sitenote_note":"","_monsterinsights_sitenote_category":0,"footnotes":""},"categories":[12],"tags":[],"class_list":["post-9034","post","type-post","status-publish","format-standard","has-post-thumbnail","hentry","category-aktualnosci"],"aioseo_notices":[],"blog_post_layout_featured_media_urls":{"thumbnail":["https:\/\/nakanarach.pl\/wp-content\/uploads\/2022\/01\/Imigranci-na-lodzi-FB-Salvamento-Maritimo-150x150.jpg",150,150,true],"full":["https:\/\/nakanarach.pl\/wp-content\/uploads\/2022\/01\/Imigranci-na-lodzi-FB-Salvamento-Maritimo.jpg",600,450,false]},"categories_names":{"12":{"name":"Aktualno\u015bci","link":"https:\/\/nakanarach.pl\/index.php\/category\/aktualnosci\/"}},"tags_names":[],"comments_number":"0","wpmagazine_modules_lite_featured_media_urls":{"thumbnail":["https:\/\/nakanarach.pl\/wp-content\/uploads\/2022\/01\/Imigranci-na-lodzi-FB-Salvamento-Maritimo-150x150.jpg",150,150,true],"cvmm-medium":["https:\/\/nakanarach.pl\/wp-content\/uploads\/2022\/01\/Imigranci-na-lodzi-FB-Salvamento-Maritimo-300x300.jpg",300,300,true],"cvmm-medium-plus":["https:\/\/nakanarach.pl\/wp-content\/uploads\/2022\/01\/Imigranci-na-lodzi-FB-Salvamento-Maritimo-305x207.jpg",305,207,true],"cvmm-portrait":["https:\/\/nakanarach.pl\/wp-content\/uploads\/2022\/01\/Imigranci-na-lodzi-FB-Salvamento-Maritimo-400x450.jpg",400,450,true],"cvmm-medium-square":["https:\/\/nakanarach.pl\/wp-content\/uploads\/2022\/01\/Imigranci-na-lodzi-FB-Salvamento-Maritimo.jpg",600,450,false],"cvmm-large":["https:\/\/nakanarach.pl\/wp-content\/uploads\/2022\/01\/Imigranci-na-lodzi-FB-Salvamento-Maritimo.jpg",600,450,false],"cvmm-small":["https:\/\/nakanarach.pl\/wp-content\/uploads\/2022\/01\/Imigranci-na-lodzi-FB-Salvamento-Maritimo-130x95.jpg",130,95,true],"full":["https:\/\/nakanarach.pl\/wp-content\/uploads\/2022\/01\/Imigranci-na-lodzi-FB-Salvamento-Maritimo.jpg",600,450,false]},"_links":{"self":[{"href":"https:\/\/nakanarach.pl\/index.php\/wp-json\/wp\/v2\/posts\/9034","targetHints":{"allow":["GET"]}}],"collection":[{"href":"https:\/\/nakanarach.pl\/index.php\/wp-json\/wp\/v2\/posts"}],"about":[{"href":"https:\/\/nakanarach.pl\/index.php\/wp-json\/wp\/v2\/types\/post"}],"author":[{"embeddable":true,"href":"https:\/\/nakanarach.pl\/index.php\/wp-json\/wp\/v2\/users\/4"}],"replies":[{"embeddable":true,"href":"https:\/\/nakanarach.pl\/index.php\/wp-json\/wp\/v2\/comments?post=9034"}],"version-history":[{"count":1,"href":"https:\/\/nakanarach.pl\/index.php\/wp-json\/wp\/v2\/posts\/9034\/revisions"}],"predecessor-version":[{"id":9035,"href":"https:\/\/nakanarach.pl\/index.php\/wp-json\/wp\/v2\/posts\/9034\/revisions\/9035"}],"wp:featuredmedia":[{"embeddable":true,"href":"https:\/\/nakanarach.pl\/index.php\/wp-json\/wp\/v2\/media\/3702"}],"wp:attachment":[{"href":"https:\/\/nakanarach.pl\/index.php\/wp-json\/wp\/v2\/media?parent=9034"}],"wp:term":[{"taxonomy":"category","embeddable":true,"href":"https:\/\/nakanarach.pl\/index.php\/wp-json\/wp\/v2\/categories?post=9034"},{"taxonomy":"post_tag","embeddable":true,"href":"https:\/\/nakanarach.pl\/index.php\/wp-json\/wp\/v2\/tags?post=9034"}],"curies":[{"name":"wp","href":"https:\/\/api.w.org\/{rel}","templated":true}]}}