{"id":9083,"date":"2024-12-30T12:47:59","date_gmt":"2024-12-30T12:47:59","guid":{"rendered":"https:\/\/nakanarach.pl\/?p=9083"},"modified":"2025-02-03T09:16:39","modified_gmt":"2025-02-03T09:16:39","slug":"ograniczenia-w-wejsciu-na-szczyt","status":"publish","type":"post","link":"https:\/\/nakanarach.pl\/index.php\/2024\/12\/30\/ograniczenia-w-wejsciu-na-szczyt\/","title":{"rendered":"OGRANICZENIA W WEJ\u015aCIU NA SZCZYT"},"content":{"rendered":"\n<p><strong>GRAN CANARIA: Wraz z pocz\u0105tkiem nowego roku na turyst\u00f3w odwiedzaj\u0105cych najpopularniejszy szczyt z charakterystyczn\u0105 maczug\u0105 na Gran Canarii czekaj\u0105 zmiany. W\u0142adze planuj\u0105 zmniejszy\u0107 liczb\u0119 aut w tym naturalnym obszarze oraz promowa\u0107 komunikacj\u0119 miejsk\u0105, a tak\u017ce wydawa\u0107 wej\u015bci\u00f3wki zezwalaj\u0105ce do wst\u0119pu na szlaki. \u00a0<\/strong><\/p>\n\n\n\n<p>Roque Nublo (t\u0142um. z hiszp. Ska\u0142a Mgie\u0142) ma 1813 m n.p.m. To drugi drugi pod wzgl\u0119dem wysoko\u015bci szczyt Gran Canarii, po Pico de Las Nieves (1949 m n.p.m.).<\/p>\n\n\n\n<p>W pobli\u017cu Roque Nublo znajduj\u0105 si\u0119 dwie monolityczne ska\u0142y pochodzenia wulkanicznego, kt\u00f3rych nazwy nadano ze wzgl\u0119du na ich charakterystyczny wygl\u0105d. Pierwsza z nich to La Rana (z hiszpa\u0144skiego &#8222;\u017baba&#8221;) oraz El Fraile (&#8222;Mnich&#8221;). Charakterystyczny obelisk, przypominaj\u0105cy maczug\u0119 ma 80 metr\u00f3w wysoko\u015bci i jest widoczny z wielu zak\u0105tk\u00f3w Gran Canarii. To w\u0142a\u015bnie z tego szczytu mo\u017cna podziwia\u0107 bajeczne zachody s\u0142o\u0144ca oraz zobaczy\u0107 s\u0105siednie wyspy archipelagu kanaryjskiego. \u00a0<\/p>\n\n\n\n<p>W\u0142adze Gran Canarii, za po\u015brednictwem Departamentu \u015arodowiska we wsp\u00f3\u0142pracy z Zak\u0142adami Publicznymi poinformowa\u0142y, \u017ce od 2 stycznia 2025 roku rozpoczn\u0105 si\u0119 prace nad nowym przystankiem autobusowym dla linii autobusowej, kt\u00f3ra u\u0142atwi turystom dost\u0119p do pomnika przyrody Roque Nublo.<\/p>\n\n\n\n<p>W ten spos\u00f3b w\u0142adze wyspy chc\u0105 zwi\u0119kszy\u0107 dost\u0119p do szlaku turystycznego oraz u\u0142atwi\u0107 i promowa\u0107 korzystanie z transportu publicznego, aby unikn\u0105\u0107 nadmiaru samochod\u00f3w na tym naturalnym obszarze oraz poprawi\u0107 bezpiecze\u0144stwo.<\/p>\n\n\n\n<p>Podczas prac parking znajduj\u0105cy si\u0119 przy wej\u015bciu na g\u0142\u00f3wn\u0105 \u015bcie\u017ck\u0119 prowadz\u0105c\u0105 do Roque Nublo, w rejonie Degollada de la Goleta, zostanie wy\u0142\u0105czony z u\u017cytkowania. Tymczasowo b\u0119dzie on jednym z przystank\u00f3w i zarazem parkingiem dla autobus\u00f3w wahad\u0142owych.<\/p>\n\n\n\n<p>Podczas prac tury\u015bci b\u0119d\u0105 mogli parkowa\u0107 na terenie rekreacyjnym Los Llanos de la Pez, kt\u00f3ry jest &nbsp;po\u0142\u0105czony g\u0142\u00f3wnym dost\u0119pem do szczytu sieci\u0105 oznakowanych \u015bcie\u017cek, kt\u00f3re umo\u017cliwiaj\u0105 odwiedzaj\u0105cym dotarcie do celu pieszo r\u00f3\u017cnymi trasami.<\/p>\n\n\n\n<p>Departament Rob\u00f3t Publicznych i Infrastruktury Gran Canarii informuje, \u017ce w czasie modernizacji powstan\u0105 platformy na terenie obecnego parkingu oraz zadaszenie dla przystank\u00f3w autobus\u00f3w wahad\u0142owych, kt\u00f3re dowioz\u0105 turyst\u00f3w do wej\u015bcia na szczyt.<\/p>\n\n\n\n<p>Po zako\u0144czeniu prac drogowych pojawi si\u0119 tu okr\u0119\u017cna trasa autobusowa obs\u0142ugiwana przez wyspiarskiego przewo\u017anika firm\u0119 Global, z przystankami w najwa\u017cniejszych punktach widokowych, np. w urokliwej i ch\u0119tnie odwiedzanej przez t\u0142umy turyst\u00f3w miejscowo\u015bci Tejeda, Cruz de Tejeda, Cruz de los Llanos oraz z parkingami dla go\u015bci przybywaj\u0105cych prywatnymi pojazdami.<\/p>\n\n\n\n<p>Dodatkowo od 2025 roku zostanie wprowadzony system kontroli dost\u0119pu poprzez rezerwacje online, co pozwoli na lepsze zorganizowanie i ograniczenie liczby os\u00f3b wchodz\u0105cych na szlak co godzin\u0119. Nie b\u0119dzie konieczno\u015bci wnoszenia op\u0142aty za wst\u0119p do parku Roque Nublo.<\/p>\n\n\n\n<p>W\u0142adze wyspy t\u0142umacz\u0105, \u017ce zmiany maj\u0105 na celu ochron\u0119 \u015brodowiska naturalnego i unikni\u0119cie nadmiaru turyst\u00f3w w chronionym obszarze przyrodniczym.<\/p>\n\n\n\n<p>Celem modernizacji jest te\u017c zapobieganie blokowaniu drogi przez nielegalne parkowanie na poboczach, gwarantuj\u0105c w razie potrzeby swobodny dost\u0119p s\u0142u\u017cb ratunkowych do obszaru i pozosta\u0142ych u\u017cytkownik\u00f3w tej w\u0105skiej, g\u00f3rskiej drogi.<\/p>\n\n\n\n<p>Foto: grancanaria.com<\/p>\n","protected":false},"excerpt":{"rendered":"<p>GRAN CANARIA: Wraz z pocz\u0105tkiem nowego roku na turyst\u00f3w odwiedzaj\u0105cych najpopularniejszy szczyt z charakterystyczn\u0105 maczug\u0105 na Gran Canarii czekaj\u0105 zmiany. W\u0142adze planuj\u0105 zmniejszy\u0107 liczb\u0119 aut w tym naturalnym obszarze oraz promowa\u0107 komunikacj\u0119 miejsk\u0105, a tak\u017ce wydawa\u0107 wej\u015bci\u00f3wki zezwalaj\u0105ce do wst\u0119pu na szlaki. \u00a0 Roque Nublo (t\u0142um. z hiszp. Ska\u0142a Mgie\u0142) ma 1813 m n.p.m. To [&hellip;]<\/p>\n","protected":false},"author":4,"featured_media":9084,"comment_status":"closed","ping_status":"open","sticky":false,"template":"","format":"standard","meta":{"om_disable_all_campaigns":false,"_monsterinsights_skip_tracking":false,"_monsterinsights_sitenote_active":false,"_monsterinsights_sitenote_note":"","_monsterinsights_sitenote_category":0,"footnotes":""},"categories":[12],"tags":[],"class_list":["post-9083","post","type-post","status-publish","format-standard","has-post-thumbnail","hentry","category-aktualnosci"],"aioseo_notices":[],"blog_post_layout_featured_media_urls":{"thumbnail":["https:\/\/nakanarach.pl\/wp-content\/uploads\/2024\/12\/Roque-Nublo-portal-turyst-grancanaria.jpg",92,92,false],"full":["https:\/\/nakanarach.pl\/wp-content\/uploads\/2024\/12\/Roque-Nublo-portal-turyst-grancanaria.jpg",92,92,false]},"categories_names":{"12":{"name":"Aktualno\u015bci","link":"https:\/\/nakanarach.pl\/index.php\/category\/aktualnosci\/"}},"tags_names":[],"comments_number":"0","wpmagazine_modules_lite_featured_media_urls":{"thumbnail":["https:\/\/nakanarach.pl\/wp-content\/uploads\/2024\/12\/Roque-Nublo-portal-turyst-grancanaria.jpg",92,92,false],"cvmm-medium":["https:\/\/nakanarach.pl\/wp-content\/uploads\/2024\/12\/Roque-Nublo-portal-turyst-grancanaria.jpg",92,92,false],"cvmm-medium-plus":["https:\/\/nakanarach.pl\/wp-content\/uploads\/2024\/12\/Roque-Nublo-portal-turyst-grancanaria.jpg",92,92,false],"cvmm-portrait":["https:\/\/nakanarach.pl\/wp-content\/uploads\/2024\/12\/Roque-Nublo-portal-turyst-grancanaria.jpg",92,92,false],"cvmm-medium-square":["https:\/\/nakanarach.pl\/wp-content\/uploads\/2024\/12\/Roque-Nublo-portal-turyst-grancanaria.jpg",92,92,false],"cvmm-large":["https:\/\/nakanarach.pl\/wp-content\/uploads\/2024\/12\/Roque-Nublo-portal-turyst-grancanaria.jpg",92,92,false],"cvmm-small":["https:\/\/nakanarach.pl\/wp-content\/uploads\/2024\/12\/Roque-Nublo-portal-turyst-grancanaria.jpg",92,92,false],"full":["https:\/\/nakanarach.pl\/wp-content\/uploads\/2024\/12\/Roque-Nublo-portal-turyst-grancanaria.jpg",92,92,false]},"_links":{"self":[{"href":"https:\/\/nakanarach.pl\/index.php\/wp-json\/wp\/v2\/posts\/9083","targetHints":{"allow":["GET"]}}],"collection":[{"href":"https:\/\/nakanarach.pl\/index.php\/wp-json\/wp\/v2\/posts"}],"about":[{"href":"https:\/\/nakanarach.pl\/index.php\/wp-json\/wp\/v2\/types\/post"}],"author":[{"embeddable":true,"href":"https:\/\/nakanarach.pl\/index.php\/wp-json\/wp\/v2\/users\/4"}],"replies":[{"embeddable":true,"href":"https:\/\/nakanarach.pl\/index.php\/wp-json\/wp\/v2\/comments?post=9083"}],"version-history":[{"count":1,"href":"https:\/\/nakanarach.pl\/index.php\/wp-json\/wp\/v2\/posts\/9083\/revisions"}],"predecessor-version":[{"id":9085,"href":"https:\/\/nakanarach.pl\/index.php\/wp-json\/wp\/v2\/posts\/9083\/revisions\/9085"}],"wp:featuredmedia":[{"embeddable":true,"href":"https:\/\/nakanarach.pl\/index.php\/wp-json\/wp\/v2\/media\/9084"}],"wp:attachment":[{"href":"https:\/\/nakanarach.pl\/index.php\/wp-json\/wp\/v2\/media?parent=9083"}],"wp:term":[{"taxonomy":"category","embeddable":true,"href":"https:\/\/nakanarach.pl\/index.php\/wp-json\/wp\/v2\/categories?post=9083"},{"taxonomy":"post_tag","embeddable":true,"href":"https:\/\/nakanarach.pl\/index.php\/wp-json\/wp\/v2\/tags?post=9083"}],"curies":[{"name":"wp","href":"https:\/\/api.w.org\/{rel}","templated":true}]}}