{"id":9094,"date":"2025-01-02T10:30:50","date_gmt":"2025-01-02T10:30:50","guid":{"rendered":"https:\/\/nakanarach.pl\/?p=9094"},"modified":"2025-01-02T10:39:41","modified_gmt":"2025-01-02T10:39:41","slug":"zabojstwo-turysty-w-kurorcie","status":"publish","type":"post","link":"https:\/\/nakanarach.pl\/index.php\/2025\/01\/02\/zabojstwo-turysty-w-kurorcie\/","title":{"rendered":"ZAB\u00d3JSTWO TURYSTY NA WAKACJACH"},"content":{"rendered":"\n<p><strong>FUERTEVENTURA: Mieszka\u0144cy popularnego i stosunkowo spokojnego kurortu Corralejo na Wyspach Kanaryjskich wci\u0105\u017c nie mog\u0105 otrz\u0105sn\u0105\u0107 si\u0119 po tragedii, gdy zamordowano tu du\u0144skiego turyst\u0119. Po kilku dniach Gwardia Cywilna zatrzyma\u0142a kilku sprawc\u00f3w. <\/strong><\/p>\n\n\n\n<p>Corralejo to jedna z najpopularniejszych turystycznych miejscowo\u015bci na kanaryjskiej Fuerteventurze, do kt\u00f3rej ch\u0119tnie podr\u00f3\u017cuj\u0105 te\u017c Polacy. Ale to  w\u0142a\u015bnie dw\u00f3ch turyst\u00f3w sta\u0142o si\u0119 celem ataku przez brutalnych agresor\u00f3w. <\/p>\n\n\n\n<p>\u015aledczy ustalili, \u017ce najpierw dosz\u0142o do k\u0142\u00f3tni, w kt\u00f3rej uczestniczy\u0142o \u0142\u0105cznie sze\u015b\u0107 os\u00f3b (cztery z nich to agresorzy, a dwie to ofiary), co doprowadzi\u0142o do powa\u017cnej ulicznej b\u00f3jki na Avenida del Carmen, w pobli\u017cu popularnych pla\u017c Playa del Medio i Playa de Los Verilitos w Corralejo. <\/p>\n\n\n\n<p>Kiedy funkcjonariusze przybyli na miejsce, osoby bior\u0105ce udzia\u0142 w zdarzeniu je opu\u015bci\u0142y. Agenci postanowili jednak przespacerowa\u0107 si\u0119 ulicami w pobli\u017cu miejsca zdarzenia i zastali na pla\u017cy miejskiej\u00a025-letniego m\u0119\u017cczyzn\u0119 narodowo\u015bci du\u0144skiej,\u00a0kt\u00f3ry odni\u00f3s\u0142 powa\u017cne obra\u017cenia w wyniku pchni\u0119cia no\u017cem. Po przewiezieniu do szpitala poszkodowany zmar\u0142. <\/p>\n\n\n\n<p>Wiadomo te\u017c, \u017ce kolejna\u00a020-letnia ofiara napa\u015bci, r\u00f3wnie\u017c narodowo\u015bci du\u0144skiej, krewna zmar\u0142ego uciek\u0142a, a  p\u00f3\u017aniej zosta\u0142a odnaleziona z mniej powa\u017cnymi obra\u017ceniami zadanymi t\u0119pymi przedmiotami i ciosami  pi\u0119\u015bciami i nogami po ca\u0142ym ciele<\/p>\n\n\n\n<p>Przez kilka kolejnych dni funkcjonariusze zorganizowali ob\u0142aw\u0119 i poszukiwali bandyt\u00f3w, pr\u00f3bowali ich tak\u017ce namierzy\u0107 poprzez logowanie do telefon\u00f3w. Zatrzymani to czterej m\u0119\u017cczy\u017ani\u00a0w wieku od 17 do 31 lat mieszkaj\u0105cy na Fuerteventurze, a jeden z nich by\u0142\u00a0ju\u017c wcze\u015bniej notowany przez policj\u0119\u00a0za przest\u0119pstwa tego samego rodzaju.<\/p>\n\n\n\n<p><a href=\"https:\/\/www.canarias7.es\/sucesos\/detenidas-cuatro-personas-homicidio-tras-reyerta-corralejo-20241230140617-nt.html?ref=https%3A%2F%2Fwww.canarias7.es%2F\">https:\/\/www.canarias7.es\/sucesos\/detenidas-cuatro-personas-homicidio-tras-reyerta-corralejo-20241230140617-nt.html?ref=https%3A%2F%2Fwww.canarias7.es%2F<\/a><\/p>\n\n\n\n<p>Foto: Zdj\u0119cie ilustracyjne Gwardia Cywilna<\/p>\n","protected":false},"excerpt":{"rendered":"<p>FUERTEVENTURA: Mieszka\u0144cy popularnego i stosunkowo spokojnego kurortu Corralejo na Wyspach Kanaryjskich wci\u0105\u017c nie mog\u0105 otrz\u0105sn\u0105\u0107 si\u0119 po tragedii, gdy zamordowano tu du\u0144skiego turyst\u0119. Po kilku dniach Gwardia Cywilna zatrzyma\u0142a kilku sprawc\u00f3w. Corralejo to jedna z najpopularniejszych turystycznych miejscowo\u015bci na kanaryjskiej Fuerteventurze, do kt\u00f3rej ch\u0119tnie podr\u00f3\u017cuj\u0105 te\u017c Polacy. Ale to w\u0142a\u015bnie dw\u00f3ch turyst\u00f3w sta\u0142o si\u0119 celem [&hellip;]<\/p>\n","protected":false},"author":4,"featured_media":2336,"comment_status":"closed","ping_status":"open","sticky":false,"template":"","format":"standard","meta":{"om_disable_all_campaigns":false,"_monsterinsights_skip_tracking":false,"_monsterinsights_sitenote_active":false,"_monsterinsights_sitenote_note":"","_monsterinsights_sitenote_category":0,"footnotes":""},"categories":[12],"tags":[],"class_list":["post-9094","post","type-post","status-publish","format-standard","has-post-thumbnail","hentry","category-aktualnosci"],"aioseo_notices":[],"blog_post_layout_featured_media_urls":{"thumbnail":["https:\/\/nakanarach.pl\/wp-content\/uploads\/2021\/08\/Guardia-Civil-Twitter-150x150.png",150,150,true],"full":["https:\/\/nakanarach.pl\/wp-content\/uploads\/2021\/08\/Guardia-Civil-Twitter.png",602,632,false]},"categories_names":{"12":{"name":"Aktualno\u015bci","link":"https:\/\/nakanarach.pl\/index.php\/category\/aktualnosci\/"}},"tags_names":[],"comments_number":"0","wpmagazine_modules_lite_featured_media_urls":{"thumbnail":["https:\/\/nakanarach.pl\/wp-content\/uploads\/2021\/08\/Guardia-Civil-Twitter-150x150.png",150,150,true],"cvmm-medium":["https:\/\/nakanarach.pl\/wp-content\/uploads\/2021\/08\/Guardia-Civil-Twitter-300x300.png",300,300,true],"cvmm-medium-plus":["https:\/\/nakanarach.pl\/wp-content\/uploads\/2021\/08\/Guardia-Civil-Twitter-305x207.png",305,207,true],"cvmm-portrait":["https:\/\/nakanarach.pl\/wp-content\/uploads\/2021\/08\/Guardia-Civil-Twitter-400x600.png",400,600,true],"cvmm-medium-square":["https:\/\/nakanarach.pl\/wp-content\/uploads\/2021\/08\/Guardia-Civil-Twitter-600x600.png",600,600,true],"cvmm-large":["https:\/\/nakanarach.pl\/wp-content\/uploads\/2021\/08\/Guardia-Civil-Twitter.png",602,632,false],"cvmm-small":["https:\/\/nakanarach.pl\/wp-content\/uploads\/2021\/08\/Guardia-Civil-Twitter-130x95.png",130,95,true],"full":["https:\/\/nakanarach.pl\/wp-content\/uploads\/2021\/08\/Guardia-Civil-Twitter.png",602,632,false]},"_links":{"self":[{"href":"https:\/\/nakanarach.pl\/index.php\/wp-json\/wp\/v2\/posts\/9094","targetHints":{"allow":["GET"]}}],"collection":[{"href":"https:\/\/nakanarach.pl\/index.php\/wp-json\/wp\/v2\/posts"}],"about":[{"href":"https:\/\/nakanarach.pl\/index.php\/wp-json\/wp\/v2\/types\/post"}],"author":[{"embeddable":true,"href":"https:\/\/nakanarach.pl\/index.php\/wp-json\/wp\/v2\/users\/4"}],"replies":[{"embeddable":true,"href":"https:\/\/nakanarach.pl\/index.php\/wp-json\/wp\/v2\/comments?post=9094"}],"version-history":[{"count":4,"href":"https:\/\/nakanarach.pl\/index.php\/wp-json\/wp\/v2\/posts\/9094\/revisions"}],"predecessor-version":[{"id":9101,"href":"https:\/\/nakanarach.pl\/index.php\/wp-json\/wp\/v2\/posts\/9094\/revisions\/9101"}],"wp:featuredmedia":[{"embeddable":true,"href":"https:\/\/nakanarach.pl\/index.php\/wp-json\/wp\/v2\/media\/2336"}],"wp:attachment":[{"href":"https:\/\/nakanarach.pl\/index.php\/wp-json\/wp\/v2\/media?parent=9094"}],"wp:term":[{"taxonomy":"category","embeddable":true,"href":"https:\/\/nakanarach.pl\/index.php\/wp-json\/wp\/v2\/categories?post=9094"},{"taxonomy":"post_tag","embeddable":true,"href":"https:\/\/nakanarach.pl\/index.php\/wp-json\/wp\/v2\/tags?post=9094"}],"curies":[{"name":"wp","href":"https:\/\/api.w.org\/{rel}","templated":true}]}}