{"id":9357,"date":"2026-01-18T07:57:00","date_gmt":"2026-01-18T07:57:00","guid":{"rendered":"https:\/\/nakanarach.pl\/?p=9357"},"modified":"2026-01-19T09:03:22","modified_gmt":"2026-01-19T09:03:22","slug":"najwiekszy-karnawal-w-europie","status":"publish","type":"post","link":"https:\/\/nakanarach.pl\/index.php\/2026\/01\/18\/najwiekszy-karnawal-w-europie\/","title":{"rendered":"NAJWI\u0118KSZY KARNAWA\u0141 W EUROPIE (VIDEO)"},"content":{"rendered":"\n<p><strong>TENERYFA: Powszechnie wiadomo, \u017ce najwi\u0119kszy karnawa\u0142 odbywa si\u0119 co roku w stolicy Brazylii. Tymczasem na kanaryjskiej wyspie Teneryfa trwa najwi\u0119kszy karnawa\u0142 w Europie i drugi co do wielko\u015bci na \u015bwiecie. Te wydarzenia koniecznie trzeba zobaczy\u0107, bo imprezy w r\u00f3\u017cnych gminach zaplanowano na najbli\u017csze dwa miesi\u0105ce. W tym artykule podajemy terminy imprez karnawa\u0142owych na tym rajskim archipelagu. <\/strong><\/p>\n\n\n\n<p>Karnawa\u0142 w Santa Cruz de Tenerife&nbsp;(z hiszp. Carnaval de Santa Cruz de Tenerife) to druga pod wzgl\u0119dem wielko\u015bci i popularno\u015bci taka impreza na \u015bwiecie, kt\u00f3ra co roku przyci\u0105ga prawie 300 tys. os\u00f3b.<\/p>\n\n\n\n<p>Wed\u0142ug legend tradycja urz\u0105dzania zabaw karnawa\u0142owych pojawi\u0142a si\u0119 na Teneryfie prawdopodobnie w XVI wieku z Europy, a dopiero p\u00f3\u017aniej trafi\u0142a do Brazylii, gdzie pocz\u0105tkowo by\u0142 kultywowany w\u015br\u00f3d ni\u017cszych warstw spo\u0142ecznych. Okres wojny domowej i dyktatura pod rz\u0105dami genera\u0142a Francisco&nbsp;Franco w Hiszpanii spowodowa\u0142a chwilowy zakaz urz\u0105dzania karnawa\u0142owych imprez. Ale od 1967 roku karnawa\u0142 wr\u00f3ci\u0142 do kalendarza imprez jako oficjalne \u015bwi\u0119to. Dla wi\u0119kszo\u015bci mieszka\u0144c\u00f3w to jedno z najwa\u017cniejszych wydarze\u0144 w roku. Obowi\u0105zuje tu zasada, \u017ce kobiety przebieraj\u0105 si\u0119 za m\u0119\u017cczyzn i na odwr\u00f3t. Dla dobrej zabawy prawie nikt nie ma z tym problemu.<\/p>\n\n\n\n<p>W stolicy Teneryfy od 16 stycznia 2026 roku odbywaj\u0105 m.in. pokazy taneczne samby, wyst\u0119py zespo\u0142\u00f3w muzycznych, drag queen i kabareciarzy oraz wybory kr\u00f3lowej karnawa\u0142u. Tematem przewodnim s\u0105 \u201eLatynoskie rytmy\u201d. G\u0142\u00f3wna i najbardziej widowiskowa parada odb\u0119dzie si\u0119 tam 17 lutego, a dzie\u0144 p\u00f3\u017aniej groteskowy Pogrzeb Sardynki. <strong>ZOBACZ VIDEO:<\/strong><\/p>\n\n\n\n<p><a href=\"https:\/\/www.facebook.com\/reel\/1627869728387413\">https:\/\/www.facebook.com\/reel\/1627869728387413<\/a><\/p>\n\n\n\n<p>Karnawa\u0142 w Puerto de La Cruz na Teneryfie odb\u0119dzie si\u0119 w dniach 1-28 lutego 2026 r. (20 lutego &#8222;Mascarita Ponte Tac\u00f3n&#8221;, czyli humorystyczny Maraton m\u0119\u017cczyzn w szpilkach, a 21 lutego odb\u0119dzie si\u0119 g\u0142\u00f3wna parada), natomiast imprezy w Los Gigantes rozpoczn\u0105 si\u0119 od 27 lutego.<\/p>\n\n\n\n<p>Z kolei najwi\u0119kszy na s\u0105siedniej Gran Canarii &#8211; w stolicy Las Palmas karnawa\u0142 w stylu kasyn z Las Vegas odb\u0119dzie si\u0119 w terminie od 24 stycznia do 1 marca 2026 r. W programie m.in. wybory Miss Karnawa\u0142u, wyst\u0119py Drag Queen, widowiskowa kawalkada odb\u0119dzie si\u0119 28 lutego, a dzie\u0144 p\u00f3\u017aniej pogrzeb sardynki. Z kolei na po\u0142udniu wyspy, w turystycznym kurorcie Maspalomas mi\u0119dzynarodowy karnawa\u0142 pn. Superwoof (futrzani bohaterowie) zaplanowano w dniach 10-22 marca 2026 r. Parada i kilkadziesi\u0105t platform wyruszy 21 marca.\u00a0<strong>ZOBACZ VIDEO:<\/strong><\/p>\n\n\n\n<figure class=\"wp-block-embed is-type-video is-provider-youtube wp-block-embed-youtube wp-embed-aspect-16-9 wp-has-aspect-ratio\"><div class=\"wp-block-embed__wrapper\">\n<iframe title=\"Parada Karnawa\u0142owa Maspalomas 2022 Gran Canaria\" width=\"640\" height=\"360\" src=\"https:\/\/www.youtube.com\/embed\/9Tsc02sBrm0?feature=oembed\" frameborder=\"0\" allow=\"accelerometer; autoplay; clipboard-write; encrypted-media; gyroscope; picture-in-picture; web-share\" referrerpolicy=\"strict-origin-when-cross-origin\" allowfullscreen><\/iframe>\n<\/div><\/figure>\n\n\n\n<p>Natomiast 22 marca 2026 r. odb\u0119dzie si\u0119 pogrzeb i spalenie kuk\u0142y Sardynki oraz pokaz fajerwerk\u00f3w na pla\u017cy w Playa del Ingles, przy centrum handlowym Anexo II.<\/p>\n\n\n\n<figure class=\"wp-block-image size-large\"><img fetchpriority=\"high\" decoding=\"async\" width=\"1024\" height=\"576\" src=\"http:\/\/nakanarach.pl\/wp-content\/uploads\/2022\/06\/Pogrzeb-Sardynki-Playa-del-Ingles-1024x576.jpg\" alt=\"\" class=\"wp-image-5148\" srcset=\"https:\/\/nakanarach.pl\/wp-content\/uploads\/2022\/06\/Pogrzeb-Sardynki-Playa-del-Ingles-1024x576.jpg 1024w, https:\/\/nakanarach.pl\/wp-content\/uploads\/2022\/06\/Pogrzeb-Sardynki-Playa-del-Ingles-300x169.jpg 300w, https:\/\/nakanarach.pl\/wp-content\/uploads\/2022\/06\/Pogrzeb-Sardynki-Playa-del-Ingles-768x432.jpg 768w, https:\/\/nakanarach.pl\/wp-content\/uploads\/2022\/06\/Pogrzeb-Sardynki-Playa-del-Ingles-1536x864.jpg 1536w, https:\/\/nakanarach.pl\/wp-content\/uploads\/2022\/06\/Pogrzeb-Sardynki-Playa-del-Ingles-2048x1152.jpg 2048w\" sizes=\"(max-width: 1024px) 100vw, 1024px\" \/><\/figure>\n\n\n\n<p><strong>Na Fuerteventurze<\/strong> terminy imprez karnawa\u0142owych s\u0105 nast\u0119puj\u0105ce: Caleta de Fuste (4-14 lutego), Antigua (4-14 lutego) i Puerto del Rosario: 6-22 lutego (widowiskowa parada w\u0142asnor\u0119cznie wykonanych \u0142odzi odb\u0119dzie si\u0119 15 lutego), Corralejo (temat: Ameryka \u0141aci\u0144ska) od 5-15 marca, Morro Jable&nbsp;(temat: \u015aredniowiecze) 14-23 marca.<\/p>\n\n\n\n<p><strong>Na Lanzarote<\/strong> Arrecife: 6-18 lutego; Puerto del Carmen: 19-22 lutego (tematem przewodnim s\u0105 \u201eSzalone lata dwudzieste\u201d); Costa Teguise: 2-15 marca (temat przewodni: \u201eMeksyk &#8211; Pi\u0119kny i dalszy, \u015awi\u0119to Zmar\u0142ych\u201d; Playa Blanca: 12-15 marca. &nbsp;&nbsp;<\/p>\n\n\n\n<p><strong>Na La Palmie <\/strong>odb\u0119dzie si\u0119 w stolicy wyspy Santa Cruz de La Palma wyj\u0105tkowo widowiskowa i jedyna na \u015bwiecie karnawa\u0142owa Fiesta de Los Indianos w dniu 16 marca 2026 r. W tym dniu obowi\u0105zuje dress-code: bia\u0142y str\u00f3j, gdy\u017c uczestnicy zabawy posypuj\u0105 si\u0119 talkiem. Zapocz\u0105tkowane w XIX wieku \u015bwi\u0119to sk\u0142ada ho\u0142d Kanaryjczykom, kt\u00f3rzy wyemigrowali na Kub\u0119 w poszukiwaniu szcz\u0119\u015bcia i wr\u00f3cili z bogactwem. Impreza przyci\u0105ga co roku prawie 60 tys. os\u00f3b i zosta\u0142a wybrana kilka lat temu najlepsz\u0105 imprez\u0105 plenerow\u0105 w Hiszpanii.<\/p>\n\n\n\n<figure class=\"wp-block-image size-full\"><img decoding=\"async\" width=\"600\" height=\"270\" src=\"http:\/\/nakanarach.pl\/wp-content\/uploads\/2022\/07\/Najlepsza-fiesta-La-Palma.jpg\" alt=\"\" class=\"wp-image-5234\" srcset=\"https:\/\/nakanarach.pl\/wp-content\/uploads\/2022\/07\/Najlepsza-fiesta-La-Palma.jpg 600w, https:\/\/nakanarach.pl\/wp-content\/uploads\/2022\/07\/Najlepsza-fiesta-La-Palma-300x135.jpg 300w\" sizes=\"(max-width: 600px) 100vw, 600px\" \/><\/figure>\n\n\n\n<p><strong>La Gomera <\/strong>b\u0119dzie \u015bwi\u0119towa\u0107 karnawa\u0142 w San Sebastian w dniach 27 lutego do 5 marca 2026 r. <\/p>\n\n\n\n<p><strong>El Hierro<\/strong> &#8211; w terminie 1-28 lutego 2026 r. Tematem przewodnim imprez s\u0105 bajki Disney&#8217;a.<\/p>\n\n\n\n<p>Foto i Video: Archiwum NaKanarach.pl, Facebook\/Carnaval de Santa Cruz de Tenerife<\/p>\n","protected":false},"excerpt":{"rendered":"<p>TENERYFA: Powszechnie wiadomo, \u017ce najwi\u0119kszy karnawa\u0142 odbywa si\u0119 co roku w stolicy Brazylii. Tymczasem na kanaryjskiej wyspie Teneryfa trwa najwi\u0119kszy karnawa\u0142 w Europie i drugi co do wielko\u015bci na \u015bwiecie. Te wydarzenia koniecznie trzeba zobaczy\u0107, bo imprezy w r\u00f3\u017cnych gminach zaplanowano na najbli\u017csze dwa miesi\u0105ce. W tym artykule podajemy terminy imprez karnawa\u0142owych na tym rajskim [&hellip;]<\/p>\n","protected":false},"author":4,"featured_media":12860,"comment_status":"closed","ping_status":"open","sticky":false,"template":"","format":"standard","meta":{"om_disable_all_campaigns":false,"_monsterinsights_skip_tracking":false,"_monsterinsights_sitenote_active":false,"_monsterinsights_sitenote_note":"","_monsterinsights_sitenote_category":0,"footnotes":""},"categories":[12,54,21],"tags":[],"class_list":["post-9357","post","type-post","status-publish","format-standard","has-post-thumbnail","hentry","category-aktualnosci","category-imprezy","category-karnawal"],"aioseo_notices":[],"blog_post_layout_featured_media_urls":{"thumbnail":["https:\/\/nakanarach.pl\/wp-content\/uploads\/2026\/01\/Karnawal-2026-Carnaval-de-santa-Cruz-de-Tenerife-150x150.jpg",150,150,true],"full":["https:\/\/nakanarach.pl\/wp-content\/uploads\/2026\/01\/Karnawal-2026-Carnaval-de-santa-Cruz-de-Tenerife.jpg",394,590,false]},"categories_names":{"12":{"name":"Aktualno\u015bci","link":"https:\/\/nakanarach.pl\/index.php\/category\/aktualnosci\/"},"54":{"name":"Imprezy","link":"https:\/\/nakanarach.pl\/index.php\/category\/imprezy\/"},"21":{"name":"Karnawa\u0142","link":"https:\/\/nakanarach.pl\/index.php\/category\/kultura\/karnawal\/"}},"tags_names":[],"comments_number":"0","wpmagazine_modules_lite_featured_media_urls":{"thumbnail":["https:\/\/nakanarach.pl\/wp-content\/uploads\/2026\/01\/Karnawal-2026-Carnaval-de-santa-Cruz-de-Tenerife-150x150.jpg",150,150,true],"cvmm-medium":["https:\/\/nakanarach.pl\/wp-content\/uploads\/2026\/01\/Karnawal-2026-Carnaval-de-santa-Cruz-de-Tenerife-300x300.jpg",300,300,true],"cvmm-medium-plus":["https:\/\/nakanarach.pl\/wp-content\/uploads\/2026\/01\/Karnawal-2026-Carnaval-de-santa-Cruz-de-Tenerife-305x207.jpg",305,207,true],"cvmm-portrait":["https:\/\/nakanarach.pl\/wp-content\/uploads\/2026\/01\/Karnawal-2026-Carnaval-de-santa-Cruz-de-Tenerife.jpg",394,590,false],"cvmm-medium-square":["https:\/\/nakanarach.pl\/wp-content\/uploads\/2026\/01\/Karnawal-2026-Carnaval-de-santa-Cruz-de-Tenerife.jpg",394,590,false],"cvmm-large":["https:\/\/nakanarach.pl\/wp-content\/uploads\/2026\/01\/Karnawal-2026-Carnaval-de-santa-Cruz-de-Tenerife.jpg",394,590,false],"cvmm-small":["https:\/\/nakanarach.pl\/wp-content\/uploads\/2026\/01\/Karnawal-2026-Carnaval-de-santa-Cruz-de-Tenerife-130x95.jpg",130,95,true],"full":["https:\/\/nakanarach.pl\/wp-content\/uploads\/2026\/01\/Karnawal-2026-Carnaval-de-santa-Cruz-de-Tenerife.jpg",394,590,false]},"_links":{"self":[{"href":"https:\/\/nakanarach.pl\/index.php\/wp-json\/wp\/v2\/posts\/9357","targetHints":{"allow":["GET"]}}],"collection":[{"href":"https:\/\/nakanarach.pl\/index.php\/wp-json\/wp\/v2\/posts"}],"about":[{"href":"https:\/\/nakanarach.pl\/index.php\/wp-json\/wp\/v2\/types\/post"}],"author":[{"embeddable":true,"href":"https:\/\/nakanarach.pl\/index.php\/wp-json\/wp\/v2\/users\/4"}],"replies":[{"embeddable":true,"href":"https:\/\/nakanarach.pl\/index.php\/wp-json\/wp\/v2\/comments?post=9357"}],"version-history":[{"count":16,"href":"https:\/\/nakanarach.pl\/index.php\/wp-json\/wp\/v2\/posts\/9357\/revisions"}],"predecessor-version":[{"id":12863,"href":"https:\/\/nakanarach.pl\/index.php\/wp-json\/wp\/v2\/posts\/9357\/revisions\/12863"}],"wp:featuredmedia":[{"embeddable":true,"href":"https:\/\/nakanarach.pl\/index.php\/wp-json\/wp\/v2\/media\/12860"}],"wp:attachment":[{"href":"https:\/\/nakanarach.pl\/index.php\/wp-json\/wp\/v2\/media?parent=9357"}],"wp:term":[{"taxonomy":"category","embeddable":true,"href":"https:\/\/nakanarach.pl\/index.php\/wp-json\/wp\/v2\/categories?post=9357"},{"taxonomy":"post_tag","embeddable":true,"href":"https:\/\/nakanarach.pl\/index.php\/wp-json\/wp\/v2\/tags?post=9357"}],"curies":[{"name":"wp","href":"https:\/\/api.w.org\/{rel}","templated":true}]}}