{"id":9569,"date":"2025-02-25T09:08:18","date_gmt":"2025-02-25T09:08:18","guid":{"rendered":"https:\/\/nakanarach.pl\/?p=9569"},"modified":"2025-02-25T11:13:32","modified_gmt":"2025-02-25T11:13:32","slug":"polacy-zatrzymani-przez-policje","status":"publish","type":"post","link":"https:\/\/nakanarach.pl\/index.php\/2025\/02\/25\/polacy-zatrzymani-przez-policje\/","title":{"rendered":"POLACY ZATRZYMANI PRZEZ POLICJ\u0118"},"content":{"rendered":"\n<p><strong>GRAN CANARIA: Dwoje Polak\u00f3w podejrzanych o powa\u017cne przest\u0119pstwa ukry\u0142o si\u0119 na rajskich Wyspach Kanaryjskich. Jednak s\u0142oneczn\u0105 pogod\u0105 i bajecznymi widokami nie cieszyli si\u0119 zbyt d\u0142ugo. Niedawno wytropi\u0142a ich hiszpa\u0144ska policja krajowa. &nbsp;&nbsp;<\/strong><\/p>\n\n\n\n<p>\u015aledczy ujawnili, \u017ce policyjne dochodzenie na terenie Hiszpanii nie trwa\u0142o d\u0142ugo. Rozpocz\u0119\u0142o si\u0119 11 lutego 2025 roku, po otrzymaniu informacji od grupy tropi\u0105cej zbieg\u00f3w z Generalnego Komisariatu Policji S\u0105dowej. Ju\u017c nast\u0119pnego dnia Polacy byli w r\u0119kach funkcjonariuszy. &nbsp;<\/p>\n\n\n\n<p>Ukrywali si\u0119 w rejonie dzielnicy Marzag\u00e1n w stolicy wyspy Las Palmas de Gran Canaria, gdzie pr\u00f3bowali si\u0119 osiedli\u0107. Szybkie dzia\u0142anie policji uniemo\u017cliwi\u0142o im dalsze ukrywanie si\u0119 przed wymiarem sprawiedliwo\u015bci.<\/p>\n\n\n\n<p>Agenci policji krajowej aresztowali polskie ma\u0142\u017ce\u0144stwo w wieku 44 i 54 lat, za kt\u00f3rym polskie w\u0142adze wyda\u0142y Europejski Nakaz Aresztowania (ENA).<\/p>\n\n\n\n<p>Polacy s\u0105 podejrzani o wiele powa\u017cnych przest\u0119pstw, m.in. oszustwa, nadu\u017cycia finansowe, korupcj\u0119, fa\u0142szowanie dokument\u00f3w administracyjnych, handel fa\u0142szywymi dokumentami i cz\u0142onkostwo w grupie przest\u0119pczej.<\/p>\n\n\n\n<p>Po zako\u0144czeniu policyjnego \u015bledztwa, zatrzymana para zosta\u0142a przekazana do decyzji s\u0105du, aby rozpocz\u0105\u0107 procedur\u0119 przekazania aresztowanych polskim w\u0142adzom, kt\u00f3re wyda\u0142y nakaz aresztowania. Ostatecznie o wydaniu osoby decyduje organ s\u0105dowy pa\u0144stwa, na kt\u00f3rego terytorium dana osoba przebywa.<\/p>\n\n\n\n<p>Europejski Nakaz Aresztowania (ENA) zast\u0119puje skomplikowany system ekstradycji. Wymaga on od ka\u017cdego krajowego organu s\u0105dowego uznawania i wykonywania, przy formalno\u015bciach ograniczonych do minimum i w wyznaczonym terminie, wniosk\u00f3w przekazanych przez organ s\u0105dowy z innego kraju UE.<\/p>\n\n\n\n<p>Fot. Archiwum Policia Nacional<\/p>\n\n\n\n<p><\/p>\n","protected":false},"excerpt":{"rendered":"<p>GRAN CANARIA: Dwoje Polak\u00f3w podejrzanych o powa\u017cne przest\u0119pstwa ukry\u0142o si\u0119 na rajskich Wyspach Kanaryjskich. Jednak s\u0142oneczn\u0105 pogod\u0105 i bajecznymi widokami nie cieszyli si\u0119 zbyt d\u0142ugo. Niedawno wytropi\u0142a ich hiszpa\u0144ska policja krajowa. &nbsp;&nbsp; \u015aledczy ujawnili, \u017ce policyjne dochodzenie na terenie Hiszpanii nie trwa\u0142o d\u0142ugo. Rozpocz\u0119\u0142o si\u0119 11 lutego 2025 roku, po otrzymaniu informacji od grupy tropi\u0105cej [&hellip;]<\/p>\n","protected":false},"author":4,"featured_media":1695,"comment_status":"closed","ping_status":"open","sticky":false,"template":"","format":"standard","meta":{"om_disable_all_campaigns":false,"_monsterinsights_skip_tracking":false,"_monsterinsights_sitenote_active":false,"_monsterinsights_sitenote_note":"","_monsterinsights_sitenote_category":0,"footnotes":""},"categories":[12,78],"tags":[],"class_list":["post-9569","post","type-post","status-publish","format-standard","has-post-thumbnail","hentry","category-aktualnosci","category-interwencje"],"aioseo_notices":[],"blog_post_layout_featured_media_urls":{"thumbnail":["https:\/\/nakanarach.pl\/wp-content\/uploads\/2021\/06\/Policia-Nacional-150x150.jpg",150,150,true],"full":["https:\/\/nakanarach.pl\/wp-content\/uploads\/2021\/06\/Policia-Nacional.jpg",645,359,false]},"categories_names":{"12":{"name":"Aktualno\u015bci","link":"https:\/\/nakanarach.pl\/index.php\/category\/aktualnosci\/"},"78":{"name":"Interwencje","link":"https:\/\/nakanarach.pl\/index.php\/category\/interwencje\/"}},"tags_names":[],"comments_number":"0","wpmagazine_modules_lite_featured_media_urls":{"thumbnail":["https:\/\/nakanarach.pl\/wp-content\/uploads\/2021\/06\/Policia-Nacional-150x150.jpg",150,150,true],"cvmm-medium":["https:\/\/nakanarach.pl\/wp-content\/uploads\/2021\/06\/Policia-Nacional-300x300.jpg",300,300,true],"cvmm-medium-plus":["https:\/\/nakanarach.pl\/wp-content\/uploads\/2021\/06\/Policia-Nacional-305x207.jpg",305,207,true],"cvmm-portrait":["https:\/\/nakanarach.pl\/wp-content\/uploads\/2021\/06\/Policia-Nacional-400x359.jpg",400,359,true],"cvmm-medium-square":["https:\/\/nakanarach.pl\/wp-content\/uploads\/2021\/06\/Policia-Nacional-600x359.jpg",600,359,true],"cvmm-large":["https:\/\/nakanarach.pl\/wp-content\/uploads\/2021\/06\/Policia-Nacional.jpg",645,359,false],"cvmm-small":["https:\/\/nakanarach.pl\/wp-content\/uploads\/2021\/06\/Policia-Nacional-130x95.jpg",130,95,true],"full":["https:\/\/nakanarach.pl\/wp-content\/uploads\/2021\/06\/Policia-Nacional.jpg",645,359,false]},"_links":{"self":[{"href":"https:\/\/nakanarach.pl\/index.php\/wp-json\/wp\/v2\/posts\/9569","targetHints":{"allow":["GET"]}}],"collection":[{"href":"https:\/\/nakanarach.pl\/index.php\/wp-json\/wp\/v2\/posts"}],"about":[{"href":"https:\/\/nakanarach.pl\/index.php\/wp-json\/wp\/v2\/types\/post"}],"author":[{"embeddable":true,"href":"https:\/\/nakanarach.pl\/index.php\/wp-json\/wp\/v2\/users\/4"}],"replies":[{"embeddable":true,"href":"https:\/\/nakanarach.pl\/index.php\/wp-json\/wp\/v2\/comments?post=9569"}],"version-history":[{"count":1,"href":"https:\/\/nakanarach.pl\/index.php\/wp-json\/wp\/v2\/posts\/9569\/revisions"}],"predecessor-version":[{"id":9570,"href":"https:\/\/nakanarach.pl\/index.php\/wp-json\/wp\/v2\/posts\/9569\/revisions\/9570"}],"wp:featuredmedia":[{"embeddable":true,"href":"https:\/\/nakanarach.pl\/index.php\/wp-json\/wp\/v2\/media\/1695"}],"wp:attachment":[{"href":"https:\/\/nakanarach.pl\/index.php\/wp-json\/wp\/v2\/media?parent=9569"}],"wp:term":[{"taxonomy":"category","embeddable":true,"href":"https:\/\/nakanarach.pl\/index.php\/wp-json\/wp\/v2\/categories?post=9569"},{"taxonomy":"post_tag","embeddable":true,"href":"https:\/\/nakanarach.pl\/index.php\/wp-json\/wp\/v2\/tags?post=9569"}],"curies":[{"name":"wp","href":"https:\/\/api.w.org\/{rel}","templated":true}]}}