{"id":9615,"date":"2025-03-05T09:37:31","date_gmt":"2025-03-05T09:37:31","guid":{"rendered":"https:\/\/nakanarach.pl\/?p=9615"},"modified":"2025-03-06T13:08:23","modified_gmt":"2025-03-06T13:08:23","slug":"woda-porwala-samochod-do-oceanu-video","status":"publish","type":"post","link":"https:\/\/nakanarach.pl\/index.php\/2025\/03\/05\/woda-porwala-samochod-do-oceanu-video\/","title":{"rendered":"WODA PORWA\u0141A SAMOCH\u00d3D DO OCEANU (VIDEO)"},"content":{"rendered":"\n<p><strong>GRAN CANARIA: Sporo szk\u00f3d wyrz\u0105dzi\u0142y niespotykane od dawna na tej kanaryjskiej wyspie ulewne opady deszczu, kt\u00f3ry pada tu niezwykle rzadko. Jak ju\u017c informowali\u015bmy wcze\u015bniej, w miniony weekend woda porwa\u0142a kilka samochod\u00f3w zaparkowanych w w\u0105wozach. Na nagraniu video, kt\u00f3re pojawi\u0142o si\u0119 w internecie wida\u0107 jak z kolei silny nurt wepchn\u0105\u0142 jedno z aut a\u017c do Oceanu Atlantyckiego. Na archipelagu trwa wielkie sprz\u0105tanie i szacowanie szk\u00f3d. <\/strong><\/p>\n\n\n\n<p>Na Wyspach Kanaryjskich niemal ka\u017cde opady staj\u0105 si\u0119 sensacj\u0105, bo przy \u015brednio 300 s\u0142onecznych dniach w roku deszcz w kurortach turystycznych nie pada tu czasem przez kilka miesi\u0119cy, a archipelag zmaga si\u0119 od kilku lat z ekstremaln\u0105 susz\u0105 i niedoborem wody, kt\u00f3r\u0105 trzeba tu oszcz\u0119dza\u0107. <\/p>\n\n\n\n<p>Deszcz, kt\u00f3ry spad\u0142 4 marca na Gran Canarii, po raz kolejny uderzy\u0142 w miejscowo\u015b\u0107 Melenara, we wschodniej gminie Telde, kt\u00f3ra w tym tygodniu odnotowa\u0142a a\u017c 31 litr\u00f3w deszczu na metr kwadratowy w ci\u0105gu mniej ni\u017c trzech godzin. To w\u0142a\u015bnie tam rw\u0105ca woda porwa\u0142a zapoarkowany samoch\u00f3d i wepchn\u0119\u0142a pojazd do Oceanu Atlantyckiego. W samochodzie na szcz\u0119\u015bcie nie by\u0142o pasa\u017cer\u00f3w. <\/p>\n\n\n\n<p><strong>ZOBACZ VIDEO: <\/strong><\/p>\n\n\n\n<p><a href=\"https:\/\/www.facebook.com\/share\/r\/1BnLq68kss\">https:\/\/www.facebook.com\/share\/r\/1BnLq68kss<\/a><\/p>\n\n\n\n<p>Wcze\u015bniej po przerwaniu wa\u0142\u00f3w stawu i wylaniu 700 tys. litr\u00f3w w Telde woda porwa\u0142a kilka aut zaparkowanych w w\u0105wozach. <strong>ZOBACZ VIDEO: <\/strong><\/p>\n\n\n\n<p><a href=\"https:\/\/www.facebook.com\/share\/r\/15g1szxqxB\">https:\/\/www.facebook.com\/share\/r\/15g1szxqxB<\/a><\/p>\n\n\n\n<p>Na autostradzie GC1 sp\u0142ywaj\u0105ca woda utworzy\u0142a wodospad i spowodowa\u0142a utrudnienia w ruchu. <\/p>\n\n\n\n<p><strong>ZOBACZ VIDEO: <\/strong><\/p>\n\n\n\n<p><a href=\"https:\/\/www.canarias7.es\/canarias\/gran-canaria\/telde\/goro-rio-acabo-gc1-20250304123206-vi.html\">https:\/\/www.canarias7.es\/canarias\/gran-canaria\/telde\/goro-rio-acabo-gc1-20250304123206-vi.html<\/a><\/p>\n\n\n\n<p>Z powod\u00f3w gwa\u0142townych opad\u00f3w deszczu zamkni\u0119to pla\u017ce w gminie Telde: La Garita, Hoya del Pozo, Playa del Hombre, El Barranquillo, Melenara, Salinetas y Ojos de Garza.<\/p>\n\n\n\n<p>Kolejne najwy\u017csze skumulowane opady deszczu na Gran Canarii odnotowano na jedynym na tej wyspie lotnisku. Stacja Pa\u0144stwowej Agencji Meteorologicznej (Aemet) informuje, \u017ce spad\u0142o tam 13,9 litra na metr kwadratowy, co spowodowa\u0142o utrudnienia operacyjne na pasach startowych, kt\u00f3re by\u0142y zalane przez wod\u0119. Niekt\u00f3re loty przekierowano na s\u0105siedni\u0105 Teneryf\u0119 i Lanzarote. <\/p>\n\n\n\n<p><a href=\"https:\/\/www.facebook.com\/share\/r\/1A3JtMtVWi\">https:\/\/www.facebook.com\/share\/r\/1A3JtMtVWi<\/a><\/p>\n\n\n\n<p>Jednak gwa\u0142towne ulewy przetoczy\u0142y si\u0119 4 marca nad niemal wszystkimi wyspami archipelagu. Pi\u0119\u0107 najwy\u017cszych skumulowanych sum opad\u00f3w odnotowano na La Palmie, El Hierro i Teneryfie.  <\/p>\n\n\n\n<p><a href=\"https:\/\/www.facebook.com\/share\/v\/18nwgBWdBc\">https:\/\/www.facebook.com\/share\/v\/18nwgBWdBc<\/a><\/p>\n\n\n\n<p>Rekordowa ilo\u015b\u0107 deszczu &#8211; 29,8 litra na metr kwadratowy zanotowano na Roque de Los Muchachos na La Palmie. Na Teneryfie w San Andr\u00e9s (Valverde) spad\u0142o 22,8 litra; w San Juan de la Rambla 22,2; w Tacoronte 20,8, a w La Victoria de Acentejo &#8211; 20,4.<\/p>\n\n\n\n<p>Co najmniej 80 os\u00f3b zosta\u0142o uwi\u0119zionych w supermarkecie w Guimar na Teneryfie, po tym jak woda zala\u0142a parking przed wej\u015bciem do sklepu. <\/p>\n\n\n\n<figure class=\"wp-block-image size-full\"><img decoding=\"async\" src=\"https:\/\/nakanarach.pl\/wp-content\/uploads\/2025\/03\/Teneryfa-uwiezieni-w-markecie-RTVC-Canarias.jpg\" alt=\"\" class=\"wp-image-9649\"\/><\/figure>\n\n\n\n<p>Na Wyspach Kanaryjskich trwa usuwanie szk\u00f3d i szacowanie strat po niespotykanych gwa\u0142townych opadach deszczu. <strong>ZOBACZ VIDEO:<\/strong><\/p>\n\n\n\n<p><a href=\"https:\/\/www.facebook.com\/share\/v\/15r8wzKnBU\">https:\/\/www.facebook.com\/share\/v\/15r8wzKnBU<\/a><\/p>\n\n\n\n<figure class=\"wp-block-gallery has-nested-images columns-default is-cropped wp-block-gallery-1 is-layout-flex wp-block-gallery-is-layout-flex\">\n<figure class=\"wp-block-image size-large\"><img decoding=\"async\" data-id=\"9618\" src=\"https:\/\/nakanarach.pl\/wp-content\/uploads\/2025\/03\/Telde-ulewa-1024x1024.jpg\" alt=\"\" class=\"wp-image-9618\"\/><\/figure>\n\n\n\n<figure class=\"wp-block-image size-large\"><img fetchpriority=\"high\" decoding=\"async\" width=\"1024\" height=\"478\" data-id=\"9619\" src=\"https:\/\/nakanarach.pl\/wp-content\/uploads\/2025\/03\/Telde-ulewa2-1024x478.jpg\" alt=\"\" class=\"wp-image-9619\" srcset=\"https:\/\/nakanarach.pl\/wp-content\/uploads\/2025\/03\/Telde-ulewa2-1024x478.jpg 1024w, https:\/\/nakanarach.pl\/wp-content\/uploads\/2025\/03\/Telde-ulewa2-300x140.jpg 300w, https:\/\/nakanarach.pl\/wp-content\/uploads\/2025\/03\/Telde-ulewa2-768x359.jpg 768w, https:\/\/nakanarach.pl\/wp-content\/uploads\/2025\/03\/Telde-ulewa2-1536x717.jpg 1536w, https:\/\/nakanarach.pl\/wp-content\/uploads\/2025\/03\/Telde-ulewa2.jpg 1600w\" sizes=\"(max-width: 1024px) 100vw, 1024px\" \/><\/figure>\n<\/figure>\n\n\n\n<p>Od 5 marca na archipelagu Pa\u0144stwowa Agencja Meteorologiczna Aemet prognozuje jedynie niskie prawdopodobie\u0144stwo lokalnie silnych opad\u00f3w deszczu na wschodnich zboczach centralnych wysp po po\u0142udniu i na Lanzarote pod koniec dnia.<\/p>\n\n\n\n<p>Temperatury maksymalne nieznacznie wzrosn\u0105 z dotychczasowych 16 do nawet ponad 20 stopni Celsjusza w ci\u0105gu dnia. Mo\u017cliwe s\u0105 nadal lekkie przymrozki na szczytach Teneryfy i La Palmy.<\/p>\n\n\n\n<p>Foto: Facebook\/Ayuntamiento de Telde&nbsp;<\/p>\n","protected":false},"excerpt":{"rendered":"<p>GRAN CANARIA: Sporo szk\u00f3d wyrz\u0105dzi\u0142y niespotykane od dawna na tej kanaryjskiej wyspie ulewne opady deszczu, kt\u00f3ry pada tu niezwykle rzadko. Jak ju\u017c informowali\u015bmy wcze\u015bniej, w miniony weekend woda porwa\u0142a kilka samochod\u00f3w zaparkowanych w w\u0105wozach. Na nagraniu video, kt\u00f3re pojawi\u0142o si\u0119 w internecie wida\u0107 jak z kolei silny nurt wepchn\u0105\u0142 jedno z aut a\u017c do Oceanu [&hellip;]<\/p>\n","protected":false},"author":4,"featured_media":9617,"comment_status":"closed","ping_status":"open","sticky":false,"template":"","format":"standard","meta":{"om_disable_all_campaigns":false,"_monsterinsights_skip_tracking":false,"_monsterinsights_sitenote_active":false,"_monsterinsights_sitenote_note":"","_monsterinsights_sitenote_category":0,"footnotes":""},"categories":[12,78],"tags":[],"class_list":["post-9615","post","type-post","status-publish","format-standard","has-post-thumbnail","hentry","category-aktualnosci","category-interwencje"],"aioseo_notices":[],"blog_post_layout_featured_media_urls":{"thumbnail":["https:\/\/nakanarach.pl\/wp-content\/uploads\/2025\/03\/Ulewa-marzec-2025-Ayto-Telde-150x150.jpg",150,150,true],"full":["https:\/\/nakanarach.pl\/wp-content\/uploads\/2025\/03\/Ulewa-marzec-2025-Ayto-Telde.jpg",206,206,false]},"categories_names":{"12":{"name":"Aktualno\u015bci","link":"https:\/\/nakanarach.pl\/index.php\/category\/aktualnosci\/"},"78":{"name":"Interwencje","link":"https:\/\/nakanarach.pl\/index.php\/category\/interwencje\/"}},"tags_names":[],"comments_number":"0","wpmagazine_modules_lite_featured_media_urls":{"thumbnail":["https:\/\/nakanarach.pl\/wp-content\/uploads\/2025\/03\/Ulewa-marzec-2025-Ayto-Telde-150x150.jpg",150,150,true],"cvmm-medium":["https:\/\/nakanarach.pl\/wp-content\/uploads\/2025\/03\/Ulewa-marzec-2025-Ayto-Telde.jpg",206,206,false],"cvmm-medium-plus":["https:\/\/nakanarach.pl\/wp-content\/uploads\/2025\/03\/Ulewa-marzec-2025-Ayto-Telde.jpg",206,206,false],"cvmm-portrait":["https:\/\/nakanarach.pl\/wp-content\/uploads\/2025\/03\/Ulewa-marzec-2025-Ayto-Telde.jpg",206,206,false],"cvmm-medium-square":["https:\/\/nakanarach.pl\/wp-content\/uploads\/2025\/03\/Ulewa-marzec-2025-Ayto-Telde.jpg",206,206,false],"cvmm-large":["https:\/\/nakanarach.pl\/wp-content\/uploads\/2025\/03\/Ulewa-marzec-2025-Ayto-Telde.jpg",206,206,false],"cvmm-small":["https:\/\/nakanarach.pl\/wp-content\/uploads\/2025\/03\/Ulewa-marzec-2025-Ayto-Telde-130x95.jpg",130,95,true],"full":["https:\/\/nakanarach.pl\/wp-content\/uploads\/2025\/03\/Ulewa-marzec-2025-Ayto-Telde.jpg",206,206,false]},"_links":{"self":[{"href":"https:\/\/nakanarach.pl\/index.php\/wp-json\/wp\/v2\/posts\/9615","targetHints":{"allow":["GET"]}}],"collection":[{"href":"https:\/\/nakanarach.pl\/index.php\/wp-json\/wp\/v2\/posts"}],"about":[{"href":"https:\/\/nakanarach.pl\/index.php\/wp-json\/wp\/v2\/types\/post"}],"author":[{"embeddable":true,"href":"https:\/\/nakanarach.pl\/index.php\/wp-json\/wp\/v2\/users\/4"}],"replies":[{"embeddable":true,"href":"https:\/\/nakanarach.pl\/index.php\/wp-json\/wp\/v2\/comments?post=9615"}],"version-history":[{"count":5,"href":"https:\/\/nakanarach.pl\/index.php\/wp-json\/wp\/v2\/posts\/9615\/revisions"}],"predecessor-version":[{"id":9650,"href":"https:\/\/nakanarach.pl\/index.php\/wp-json\/wp\/v2\/posts\/9615\/revisions\/9650"}],"wp:featuredmedia":[{"embeddable":true,"href":"https:\/\/nakanarach.pl\/index.php\/wp-json\/wp\/v2\/media\/9617"}],"wp:attachment":[{"href":"https:\/\/nakanarach.pl\/index.php\/wp-json\/wp\/v2\/media?parent=9615"}],"wp:term":[{"taxonomy":"category","embeddable":true,"href":"https:\/\/nakanarach.pl\/index.php\/wp-json\/wp\/v2\/categories?post=9615"},{"taxonomy":"post_tag","embeddable":true,"href":"https:\/\/nakanarach.pl\/index.php\/wp-json\/wp\/v2\/tags?post=9615"}],"curies":[{"name":"wp","href":"https:\/\/api.w.org\/{rel}","templated":true}]}}