{"id":9814,"date":"2025-03-25T07:08:57","date_gmt":"2025-03-25T07:08:57","guid":{"rendered":"https:\/\/nakanarach.pl\/?p=9814"},"modified":"2025-03-25T07:19:12","modified_gmt":"2025-03-25T07:19:12","slug":"pozew-dla-linii-lotniczej","status":"publish","type":"post","link":"https:\/\/nakanarach.pl\/index.php\/2025\/03\/25\/pozew-dla-linii-lotniczej\/","title":{"rendered":"POZEW DLA LINII LOTNICZEJ"},"content":{"rendered":"\n<p><strong>GRAN CANARIA\/NIEMCY: Irlandzka linia lotnicza zosta\u0142a pozwana przez pasa\u017cerk\u0119 za dyskryminacj\u0119. <\/strong><\/p>\n\n\n\n<p>Jak pisze brytyjski portal Canarian Weekly niebinarna pasa\u017cerka pozwa\u0142a linie lotnicze Ryanair o odszkodowanie w wysoko\u015bci 4500 euro (prawie 20 tys. z\u0142), zarzucaj\u0105c dyskryminacj\u0119 po tym, jak nie mog\u0142a wybra\u0107 neutralnego p\u0142ciowo tytu\u0142u podczas rezerwacji lotu.<\/p>\n\n\n\n<p>Sprawa ma zosta\u0107 rozpatrzona przez S\u0105d Krajowy w Berlinie. Ten wyrok  mo\u017ce mie\u0107 daleko id\u0105ce konsekwencje dla sposobu, w jaki linie lotnicze obs\u0142uguj\u0105 to\u017csamo\u015b\u0107 p\u0142ciow\u0105 na swoich platformach rezerwacyjnych.<\/p>\n\n\n\n<p>Do tej sytuacji dosz\u0142o w pa\u017adzierniku 2021 r., kiedy to pasa\u017cer pr\u00f3bowa\u0142 zarezerwowa\u0107 lot powrotny z Berlina na Gran Canari\u0119 za po\u015brednictwem strony internetowej Ryanair. Podczas procesu rezerwacji okaza\u0142o si\u0119, \u017ce system oferuje tylko trzy opcje tytu\u0142\u00f3w p\u0142ciowych w j\u0119zyku niemieckim: Herr (Pan), Frau (Pani) i Fr\u00e4ulein (Panna). \u017baden neutralny tytu\u0142 nie by\u0142 dost\u0119pny i nie jest jasne, czy rezerwacja zosta\u0142a zako\u0144czona.<\/p>\n\n\n\n<p>Portal pisze, \u017ce Ryanair odm\u00f3wi\u0142 rozwi\u0105zania sprawy polubownie poza s\u0105dem, dlatego pasa\u017cerka podj\u0119\u0142a kroki prawne, domagaj\u0105c si\u0119 nie tylko rekompensaty finansowej za cierpienie emocjonalne, ale tak\u017ce zmiany systemu rezerwacji Ryanair w celu uwzgl\u0119dnienia opcji neutralnej p\u0142ciowo.<\/p>\n\n\n\n<p>Ju\u017c w 2019 r. Zrzeszenie Mi\u0119dzynarodowego Transportu Lotniczego (IATA) wyda\u0142o wytyczne maj\u0105ce pom\u00f3c liniom lotniczym we wdra\u017caniu niebinarnych oznacze\u0144 p\u0142ci w ich systemach. W tym samym roku United Airlines sta\u0142y si\u0119 pierwszym ameryka\u0144skim przewo\u017anikiem, kt\u00f3ry umo\u017cliwi\u0142 pasa\u017cerom wyb\u00f3r niebinarnych opcji p\u0142ci podczas rezerwacji lot\u00f3w, oferuj\u0105c oznaczenia takie jak \u201eX\u201d dla nieokre\u015blonych lub \u201eU\u201d dla nieujawnionych, obok neutralnych p\u0142ciowo tytu\u0142\u00f3w, takich jak \u201eMx\u201d.<\/p>\n\n\n\n<p>Zako\u0144czenie sprawy przed s\u0105dem w Berlinie i ewentualne pozytywne rozstrzygni\u0119cie na korzy\u015b\u0107 pasa\u017cera mo\u017ce wywrze\u0107 presj\u0119 na inne linie lotnicze dzia\u0142aj\u0105ce w ca\u0142ej Europie, zw\u0142aszcza te posiadaj\u0105ce mi\u0119dzynarodowe platformy, aby ponownie oceni\u0142y swoj\u0105 infrastruktur\u0119 cyfrow\u0105 i polityk\u0119 rezerwacji, aby lepiej dostosowa\u0107 si\u0119 do pasa\u017cer\u00f3w niebinarnych i zr\u00f3\u017cnicowanych pod wzgl\u0119dem p\u0142ci. <\/p>\n\n\n\n<p>Portal Canarian Weekly poinformowa\u0142, \u017ce irlandzki niskokosztowy przewo\u017anik nie wyda\u0142 jeszcze publicznego komentarza w sprawie pozwu.<\/p>\n\n\n\n<p>Foto: Archiwum NaKanarach.pl<\/p>\n","protected":false},"excerpt":{"rendered":"<p>GRAN CANARIA\/NIEMCY: Irlandzka linia lotnicza zosta\u0142a pozwana przez pasa\u017cerk\u0119 za dyskryminacj\u0119. Jak pisze brytyjski portal Canarian Weekly niebinarna pasa\u017cerka pozwa\u0142a linie lotnicze Ryanair o odszkodowanie w wysoko\u015bci 4500 euro (prawie 20 tys. z\u0142), zarzucaj\u0105c dyskryminacj\u0119 po tym, jak nie mog\u0142a wybra\u0107 neutralnego p\u0142ciowo tytu\u0142u podczas rezerwacji lotu. Sprawa ma zosta\u0107 rozpatrzona przez S\u0105d Krajowy w [&hellip;]<\/p>\n","protected":false},"author":4,"featured_media":9815,"comment_status":"closed","ping_status":"open","sticky":false,"template":"","format":"standard","meta":{"om_disable_all_campaigns":false,"_monsterinsights_skip_tracking":false,"_monsterinsights_sitenote_active":false,"_monsterinsights_sitenote_note":"","_monsterinsights_sitenote_category":0,"footnotes":""},"categories":[12,77],"tags":[],"class_list":["post-9814","post","type-post","status-publish","format-standard","has-post-thumbnail","hentry","category-aktualnosci","category-samoloty"],"aioseo_notices":[],"blog_post_layout_featured_media_urls":{"thumbnail":["https:\/\/nakanarach.pl\/wp-content\/uploads\/2025\/03\/lotnisko-ryanair_optimized-150x150.jpg",150,150,true],"full":["https:\/\/nakanarach.pl\/wp-content\/uploads\/2025\/03\/lotnisko-ryanair_optimized-scaled.jpg",2560,1441,false]},"categories_names":{"12":{"name":"Aktualno\u015bci","link":"https:\/\/nakanarach.pl\/index.php\/category\/aktualnosci\/"},"77":{"name":"Samoloty","link":"https:\/\/nakanarach.pl\/index.php\/category\/samoloty\/"}},"tags_names":[],"comments_number":"0","wpmagazine_modules_lite_featured_media_urls":{"thumbnail":["https:\/\/nakanarach.pl\/wp-content\/uploads\/2025\/03\/lotnisko-ryanair_optimized-150x150.jpg",150,150,true],"cvmm-medium":["https:\/\/nakanarach.pl\/wp-content\/uploads\/2025\/03\/lotnisko-ryanair_optimized-300x300.jpg",300,300,true],"cvmm-medium-plus":["https:\/\/nakanarach.pl\/wp-content\/uploads\/2025\/03\/lotnisko-ryanair_optimized-305x207.jpg",305,207,true],"cvmm-portrait":["https:\/\/nakanarach.pl\/wp-content\/uploads\/2025\/03\/lotnisko-ryanair_optimized-400x600.jpg",400,600,true],"cvmm-medium-square":["https:\/\/nakanarach.pl\/wp-content\/uploads\/2025\/03\/lotnisko-ryanair_optimized-600x600.jpg",600,600,true],"cvmm-large":["https:\/\/nakanarach.pl\/wp-content\/uploads\/2025\/03\/lotnisko-ryanair_optimized-1024x1024.jpg",1024,1024,true],"cvmm-small":["https:\/\/nakanarach.pl\/wp-content\/uploads\/2025\/03\/lotnisko-ryanair_optimized-130x95.jpg",130,95,true],"full":["https:\/\/nakanarach.pl\/wp-content\/uploads\/2025\/03\/lotnisko-ryanair_optimized-scaled.jpg",2560,1441,false]},"_links":{"self":[{"href":"https:\/\/nakanarach.pl\/index.php\/wp-json\/wp\/v2\/posts\/9814","targetHints":{"allow":["GET"]}}],"collection":[{"href":"https:\/\/nakanarach.pl\/index.php\/wp-json\/wp\/v2\/posts"}],"about":[{"href":"https:\/\/nakanarach.pl\/index.php\/wp-json\/wp\/v2\/types\/post"}],"author":[{"embeddable":true,"href":"https:\/\/nakanarach.pl\/index.php\/wp-json\/wp\/v2\/users\/4"}],"replies":[{"embeddable":true,"href":"https:\/\/nakanarach.pl\/index.php\/wp-json\/wp\/v2\/comments?post=9814"}],"version-history":[{"count":1,"href":"https:\/\/nakanarach.pl\/index.php\/wp-json\/wp\/v2\/posts\/9814\/revisions"}],"predecessor-version":[{"id":9816,"href":"https:\/\/nakanarach.pl\/index.php\/wp-json\/wp\/v2\/posts\/9814\/revisions\/9816"}],"wp:featuredmedia":[{"embeddable":true,"href":"https:\/\/nakanarach.pl\/index.php\/wp-json\/wp\/v2\/media\/9815"}],"wp:attachment":[{"href":"https:\/\/nakanarach.pl\/index.php\/wp-json\/wp\/v2\/media?parent=9814"}],"wp:term":[{"taxonomy":"category","embeddable":true,"href":"https:\/\/nakanarach.pl\/index.php\/wp-json\/wp\/v2\/categories?post=9814"},{"taxonomy":"post_tag","embeddable":true,"href":"https:\/\/nakanarach.pl\/index.php\/wp-json\/wp\/v2\/tags?post=9814"}],"curies":[{"name":"wp","href":"https:\/\/api.w.org\/{rel}","templated":true}]}}