{"id":9902,"date":"2025-04-03T20:51:00","date_gmt":"2025-04-03T19:51:00","guid":{"rendered":"https:\/\/nakanarach.pl\/?p=9902"},"modified":"2025-04-04T09:28:55","modified_gmt":"2025-04-04T08:28:55","slug":"wichura-uszkodzila-maszt","status":"publish","type":"post","link":"https:\/\/nakanarach.pl\/index.php\/2025\/04\/03\/wichura-uszkodzila-maszt\/","title":{"rendered":"WICHURA USZKODZI\u0141A MASZT"},"content":{"rendered":"\n<p><strong>WYSPY KANARYJSKIE: Burza Nuria z silnym, porywistym wiatrem i ulewnym deszczem przesz\u0142a przez ten rajski archipelag. Odwo\u0142ano zaj\u0119cia w szko\u0142ach. Wichura uszkodzi\u0142a te\u017c m.in. maszt do przesy\u0142u pr\u0105du i zerwa\u0142a linie energetyczne, przewraca\u0142a drzewa oraz odwo\u0142ano lub przekierowano loty. Dwie osoby zosta\u0142 ranne. <\/strong><\/p>\n\n\n\n<p>Najsilniejsza burza by\u0142a w niekt\u00f3rych cz\u0119\u015bciach Teneryfy i na kilku zachodnich wyspach oraz na Gran Canarii, gdzie Pa\u0144stwowa Agencja Meteorologiczna (AEMET) zanotowa\u0142a pr\u0119dko\u015b\u0107 wiatru &#8211; 124 km\/h w Parku Narodowym Teide, 119 km\/h w Vallehermoso (La Gomera) i przekroczy\u0142a 100 km\/h w kilku innych lokalizacjach, w tym na El Hierro i La Palma.<\/p>\n\n\n\n<p>Huraganowe wiatry i ulewne deszcze  doprowadzi\u0142y do problem\u00f3w lotniczych. Wed\u0142ug sp\u00f3\u0142ki Aena, zarz\u0105dzaj\u0105cej wszystkimi hiszpa\u0144skimi lotniskami 45 lot\u00f3w zosta\u0142o odwo\u0142anych, a trzy przekierowane z powodu niekorzystnej pogody. Na lotnisku La Palma odnotowano porywy wiatru do 84 km\/h i odwo\u0142ano 36 lot\u00f3w, na El Hierro odwo\u0142a\u0142o siedem lot\u00f3w, a na La Gomerze dwa. Dwa loty przekierowano na Fuerteventur\u0119 i jeden na Teneryf\u0119.<\/p>\n\n\n\n<p>Stra\u017cacy interweniowali ponad 300 razy. Na drogi spada\u0142y kamienie skalne, przewraca\u0142y si\u0119 znaki i ga\u0142\u0119zie drzew. <\/p>\n\n\n\n<figure class=\"wp-block-gallery has-nested-images columns-default is-cropped wp-block-gallery-1 is-layout-flex wp-block-gallery-is-layout-flex\">\n<figure class=\"wp-block-image size-large\"><img decoding=\"async\" data-id=\"9905\" src=\"https:\/\/nakanarach.pl\/wp-content\/uploads\/2025\/04\/Wichura-1-Bomberos-La-Oliva.jpg\" alt=\"\" class=\"wp-image-9905\"\/><figcaption class=\"wp-element-caption\"><em><strong>Foto: Facebook\/Bomberos La Oliva<\/strong><\/em><\/figcaption><\/figure>\n\n\n\n<figure class=\"wp-block-image size-large\"><img fetchpriority=\"high\" decoding=\"async\" width=\"540\" height=\"960\" data-id=\"9907\" src=\"https:\/\/nakanarach.pl\/wp-content\/uploads\/2025\/04\/Wichura-2-Bomberos-La-Oliva.jpg\" alt=\"\" class=\"wp-image-9907\" srcset=\"https:\/\/nakanarach.pl\/wp-content\/uploads\/2025\/04\/Wichura-2-Bomberos-La-Oliva.jpg 540w, https:\/\/nakanarach.pl\/wp-content\/uploads\/2025\/04\/Wichura-2-Bomberos-La-Oliva-169x300.jpg 169w\" sizes=\"(max-width: 540px) 100vw, 540px\" \/><figcaption class=\"wp-element-caption\"><em><strong>Foto: Facebook\/Bomberos La Oliva<\/strong><\/em><\/figcaption><\/figure>\n\n\n\n<figure class=\"wp-block-image size-large\"><img decoding=\"async\" width=\"540\" height=\"960\" data-id=\"9906\" src=\"https:\/\/nakanarach.pl\/wp-content\/uploads\/2025\/04\/Wichura-3-Bomberos-La-Oliva.jpg\" alt=\"\" class=\"wp-image-9906\" srcset=\"https:\/\/nakanarach.pl\/wp-content\/uploads\/2025\/04\/Wichura-3-Bomberos-La-Oliva.jpg 540w, https:\/\/nakanarach.pl\/wp-content\/uploads\/2025\/04\/Wichura-3-Bomberos-La-Oliva-169x300.jpg 169w\" sizes=\"(max-width: 540px) 100vw, 540px\" \/><figcaption class=\"wp-element-caption\"><em><strong>Foto: Facebook\/Bomberos La Oliva<\/strong><\/em><\/figcaption><\/figure>\n<\/figure>\n\n\n\n<p>Zablokowane by\u0142y te\u017c niekt\u00f3re drogi i pojawi\u0142y si\u0119 przerwy w dostawie pr\u0105du. Na La Palmie nie by\u0142o pr\u0105du w rejonie Fuencaliente i okolicach u 3 tys. odbiorc\u00f3w. <\/p>\n\n\n\n<figure class=\"wp-block-gallery has-nested-images columns-default is-cropped wp-block-gallery-2 is-layout-flex wp-block-gallery-is-layout-flex\">\n<figure class=\"wp-block-image size-large\"><img decoding=\"async\" data-id=\"9903\" src=\"https:\/\/nakanarach.pl\/wp-content\/uploads\/2025\/04\/WIchura-Bomberos-La-Palma-1024x705.jpg\" alt=\"\" class=\"wp-image-9903\"\/><figcaption class=\"wp-element-caption\"><strong><em>Facebook\/Bomberos La Palma<\/em><\/strong><\/figcaption><\/figure>\n\n\n\n<figure class=\"wp-block-image size-large\"><img decoding=\"async\" width=\"1024\" height=\"802\" data-id=\"9904\" src=\"https:\/\/nakanarach.pl\/wp-content\/uploads\/2025\/04\/Wichura-la-Palma-FB-Bomberos-de-la-Palma-1-1024x802.jpg\" alt=\"\" class=\"wp-image-9904\" srcset=\"https:\/\/nakanarach.pl\/wp-content\/uploads\/2025\/04\/Wichura-la-Palma-FB-Bomberos-de-la-Palma-1-1024x802.jpg 1024w, https:\/\/nakanarach.pl\/wp-content\/uploads\/2025\/04\/Wichura-la-Palma-FB-Bomberos-de-la-Palma-1-300x235.jpg 300w, https:\/\/nakanarach.pl\/wp-content\/uploads\/2025\/04\/Wichura-la-Palma-FB-Bomberos-de-la-Palma-1-768x602.jpg 768w, https:\/\/nakanarach.pl\/wp-content\/uploads\/2025\/04\/Wichura-la-Palma-FB-Bomberos-de-la-Palma-1.jpg 1303w\" sizes=\"(max-width: 1024px) 100vw, 1024px\" \/><figcaption class=\"wp-element-caption\"><strong><em>Facebook\/Bomberos La Palma<\/em><\/strong><\/figcaption><\/figure>\n<\/figure>\n\n\n\n<p>Wichura przewr\u00f3ci\u0142a s\u0142up energetyczny w G\u00e1ldar na Gran Canarii. Wed\u0142ug pomiar\u00f3w w tym miejscu pr\u0119dko\u015b\u0107 wiatru osi\u0105ga\u0142a nawet 73 km\/h. ZOBACZ VIDEO: <\/p>\n\n\n\n<p><a href=\"https:\/\/www.instagram.com\/articulo14_es\/reel\/DH_MACeqqva\">https:\/\/www.instagram.com\/articulo14_es\/reel\/DH_MACeqqva<\/a><\/p>\n\n\n\n<p>Podczas burzy dwie osoby zosta\u0142y ranne. 72-letni m\u0119\u017cczyzna w Puerto de la Cruz dozna\u0142 urazu nogi po uderzeniu blach\u0105, a w Agaete na Gran Canarii wiatr przez spadaj\u0105ce ga\u0142\u0119zie rozbi\u0142 szk\u0142o w wiacie przystanku autobusowego i rani\u0142 oczekuj\u0105cego na autobus pasa\u017cera. <\/p>\n\n\n\n<p>Nuria przynios\u0142a te\u017c ulewne deszcze, g\u0142\u00f3wnie na zachodnich wyspach. Najwy\u017csze odnotowano w Cruz de Tea, w gminie Granadilla de Abona (Teneryfa), gdzie spad\u0142o 88 litr\u00f3w na metr kwadratowy, w Vilaflor de Chasna &#8211; 60 litr\u00f3w oraz w Roque de los Muchachos (44 litry), na lotnisku La Palma (28 litr\u00f3w) oraz na obszarach El Hierro, Gran Canaria i Teneryfa (22 litry).<\/p>\n\n\n\n<p><a href=\"https:\/\/rtvc.es\/alerta-maxima-viento-canarias-borrasca-nuria-3-de-abril-de-2025\">https:\/\/rtvc.es\/alerta-maxima-viento-canarias-borrasca-nuria-3-de-abril-de-2025<\/a><\/p>\n\n\n\n<p>W Oceanie Atlantyckim fale osi\u0105ga\u0142y do 5 metr\u00f3w wysoko\u015bci. Spowodowa\u0142o to zamkni\u0119cie i ewakuacj\u0119 kilku pla\u017c na Teneryfie, w tym La Nea (El Rosario), El Bollullo (La Orotava) i Las Teresitas w Santa Cruz.<\/p>\n\n\n\n<p>Modele meteorologiczne przewiduj\u0105 na Wyspach Kanaryjskich nadej\u015bcie kolejnych burz w przysz\u0142ym tygodniu. <\/p>\n\n\n\n<p>Foto: Screen-Kadr z Telewizji Canaria, Facebook\/Bomberos La Palma, Bomberos La Oliva, Instagram Articulo14_es<\/p>\n","protected":false},"excerpt":{"rendered":"<p>WYSPY KANARYJSKIE: Burza Nuria z silnym, porywistym wiatrem i ulewnym deszczem przesz\u0142a przez ten rajski archipelag. Odwo\u0142ano zaj\u0119cia w szko\u0142ach. Wichura uszkodzi\u0142a te\u017c m.in. maszt do przesy\u0142u pr\u0105du i zerwa\u0142a linie energetyczne, przewraca\u0142a drzewa oraz odwo\u0142ano lub przekierowano loty. Dwie osoby zosta\u0142 ranne. Najsilniejsza burza by\u0142a w niekt\u00f3rych cz\u0119\u015bciach Teneryfy i na kilku zachodnich wyspach [&hellip;]<\/p>\n","protected":false},"author":4,"featured_media":9908,"comment_status":"closed","ping_status":"open","sticky":false,"template":"","format":"standard","meta":{"om_disable_all_campaigns":false,"_monsterinsights_skip_tracking":false,"_monsterinsights_sitenote_active":false,"_monsterinsights_sitenote_note":"","_monsterinsights_sitenote_category":0,"footnotes":""},"categories":[12,78],"tags":[],"class_list":["post-9902","post","type-post","status-publish","format-standard","has-post-thumbnail","hentry","category-aktualnosci","category-interwencje"],"aioseo_notices":[],"blog_post_layout_featured_media_urls":{"thumbnail":["https:\/\/nakanarach.pl\/wp-content\/uploads\/2025\/04\/Wiatr-Galdar-150x150.jpg",150,150,true],"full":["https:\/\/nakanarach.pl\/wp-content\/uploads\/2025\/04\/Wiatr-Galdar.jpg",1200,675,false]},"categories_names":{"12":{"name":"Aktualno\u015bci","link":"https:\/\/nakanarach.pl\/index.php\/category\/aktualnosci\/"},"78":{"name":"Interwencje","link":"https:\/\/nakanarach.pl\/index.php\/category\/interwencje\/"}},"tags_names":[],"comments_number":"0","wpmagazine_modules_lite_featured_media_urls":{"thumbnail":["https:\/\/nakanarach.pl\/wp-content\/uploads\/2025\/04\/Wiatr-Galdar-150x150.jpg",150,150,true],"cvmm-medium":["https:\/\/nakanarach.pl\/wp-content\/uploads\/2025\/04\/Wiatr-Galdar-300x300.jpg",300,300,true],"cvmm-medium-plus":["https:\/\/nakanarach.pl\/wp-content\/uploads\/2025\/04\/Wiatr-Galdar-305x207.jpg",305,207,true],"cvmm-portrait":["https:\/\/nakanarach.pl\/wp-content\/uploads\/2025\/04\/Wiatr-Galdar-400x600.jpg",400,600,true],"cvmm-medium-square":["https:\/\/nakanarach.pl\/wp-content\/uploads\/2025\/04\/Wiatr-Galdar-600x600.jpg",600,600,true],"cvmm-large":["https:\/\/nakanarach.pl\/wp-content\/uploads\/2025\/04\/Wiatr-Galdar-1024x675.jpg",1024,675,true],"cvmm-small":["https:\/\/nakanarach.pl\/wp-content\/uploads\/2025\/04\/Wiatr-Galdar-130x95.jpg",130,95,true],"full":["https:\/\/nakanarach.pl\/wp-content\/uploads\/2025\/04\/Wiatr-Galdar.jpg",1200,675,false]},"_links":{"self":[{"href":"https:\/\/nakanarach.pl\/index.php\/wp-json\/wp\/v2\/posts\/9902","targetHints":{"allow":["GET"]}}],"collection":[{"href":"https:\/\/nakanarach.pl\/index.php\/wp-json\/wp\/v2\/posts"}],"about":[{"href":"https:\/\/nakanarach.pl\/index.php\/wp-json\/wp\/v2\/types\/post"}],"author":[{"embeddable":true,"href":"https:\/\/nakanarach.pl\/index.php\/wp-json\/wp\/v2\/users\/4"}],"replies":[{"embeddable":true,"href":"https:\/\/nakanarach.pl\/index.php\/wp-json\/wp\/v2\/comments?post=9902"}],"version-history":[{"count":2,"href":"https:\/\/nakanarach.pl\/index.php\/wp-json\/wp\/v2\/posts\/9902\/revisions"}],"predecessor-version":[{"id":9912,"href":"https:\/\/nakanarach.pl\/index.php\/wp-json\/wp\/v2\/posts\/9902\/revisions\/9912"}],"wp:featuredmedia":[{"embeddable":true,"href":"https:\/\/nakanarach.pl\/index.php\/wp-json\/wp\/v2\/media\/9908"}],"wp:attachment":[{"href":"https:\/\/nakanarach.pl\/index.php\/wp-json\/wp\/v2\/media?parent=9902"}],"wp:term":[{"taxonomy":"category","embeddable":true,"href":"https:\/\/nakanarach.pl\/index.php\/wp-json\/wp\/v2\/categories?post=9902"},{"taxonomy":"post_tag","embeddable":true,"href":"https:\/\/nakanarach.pl\/index.php\/wp-json\/wp\/v2\/tags?post=9902"}],"curies":[{"name":"wp","href":"https:\/\/api.w.org\/{rel}","templated":true}]}}